{"id":73394,"date":"2016-01-17T14:41:11","date_gmt":"2016-01-17T13:41:11","guid":{"rendered":"http:\/\/gazdasagportal.hu\/?p=73394"},"modified":"2016-01-17T08:02:04","modified_gmt":"2016-01-17T07:02:04","slug":"februar-1-jeig-lehet-bevallasi-nyilatkozatot-tenni","status":"publish","type":"post","link":"https:\/\/gazdasagportal.hu\/index.php\/februar-1-jeig-lehet-bevallasi-nyilatkozatot-tenni\/","title":{"rendered":"Febru\u00e1r 1-j\u00e9ig lehet bevall\u00e1si nyilatkozatot tenni"},"content":{"rendered":"<p><strong>Febru\u00e1r 1-j\u00e9ig v\u00e1laszthatj\u00e1k a szem\u00e9lyi j\u00f6vedelemad\u00f3 (szja) bevall\u00e1s \u00faj form\u00e1j\u00e1t az erre jogosult mag\u00e1nszem\u00e9lyek, vagyis k\u00e9rhetik, hogy az ad\u00f3hat\u00f3s\u00e1g k\u00e9sz\u00edtse el helyett\u00fck a bevall\u00e1st. Aki nem felel meg a bevall\u00e1si nyilatkozat felt\u00e9teleinek, a t\u00f6bbi, m\u00e1r ismert bevall\u00e1si m\u00f3d valamelyik\u00e9t alkalmazhatja.<\/strong><!--more--><\/p>\n<div class=\"ads-in-post1\"><div id=\"gazdasagportal.hu_fullbanner_wideboard\"><\/div>\r\n<\/div>\n<p>    Az idei \u00e9vt\u0151l egy \u00fajabb lehet\u0151s\u00e9g \u00e1ll a mag\u00e1nszem\u00e9lyek rendelkez\u00e9s\u00e9re az szja bevall\u00e1s\u00e1hoz, k\u00e9rhetik, hogy a Nemzeti Ad\u00f3- \u00e9s V\u00e1mhivatal (NAV) k\u00e9sz\u00edtse el ad\u00f3bevall\u00e1sukat. A bevall\u00e1si nyilatkozatot azok v\u00e1laszthatj\u00e1k, akik 2015-ben kiz\u00e1r\u00f3lag munk\u00e1ltat\u00f3t\u00f3l szereztek j\u00f6vedelmet, nem \u00e9rv\u00e9nyes\u00edtettek kedvezm\u00e9nyt \u00e9s nem is tudnak, nem tesznek \u00f6nk\u00e9ntes k\u00f6lcs\u00f6n\u00f6s biztos\u00edt\u00f3 p\u00e9nzt\u00e1ri, nyugd\u00edj-el\u0151takar\u00e9koss\u00e1gi, valamint nyugd\u00edjbiztos\u00edt\u00e1si nyilatkozatot.<br \/>\n    A bevall\u00e1si nyilatkozat v\u00e1laszt\u00e1sa nagyon egyszer\u0171, a munk\u00e1ltat\u00f3t\u00f3l a tavalyi j\u00f6vedelemr\u0151l kapott nyomtatv\u00e1nyon (15M30), egy &#8222;X&#8221; jel\u00f6l\u00e9ssel lehet felk\u00e9rni az ad\u00f3hat\u00f3s\u00e1got a bevall\u00e1s elk\u00e9sz\u00edt\u00e9s\u00e9re. Ennek hat\u00e1rideje febru\u00e1r 1. Akiknek t\u00f6bb munk\u00e1ltat\u00f3juk van, b\u00e1rmelyikn\u00e9l nyilatkozatot tehetnek, akiknek pedig jelenleg nincs munk\u00e1ltat\u00f3juk, k\u00f6zvetlen\u00fcl a NAV-hoz fordulhatnak (15NY31-es adatlap). A bevall\u00e1si nyilatkozat v\u00e1laszt\u00e1sa eset\u00e9n az ad\u00f3z\u00f3knak nincs egy\u00e9b teend\u0151j\u00fck az szja bevall\u00e1s\u00e1val kapcsolatban, a hivatal a k\u00e9s\u0151bbiekben kiz\u00e1r\u00f3lag azokat keresi meg, akiknek visszaig\u00e9nyelhet\u0151, vagy befizetend\u0151 ad\u00f3juk van.<br \/>\n    Aki nem felel meg ezeknek a felt\u00e9teleknek, de szeretn\u00e9 a NAV k\u00f6zrem\u0171k\u00f6d\u00e9s\u00e9t ig\u00e9nybe venni, id\u00e9n is v\u00e1laszthatja az egyszer\u0171s\u00edtett bevall\u00e1st, amit febru\u00e1r 15-ig lehet k\u00e9rni az ad\u00f3hat\u00f3s\u00e1gt\u00f3l. Ennek l\u00e9nyege, hogy a NAV a rendelkez\u00e9s\u00e9re \u00e1ll\u00f3 adatok alapj\u00e1n elk\u00e9sz\u00edti, \u00e9s elk\u00fcldi az ad\u00f3z\u00f3nak az egyszer\u0171s\u00edtett bevall\u00e1st. Ha az ad\u00f3z\u00f3 egyet\u00e9rt annak tartalm\u00e1val, nem kell semmit tennie, \u00e1ltala beny\u00fajtott bevall\u00e1snak min\u0151s\u00fcl m\u00e1jus 20-\u00e1n. Amennyiben a bevall\u00e1s jav\u00edt\u00e1sra, kieg\u00e9sz\u00edt\u00e9sre szorul, az al\u00e1\u00edrt &#8211; jav\u00edtott adatokkal kieg\u00e9sz\u00edtett &#8211; p\u00e9ld\u00e1nyt m\u00e1jus 20-\u00e1ig vissza kell juttatnia az ad\u00f3hat\u00f3s\u00e1ghoz. Els\u0151sorban az a mag\u00e1nszem\u00e9ly k\u00e9rheti az egyszer\u0171s\u00edtett bevall\u00e1st, akinek 2014-ben olyan ad\u00f3k\u00f6teles j\u00f6vedelme volt, amelyb\u0151l munk\u00e1ltat\u00f3, kifizet\u0151 ad\u00f3t, ad\u00f3el\u0151leget vont le. Az sem kiz\u00e1r\u00f3 ok, ha valaki ingatlan-ad\u00e1sv\u00e9telb\u0151l jutott j\u00f6vedelemhez, egyszer\u0171s\u00edtett foglalkoztat\u00e1sb\u00f3l szerzett bev\u00e9telt, illetve csal\u00e1di kedvezm\u00e9nyt \u00e9rv\u00e9nyes\u00edtett.<br \/>\n    Tov\u00e1bbra is lehet\u0151s\u00e9g van arra is, hogy az ad\u00f3z\u00f3 munk\u00e1ltat\u00f3j\u00e1t\u00f3l k\u00e9rje az ad\u00f3 meg\u00e1llap\u00edt\u00e1s\u00e1t, erre a bevall\u00e1si nyilatkozathoz hasonl\u00f3an febru\u00e1r 1-j\u00e9ig van m\u00f3d. Ezzel a lehet\u0151s\u00e9ggel azok \u00e9lhetnek, akik kiz\u00e1r\u00f3lag egy munkahelyr\u0151l kaptak az elm\u00falt \u00e9vben ad\u00f3k\u00f6teles j\u00f6vedelmet. A munk\u00e1ltat\u00f3 azonban nem k\u00f6teles elk\u00e9sz\u00edteni a bevall\u00e1st.<br \/>\n    Az \u00f6nad\u00f3z\u00f3k id\u00e9n is v\u00e1laszthatj\u00e1k a teljes \u00e9s a cs\u00f6kkentett adattartalm\u00fa bevall\u00e1st, valamint az egyoldalas ad\u00f3nyilatkozatot is, amit s\u00f6ral\u00e1t\u00e9t-bevall\u00e1snak is neveznek, az szja-bevall\u00e1s hat\u00e1rideje m\u00e1jus 20.(MTI)<\/p>\n","protected":false},"excerpt":{"rendered":"<p>Febru\u00e1r 1-j\u00e9ig v\u00e1laszthatj\u00e1k a szem\u00e9lyi j\u00f6vedelemad\u00f3 (szja) bevall\u00e1s \u00faj form\u00e1j\u00e1t az erre jogosult mag\u00e1nszem\u00e9lyek, vagyis k\u00e9rhetik, hogy az ad\u00f3hat\u00f3s\u00e1g k\u00e9sz\u00edtse el helyett\u00fck a bevall\u00e1st. Aki nem felel meg a bevall\u00e1si nyilatkozat felt\u00e9teleinek, a t\u00f6bbi, m\u00e1r ismert bevall\u00e1si m\u00f3d valamelyik\u00e9t alkalmazhatja.<\/p>\n","protected":false},"author":1,"featured_media":0,"comment_status":"open","ping_status":"closed","sticky":false,"template":"","format":"standard","meta":[],"categories":[20,19],"tags":[],"_links":{"self":[{"href":"https:\/\/gazdasagportal.hu\/index.php\/wp-json\/wp\/v2\/posts\/73394"}],"collection":[{"href":"https:\/\/gazdasagportal.hu\/index.php\/wp-json\/wp\/v2\/posts"}],"about":[{"href":"https:\/\/gazdasagportal.hu\/index.php\/wp-json\/wp\/v2\/types\/post"}],"author":[{"embeddable":true,"href":"https:\/\/gazdasagportal.hu\/index.php\/wp-json\/wp\/v2\/users\/1"}],"replies":[{"embeddable":true,"href":"https:\/\/gazdasagportal.hu\/index.php\/wp-json\/wp\/v2\/comments?post=73394"}],"version-history":[{"count":1,"href":"https:\/\/gazdasagportal.hu\/index.php\/wp-json\/wp\/v2\/posts\/73394\/revisions"}],"predecessor-version":[{"id":73395,"href":"https:\/\/gazdasagportal.hu\/index.php\/wp-json\/wp\/v2\/posts\/73394\/revisions\/73395"}],"wp:attachment":[{"href":"https:\/\/gazdasagportal.hu\/index.php\/wp-json\/wp\/v2\/media?parent=73394"}],"wp:term":[{"taxonomy":"category","embeddable":true,"href":"https:\/\/gazdasagportal.hu\/index.php\/wp-json\/wp\/v2\/categories?post=73394"},{"taxonomy":"post_tag","embeddable":true,"href":"https:\/\/gazdasagportal.hu\/index.php\/wp-json\/wp\/v2\/tags?post=73394"}],"curies":[{"name":"wp","href":"https:\/\/api.w.org\/{rel}","templated":true}]}}