{"id":73380,"date":"2016-01-16T15:34:33","date_gmt":"2016-01-16T14:34:33","guid":{"rendered":"http:\/\/gazdasagportal.hu\/?p=73380"},"modified":"2016-01-16T15:34:33","modified_gmt":"2016-01-16T14:34:33","slug":"kover-katasztrofalis-hiba-volt-a-sorkotelezettseg-eltorlese","status":"publish","type":"post","link":"https:\/\/gazdasagportal.hu\/index.php\/kover-katasztrofalis-hiba-volt-a-sorkotelezettseg-eltorlese\/","title":{"rendered":"K\u00f6v\u00e9r: katasztrof\u00e1lis hiba volt a sork\u00f6telezetts\u00e9g elt\u00f6rl\u00e9se"},"content":{"rendered":"<p><strong>K\u00f6v\u00e9r L\u00e1szl\u00f3 katasztrof\u00e1lis hib\u00e1nak tartja a sork\u00f6telezetts\u00e9g magyarorsz\u00e1gi elt\u00f6rl\u00e9s\u00e9t, a vissza\u00e1ll\u00edt\u00e1s\u00e1t azonban v\u00e9lem\u00e9nye szerint jelenleg egy uni\u00f3s tag\u00e1llam nem tudn\u00e1 hat\u00e9konyan megoldani, ahhoz \u00f6sszeur\u00f3pai d\u00f6nt\u00e9sre lenne sz\u00fcks\u00e9g. Az Orsz\u00e1ggy\u0171l\u00e9s eln\u00f6ke az \u00daj N\u00e9plap szombati sz\u00e1m\u00e1ban megjelent interj\u00faban arr\u00f3l is besz\u00e9lt: a Fidesz nagy el\u0151nye, hogy a p\u00e1rt politikai \u00e9rt\u00e9krendje r\u00e9g\u00f3ta egys\u00e9ges, nincsenek t\u00f6r\u00e9svonalak a szervezeten bel\u00fcl.<\/strong><!--more--><\/p>\n<div class=\"ads-in-post1\"><div id=\"gazdasagportal.hu_fullbanner_wideboard\"><\/div>\r\n<\/div>\n<p>    K\u00f6v\u00e9r L\u00e1szl\u00f3 a Tisza-parti v\u00e1rosban tett p\u00e9nteki l\u00e1togat\u00e1s\u00e1n a J\u00e1sz-Nagykun-Szolnok megyei napilapnak adott interj\u00faban elmondta: a sork\u00f6telezetts\u00e9g elt\u00f6rl\u00e9se miatt kialakult helyzet orvosl\u00e1s\u00e1hoz sokkal t\u00f6bb energi\u00e1ra lesz sz\u00fcks\u00e9g, mint amennyit a sork\u00f6telezetts\u00e9g fenntart\u00e1s\u00e1ra kellett volna ford\u00edtani.<br \/>\n    Hozz\u00e1tette: ha ma &#8211; an\u00e9lk\u00fcl, hogy jelent\u0151sen megv\u00e1ltozna a k\u00f6zgondolkod\u00e1s &#8211; vissza akarn\u00e1k \u00e1ll\u00edtani a sorkatonas\u00e1got, az er\u0151s\u00edten\u00e9 a sork\u00f6teles fiatal f\u00e9rfiak elv\u00e1ndorl\u00e1s\u00e1t azokba az orsz\u00e1gokba, ahol ezt m\u00e9g nem tenn\u00e9k meg.<br \/>\n    K\u00f6v\u00e9r szerint vagy \u00f6sszeur\u00f3pai d\u00f6nt\u00e9s \u00e9rtelm\u00e9ben \u00e1ll\u00edtj\u00e1k vissza a sork\u00f6telezetts\u00e9get Eur\u00f3pa nyugati cs\u00fccsk\u00e9t\u0151l a keletiig, vagy sehogy. Sz\u00e1m\u00e1ra egy\u00e9rtelm\u0171 &#8211; mondta -, hogy Eur\u00f3pa \u00e9s Magyarorsz\u00e1g azzal is er\u0151sebb\u00e9 v\u00e1lna, ha ez megt\u00f6rt\u00e9nne. A h\u00e1zeln\u00f6k szerint a terrorizmus \u00e9s az illeg\u00e1lis migr\u00e1ci\u00f3val \u00f6sszef\u00fcgg\u00e9sben terjed\u0151 bizonytalans\u00e1g miatt egy\u00e1ltal\u00e1n nem kiz\u00e1rt, hogy a nem t\u00fal t\u00e1voli j\u00f6v\u0151ben sor ker\u00fcl a sork\u00f6telezetts\u00e9g vissza\u00e1ll\u00edt\u00e1s\u00e1ra.<br \/>\n    A h\u00e1zeln\u00f6k elmondta: Simicsk\u00f3 Istv\u00e1n honv\u00e9delmi miniszter kezdem\u00e9nyez\u00e9s\u00e9re a korm\u00e1nyban jelenleg azon dolgoznak, hogy a hader\u0151re sz\u00e1nt k\u00f6lts\u00e9gvet\u00e9s n\u00f6vel\u00e9s\u00e9vel \u00f6sszhangban &#8211; amit Magyarorsz\u00e1g a NATO-csatlakoz\u00e1sakor v\u00e1llalt &#8211; a honv\u00e9ds\u00e9g l\u00e9tsz\u00e1m\u00e1t is b\u0151v\u00edts\u00e9k. Ez azonban els\u0151sorban az \u00f6nk\u00e9ntes tartal\u00e9kosok sz\u00e1m\u00e1nak n\u00f6vel\u00e9s\u00e9t jelenti &#8211; f\u0171zte hozz\u00e1.<br \/>\n    K\u00f6v\u00e9r L\u00e1szl\u00f3 kit\u00e9rt a belpolitikai er\u0151viszonyokra is. Ezzel kapcsolatban azt mondta, hogy elemz\u0151k szerint mindenki a Jobbikot l\u00e1tja a Fidesz-KDNP egyetlen potenci\u00e1lis kih\u00edv\u00f3j\u00e1nak, de szerinte a baloldalra leadott voksok ar\u00e1nya \u00f6sszess\u00e9g\u00e9ben meghaladhatja a Jobbikra leadottak\u00e9t.<br \/>\n    A h\u00e1zeln\u00f6k szerint semmi jele nincs, de nem kiz\u00e1rhat\u00f3, hogy 2018-ra a baloldal ism\u00e9t &#8222;egys\u00e9gesen \u00f6ssze tud \u00e1llni&#8221;. Kiemelte: nem \u00e9rdemes foglalkozniuk a lehets\u00e9ges riv\u00e1lisaikkal, azzal kell t\u00f6r\u0151dni\u00fck hogy mit tudnak tenni az orsz\u00e1g, az emberek boldogul\u00e1s\u00e1\u00e9rt.<br \/>\n    K\u00f6v\u00e9r L\u00e1szl\u00f3 azt mondta: a Fidesz nagy el\u0151nye, hogy a p\u00e1rt politikai \u00e9rt\u00e9krendje r\u00e9g\u00f3ta egys\u00e9ges, nincsenek t\u00f6r\u00e9svonalak a szervezeten bel\u00fcl. A v\u00e1ltoz\u00e1st a gener\u00e1ci\u00f3v\u00e1lt\u00e1s jelenti a p\u00e1rton bel\u00fcl, mert a fiatal demokrat\u00e1k m\u00e1ra a honi politika &#8222;nagy \u00f6regjeiv\u00e9&#8221; v\u00e1ltak &#8211; fogalmazott. Hangs\u00falyozta: ez a v\u00e1ltoz\u00e1s egy\u00fcttm\u0171k\u00f6d\u00e9s keret\u00e9ben, tervezetten megy v\u00e9gbe, egyre f\u00f6ntebb jutnak a p\u00e1rton bel\u00fcl a fiatalok, p\u00e9ld\u00e1ul Kubatov G\u00e1bor \u00e9s Guly\u00e1s Gergely is tagja a p\u00e1rt eln\u00f6ks\u00e9g\u00e9nek.(MTI)<\/p>\n","protected":false},"excerpt":{"rendered":"<p>K\u00f6v\u00e9r L\u00e1szl\u00f3 katasztrof\u00e1lis hib\u00e1nak tartja a sork\u00f6telezetts\u00e9g magyarorsz\u00e1gi elt\u00f6rl\u00e9s\u00e9t, a vissza\u00e1ll\u00edt\u00e1s\u00e1t azonban v\u00e9lem\u00e9nye szerint jelenleg egy uni\u00f3s tag\u00e1llam nem tudn\u00e1 hat\u00e9konyan megoldani, ahhoz \u00f6sszeur\u00f3pai d\u00f6nt\u00e9sre lenne sz\u00fcks\u00e9g. Az Orsz\u00e1ggy\u0171l\u00e9s eln\u00f6ke az \u00daj N\u00e9plap szombati sz\u00e1m\u00e1ban megjelent interj\u00faban arr\u00f3l is besz\u00e9lt: a Fidesz nagy el\u0151nye, hogy a p\u00e1rt politikai \u00e9rt\u00e9krendje r\u00e9g\u00f3ta egys\u00e9ges, nincsenek t\u00f6r\u00e9svonalak a szervezeten &#8230;<\/p>\n","protected":false},"author":1,"featured_media":0,"comment_status":"open","ping_status":"closed","sticky":false,"template":"","format":"standard","meta":[],"categories":[4],"tags":[],"_links":{"self":[{"href":"https:\/\/gazdasagportal.hu\/index.php\/wp-json\/wp\/v2\/posts\/73380"}],"collection":[{"href":"https:\/\/gazdasagportal.hu\/index.php\/wp-json\/wp\/v2\/posts"}],"about":[{"href":"https:\/\/gazdasagportal.hu\/index.php\/wp-json\/wp\/v2\/types\/post"}],"author":[{"embeddable":true,"href":"https:\/\/gazdasagportal.hu\/index.php\/wp-json\/wp\/v2\/users\/1"}],"replies":[{"embeddable":true,"href":"https:\/\/gazdasagportal.hu\/index.php\/wp-json\/wp\/v2\/comments?post=73380"}],"version-history":[{"count":1,"href":"https:\/\/gazdasagportal.hu\/index.php\/wp-json\/wp\/v2\/posts\/73380\/revisions"}],"predecessor-version":[{"id":73381,"href":"https:\/\/gazdasagportal.hu\/index.php\/wp-json\/wp\/v2\/posts\/73380\/revisions\/73381"}],"wp:attachment":[{"href":"https:\/\/gazdasagportal.hu\/index.php\/wp-json\/wp\/v2\/media?parent=73380"}],"wp:term":[{"taxonomy":"category","embeddable":true,"href":"https:\/\/gazdasagportal.hu\/index.php\/wp-json\/wp\/v2\/categories?post=73380"},{"taxonomy":"post_tag","embeddable":true,"href":"https:\/\/gazdasagportal.hu\/index.php\/wp-json\/wp\/v2\/tags?post=73380"}],"curies":[{"name":"wp","href":"https:\/\/api.w.org\/{rel}","templated":true}]}}