{"id":73376,"date":"2016-01-16T13:58:00","date_gmt":"2016-01-16T12:58:00","guid":{"rendered":"http:\/\/gazdasagportal.hu\/?p=73376"},"modified":"2016-01-16T08:29:21","modified_gmt":"2016-01-16T07:29:21","slug":"leminositette-lengyelorszagot-a-standard-poors","status":"publish","type":"post","link":"https:\/\/gazdasagportal.hu\/index.php\/leminositette-lengyelorszagot-a-standard-poors\/","title":{"rendered":"Lemin\u0151s\u00edtette Lengyelorsz\u00e1got a Standard &#038; Poor&#8217;s"},"content":{"rendered":"<p><strong>Lemin\u0151s\u00edtette Lengyelorsz\u00e1got p\u00e9nteken a Standard &#038; Poor&#8217;s, azzal a v\u00e9lem\u00e9ny\u00e9vel indokolva a d\u00f6nt\u00e9st, hogy az \u00faj lengyel korm\u00e1ny t\u00f6bb int\u00e9zked\u00e9se kulcsfontoss\u00e1g\u00fa int\u00e9zm\u00e9nyek, k\u00f6zt\u00fck mindenekel\u0151tt a jegybank f\u00fcggetlens\u00e9g\u00e9t \u00e9s hat\u00e9konys\u00e1g\u00e1t gyeng\u00edtette. Londoni elemz\u0151k komoly meglepet\u00e9snek nevezt\u00e9k a nemzetk\u00f6zi hitelmin\u0151s\u00edt\u0151 l\u00e9p\u00e9s\u00e9t.<br \/>\n<\/strong><!--more--><\/p>\n<div class=\"ads-in-post1\"><div id=\"gazdasagportal.hu_fullbanner_wideboard\"><\/div>\r\n<\/div>\n    A Standard &#038; Poor&#8217;s p\u00e9ntek este Londonban bejelentette, hogy az eddigi els\u0151rend\u0171 &#8222;A m\u00ednusz&#8221;-r\u00f3l egy fokozattal &#8222;BBB plusz&#8221;-ra rontotta a hossz\u00fa futamidej\u0171 lengyel deviza-\u00e1llamad\u00f3ss\u00e1g besorol\u00e1s\u00e1t. A hossz\u00fa \u00e9s r\u00f6vid lej\u00e1rat\u00fa, zlotyban kibocs\u00e1tott lengyel szuver\u00e9n ad\u00f3ss\u00e1g\u00e1llom\u00e1ny oszt\u00e1lyzat\u00e1t a c\u00e9g szint\u00e9n egy fokozattal &#8222;A m\u00ednusz\/A-2&#8221;-re rontotta az eddigi &#8222;A\/A-1&#8221;-r\u0151l.<br \/>\n    A Standard &#038; Poor&#8217;s az \u00faj &#8211; egy\u00e9bk\u00e9nt tov\u00e1bbra is befektet\u00e9si aj\u00e1nl\u00e1s\u00fa &#8211; oszt\u00e1lyzatokra negat\u00edv kil\u00e1t\u00e1st adott, k\u00f6z\u00f6lve: ez legal\u00e1bb egyharmados es\u00e9lyt jelez arra, hogy a lengyel besorol\u00e1sok a k\u00f6vetkez\u0151 24 h\u00f3napban m\u00e9g tov\u00e1bb romolhatnak, ha a lengyel monet\u00e1ris politika hiteless\u00e9ge megrend\u00fcl, vagy ha a k\u00f6zfinansz\u00edroz\u00e1si rendszer \u00e1llapota a c\u00e9g jelenlegi v\u00e1rakoz\u00e1s\u00e1n\u00e1l nagyobb m\u00e9rt\u00e9kben romlik.<br \/>\n    A lemin\u0151s\u00edt\u00e9s indokl\u00e1s\u00e1ban a hitelmin\u0151s\u00edt\u0151 k\u00f6z\u00f6lte: a d\u00f6nt\u00e9s azt a v\u00e9lem\u00e9ny\u00e9t t\u00fckr\u00f6zi, hogy m\u00e1ris a f\u00e9kek \u00e9s ellens\u00falyok lengyelorsz\u00e1gi int\u00e9zm\u00e9nyrendszer\u00e9nek jelent\u0151s m\u00e9rt\u00e9k\u0171 er\u00f3zi\u00f3ja tapasztalhat\u00f3, mivel a tavaly okt\u00f3beri v\u00e1laszt\u00e1sok \u00f3ta v\u00e9grehajtott t\u00f6rv\u00e9nyhoz\u00e1si int\u00e9zked\u00e9sek gyeng\u00edtett\u00e9k kulcsfontoss\u00e1g\u00fa int\u00e9zm\u00e9nyek, k\u00f6zt\u00fck az alkotm\u00e1nyb\u00edr\u00f3s\u00e1g \u00e9s a k\u00f6zszolg\u00e1lati m\u00e9dia f\u00fcggetlens\u00e9g\u00e9t \u00e9s hat\u00e9konys\u00e1g\u00e1t.<br \/>\n    A Standard &#038; Poor&#8217;s v\u00e9lem\u00e9nye szerint ezek az int\u00e9zked\u00e9sek \u00e1ltal\u00e1noss\u00e1gban is a lengyel int\u00e9zm\u00e9nyrendszer eddigi er\u0151ss\u00e9geinek er\u00f3zi\u00f3j\u00e1t okozz\u00e1k, \u00e9s a szakpolitikai v\u00e1ltoztat\u00e1sok t\u00falmennek azon a m\u00e9rt\u00e9ken, amelyet a hitelmin\u0151s\u00edt\u0151 a v\u00e1laszt\u00e1sok ut\u00e1n val\u00f3sz\u00edn\u0171s\u00edtett.<br \/>\n    A rontott oszt\u00e1lyzatokra \u00e9rv\u00e9nyes negat\u00edv kil\u00e1t\u00e1s az indokl\u00e1s szerint azt jelzi, hogy m\u00e9g tov\u00e1bb gyeng\u00fclhet a kulcsfontoss\u00e1g\u00fa int\u00e9zm\u00e9nyek, k\u00fcl\u00f6n\u00f6sen a lengyel jegybank f\u00fcggetlens\u00e9ge, hiteless\u00e9ge \u00e9s hat\u00e9konys\u00e1ga.<br \/>\n    A Standard &#038; Poor&#8217;s mindemellett m\u00e1r nem sz\u00e1mol a lengyel \u00e1llamh\u00e1ztart\u00e1si m\u00e9r\u0151sz\u00e1mok olyan m\u00e9rt\u00e9k\u0171 javul\u00e1s\u00e1val, ahogy azt kor\u00e1bbi el\u0151rejelz\u00e9seiben val\u00f3sz\u00edn\u0171s\u00edtette.<br \/>\n    A hitelmin\u0151s\u00edt\u0151 szerint \u00fagy t\u0171nik, hogy a bankokra, a biztos\u00edt\u00e1si szektorra \u00e9s a kiskereskedelmi h\u00e1l\u00f3zatokra kivetni tervezett ad\u00f3k a t\u00f6bbs\u00e9gi k\u00fclf\u00f6ldi tulajdon\u00fa v\u00e1llalatokat c\u00e9lozz\u00e1k, \u00e9s ez k\u00e9rd\u00e9ss\u00e9 teszi Lengyelorsz\u00e1g hozz\u00e1\u00e1ll\u00e1s\u00e1t a gazdas\u00e1gi n\u00f6veked\u00e9s hajt\u00f3erej\u00e9t ad\u00f3 k\u00f6zvetlen k\u00fclf\u00f6ldi t\u0151kebefektet\u00e9sekhez.<br \/>\n    A hitelmin\u0151s\u00edt\u0151 az \u00e1ltala kor\u00e1bban v\u00e1rtn\u00e1l magasabb, a hazai \u00f6sszterm\u00e9k (GDP) 3,2 sz\u00e1zal\u00e9k\u00e1nak megfelel\u0151 \u00e1llamh\u00e1ztart\u00e1si hi\u00e1nnyal sz\u00e1mol az id\u00e9n, mivel meg\u00edt\u00e9l\u00e9se szerint az \u00faj lengyel korm\u00e1ny tervezett vagy m\u00e1r bejelentett kiad\u00e1si int\u00e9zked\u00e9seit nem fedezik teljes m\u00e9rt\u00e9kben a bev\u00e9teli oldalon kil\u00e1t\u00e1sba helyezett l\u00e9p\u00e9sek.<br \/>\n    A c\u00e9g v\u00e1rakoz\u00e1sa szerint ugyanakkor a lengyel \u00e1llamad\u00f3ss\u00e1g-r\u00e1ta j\u00f3r\u00e9szt stabil &#8211; 2018-ig 51 sz\u00e1zal\u00e9k k\u00f6r\u00fcli szinten &#8211; marad, \u00e9s tov\u00e1bbra is robusztus lesz a gazdas\u00e1gi n\u00f6veked\u00e9s. A Standard &#038; Poor&#8217;s a 2016-2018-as id\u0151szakra, \u00e9ves \u00e1tlagban 3,3 sz\u00e1zal\u00e9kos n\u00f6veked\u00e9st v\u00e1r a lengyel gazdas\u00e1gban.<br \/>\n    Londoni p\u00e9nz\u00fcgyi elemz\u0151k meglepve fogadt\u00e1k a lengyel \u00e1llamad\u00f3s-oszt\u00e1lyzat lemin\u0151s\u00edt\u00e9s\u00e9t.<br \/>\n    Cristian Maggio, a TD Securities glob\u00e1lis befektet\u00e9si tan\u00e1csad\u00f3 c\u00e9g londoni r\u00e9szleg\u00e9nek felz\u00e1rk\u00f3z\u00f3 piaci kutat\u00e1si igazgat\u00f3ja p\u00e9ntek esti komment\u00e1rj\u00e1ban annak a v\u00e9lem\u00e9ny\u00e9nek adott hangot, hogy a Standard &#038; Poor&#8217;s l\u00e9p\u00e9se sokkhat\u00e1sk\u00e9nt \u00e9ri a piacot, k\u00fcl\u00f6n\u00f6s tekintettel arra, hogy a lengyel szuver\u00e9n ad\u00f3soszt\u00e1lyzatra az S&#038;P eddig pozit\u00edv kil\u00e1t\u00e1st tartott \u00e9rv\u00e9nyben, amely nagyobb es\u00e9lyt jelzett Lengyelorsz\u00e1g j\u00f6v\u0151beni felmin\u0151s\u00edt\u00e9s\u00e9re, mint a lengyel besorol\u00e1sok ront\u00e1s\u00e1ra.<br \/>\n    Maggio szerint a piaci sokkot az is val\u00f3sz\u00edn\u0171s\u00edti, hogy a p\u00e9nteki lemin\u0151s\u00edt\u00e9s k\u00e9t \u00e9vtizednyi pozit\u00edv hitelmin\u0151s\u00edt\u0151i l\u00e9p\u00e9ssorozatnak vet hirtelen v\u00e9get Lengyelorsz\u00e1g eset\u00e9ben. A lengyel szuver\u00e9n besorol\u00e1sok legal\u00e1bb 1995 \u00f3ta vagy javultak, vagy szinten maradtak mindh\u00e1rom nagy nemzetk\u00f6zi hitelmin\u0151s\u00edt\u0151n\u00e9l &#8211; hangs\u00falyozta a TD Securities vezet\u0151 londoni k\u00f6zgazd\u00e1sza.<br \/>\n    Maggio k\u00f6z\u00f6lte: a TD Securities &#8222;egy\u00e1ltal\u00e1n nem \u00e9rt egyet&#8221; a Standard &#038; Poor&#8217;s d\u00f6nt\u00e9s\u00e9vel, mert meg\u00edt\u00e9l\u00e9se szerint a lemin\u0151s\u00edt\u00e9st szinte kiz\u00e1r\u00f3lag politikai okok motiv\u00e1lt\u00e1k. Ez hib\u00e1nak bizonyulhat, ha a lengyel korm\u00e1ny \u00fagy d\u00f6nt, hogy m\u00e9gsem hajtja v\u00e9gre a v\u00e1laszt\u00e1si kamp\u00e1ny idej\u00e9n meg\u00edg\u00e9rt legpopulist\u00e1bb int\u00e9zked\u00e9seket &#8211; fogalmazott a TD Securities londoni igazgat\u00f3ja.<br \/>\n    Simon Quijano-Evans, a Commerzbank londoni befektet\u00e9si r\u00e9szleg\u00e9nek elemz\u0151je is &#8222;nagy meglepet\u00e9snek&#8221; nevezte a Standard &#038; Poor&#8217;s l\u00e9p\u00e9s\u00e9t, szint\u00e9n kiemelve, hogy a lengyel ad\u00f3soszt\u00e1lyzatokra ez a hitelmin\u0151s\u00edt\u0151 eddig pozit\u00edv kil\u00e1t\u00e1st tartott \u00e9rv\u00e9nyben, most pedig a rontott besorol\u00e1sok kil\u00e1t\u00e1sa is negat\u00edv.<br \/>\n    Quijano-Evans szerint az S&#038;P p\u00e9nteki d\u00f6nt\u00e9s\u00e9vel \u00faj korszak kezd\u0151d\u00f6tt a hitelmin\u0151s\u00edt\u00e9sben, amennyiben a min\u0151s\u00edt\u0151 c\u00e9gek a gazdas\u00e1gi alapmutat\u00f3kr\u00f3l egyre ink\u00e1bb a politik\u00e1ra \u00e9s a reformkil\u00e1t\u00e1sokra helyezik \u00e1t figyelm\u00fcket.<br \/>\n    &#8222;Ez nagyon vil\u00e1gos \u00fczenet m\u00e1s szuver\u00e9n ad\u00f3soknak is, arra intve \u0151ket, hogy ne ny\u00faljanak a hossz\u00fa \u00e9vek alatt fel\u00e9p\u00edtett alkotm\u00e1nyos keretekhez, mert ennek lemin\u0151s\u00edt\u00e9s, \u00e9s ebb\u0151l ered\u0151en a finansz\u00edroz\u00e1si k\u00f6lts\u00e9gek emelked\u00e9se lesz a k\u00f6vetkezm\u00e9nye&#8221; &#8211; v\u00e9lekedett p\u00e9ntek esti komment\u00e1rj\u00e1ban a Commerzbank londoni elemz\u0151je.<br \/>\n    A m\u00e1sik k\u00e9t nagy hitelmin\u0151s\u00edt\u0151, a Moody&#8217;s \u00e9s a Fitch Ratings idei fel\u00fclvizsg\u00e1lati menetrendj\u00e9ben is p\u00e9nteken szerepel Lengyelorsz\u00e1g hitmin\u0151s\u00edt\u00e9s\u00e9nek vizsg\u00e1lata.(MTI)<\/p>\n","protected":false},"excerpt":{"rendered":"<p>Lemin\u0151s\u00edtette Lengyelorsz\u00e1got p\u00e9nteken a Standard &#038; Poor&#8217;s, azzal a v\u00e9lem\u00e9ny\u00e9vel indokolva a d\u00f6nt\u00e9st, hogy az \u00faj lengyel korm\u00e1ny t\u00f6bb int\u00e9zked\u00e9se kulcsfontoss\u00e1g\u00fa int\u00e9zm\u00e9nyek, k\u00f6zt\u00fck mindenekel\u0151tt a jegybank f\u00fcggetlens\u00e9g\u00e9t \u00e9s hat\u00e9konys\u00e1g\u00e1t gyeng\u00edtette. Londoni elemz\u0151k komoly meglepet\u00e9snek nevezt\u00e9k a nemzetk\u00f6zi hitelmin\u0151s\u00edt\u0151 l\u00e9p\u00e9s\u00e9t.<\/p>\n","protected":false},"author":1,"featured_media":67758,"comment_status":"open","ping_status":"closed","sticky":false,"template":"","format":"standard","meta":[],"categories":[146,246],"tags":[],"_links":{"self":[{"href":"https:\/\/gazdasagportal.hu\/index.php\/wp-json\/wp\/v2\/posts\/73376"}],"collection":[{"href":"https:\/\/gazdasagportal.hu\/index.php\/wp-json\/wp\/v2\/posts"}],"about":[{"href":"https:\/\/gazdasagportal.hu\/index.php\/wp-json\/wp\/v2\/types\/post"}],"author":[{"embeddable":true,"href":"https:\/\/gazdasagportal.hu\/index.php\/wp-json\/wp\/v2\/users\/1"}],"replies":[{"embeddable":true,"href":"https:\/\/gazdasagportal.hu\/index.php\/wp-json\/wp\/v2\/comments?post=73376"}],"version-history":[{"count":1,"href":"https:\/\/gazdasagportal.hu\/index.php\/wp-json\/wp\/v2\/posts\/73376\/revisions"}],"predecessor-version":[{"id":73377,"href":"https:\/\/gazdasagportal.hu\/index.php\/wp-json\/wp\/v2\/posts\/73376\/revisions\/73377"}],"wp:featuredmedia":[{"embeddable":true,"href":"https:\/\/gazdasagportal.hu\/index.php\/wp-json\/wp\/v2\/media\/67758"}],"wp:attachment":[{"href":"https:\/\/gazdasagportal.hu\/index.php\/wp-json\/wp\/v2\/media?parent=73376"}],"wp:term":[{"taxonomy":"category","embeddable":true,"href":"https:\/\/gazdasagportal.hu\/index.php\/wp-json\/wp\/v2\/categories?post=73376"},{"taxonomy":"post_tag","embeddable":true,"href":"https:\/\/gazdasagportal.hu\/index.php\/wp-json\/wp\/v2\/tags?post=73376"}],"curies":[{"name":"wp","href":"https:\/\/api.w.org\/{rel}","templated":true}]}}