{"id":73372,"date":"2016-01-16T09:31:36","date_gmt":"2016-01-16T08:31:36","guid":{"rendered":"http:\/\/gazdasagportal.hu\/?p=73372"},"modified":"2016-01-16T08:23:02","modified_gmt":"2016-01-16T07:23:02","slug":"tozsde-oriasi-forgalom-mellett-minden-vezeto-reszveny-esett","status":"publish","type":"post","link":"https:\/\/gazdasagportal.hu\/index.php\/tozsde-oriasi-forgalom-mellett-minden-vezeto-reszveny-esett\/","title":{"rendered":"T\u0151zsde &#8211; \u00d3ri\u00e1si forgalom mellett minden vezet\u0151 r\u00e9szv\u00e9ny esett"},"content":{"rendered":"<p><strong>A Budapesti \u00c9rt\u00e9kt\u0151zsde r\u00e9szv\u00e9nyindexe, a BUX 401,39 pontos, 1,65 sz\u00e1zal\u00e9kos cs\u00f6kken\u00e9ssel, 23 882,92 ponton z\u00e1rt p\u00e9nteken.<\/strong><!--more--><\/p>\n<div class=\"ads-in-post1\"><div id=\"gazdasagportal.hu_fullbanner_wideboard\"><\/div>\r\n<\/div>\n<p>    A r\u00e9szv\u00e9nypiac forgalma 18,3 milli\u00e1rd forint volt, a vezet\u0151 r\u00e9szv\u00e9nyek gyeng\u00fcltek az el\u0151z\u0151 napi z\u00e1r\u00e1shoz k\u00e9pest.<br \/>\n    Ballai Zolt\u00e1n, a Raiffeisen Bank \u00fczletk\u00f6t\u0151je szerint &#8222;egyre s\u00f6t\u00e9tebb felh\u0151k gy\u0171lnek a r\u00e9szv\u00e9nypiacok felett&#8221;, b\u00e1rmilyen kontinensr\u0151l legyen sz\u00f3, egyre nagyobb az elad\u00f3i nyom\u00e1s. A negat\u00edv hangulat el\u00e9rte Magyarorsz\u00e1got is. A nap k\u00f6zep\u00e9ig m\u00e9g valamelyest tartotta mag\u00e1t a piac, de a nap v\u00e9g\u00e9re elf\u00e1radt, \u00e9s r\u00e9g\u00f3ta nem l\u00e1tott er\u0151s &#8211; 18 milli\u00e1rd forint feletti &#8211; forgalom mellett az \u00f6sszes vezet\u0151 magyar r\u00e9szv\u00e9ny m\u00ednuszban z\u00e1rt. A negat\u00edv hangulat a k\u00fclf\u00f6ldi indexeknek tudhat\u00f3 be, valamint annak, hogy a Fed kamatemel\u00e9s\u00e9t m\u00e1r nem m\u00e1rciusra, hanem szeptemberre val\u00f3sz\u00edn\u0171s\u00edtik &#8211; mondta az \u00fczletk\u00f6t\u0151.<br \/>\n    Varj\u00fa P\u00e9ter, az Erste Befektet\u00e9si Zrt. igazgat\u00f3ja az M1 aktu\u00e1lis csatorn\u00e1nak nyilatkozva elmondta: a t\u00f6r\u00e9keny hangulatban egy rossz amerikai kiskereskedelmi adat miatt massz\u00edv es\u00e9s kezd\u0151d\u00f6tt, ami elsodorta az addig eg\u00e9sz j\u00f3 form\u00e1ban l\u00e9v\u0151 magyar piacot is. A szak\u00e9rt\u0151 kifejtette: az 1,65 sz\u00e1zal\u00e9kos es\u00e9s csak fele a k\u00fclf\u00f6ldi piacokon l\u00e1tottaknak, \u00e1m \u00e1rnyalja a k\u00e9pet, hogy a magyar piac napi m\u00e9lyponton z\u00e1rt, ami semmik\u00e9ppen nem j\u00f3 jel, valamint, hogy \u00f3ri\u00e1si forgalom volt, a szok\u00e1sos napi forgalom majd h\u00e1romszorosa \u00e9rt\u00e9kben cser\u00e9ltek gazd\u00e1t a r\u00e9szv\u00e9nyek a B\u00c9T-en.<br \/>\n    A Mol \u00e1rfolyama 280 forinttal, 2,02 sz\u00e1zal\u00e9kkal 13 600 forintra cs\u00f6kkent, 1,5 milli\u00e1rd forintos forgalomban.<br \/>\n    Az OTP-r\u00e9szv\u00e9nyek \u00e1ra 128 forinttal, 2,06 sz\u00e1zal\u00e9kkal 6092 forintra esett, forgalmuk 12,7 milli\u00e1rd forintot tett ki.<br \/>\n    A Magyar Telekom 1 forinttal, 0,25 sz\u00e1zal\u00e9kkal 400 forintra gyeng\u00fclt, forgalma 555 milli\u00f3 forint volt.<br \/>\n    A Richter-pap\u00edrok \u00e1rfolyama 94 forinttal, 1,65 sz\u00e1zal\u00e9kkal 5615 forintra cs\u00f6kkent, forgalmuk 3,5 milli\u00e1rd forintot \u00e9rt el.<br \/>\n    A BUMIX 1654,83 ponton z\u00e1rt p\u00e9nteken, ez 2,38 pontos, 0,14 sz\u00e1zal\u00e9kos emelked\u00e9s a cs\u00fct\u00f6rt\u00f6ki z\u00e1r\u00e1shoz viszony\u00edtva.<br \/>\n    A B\u00c9T \u00e1ruszekci\u00f3j\u00e1ban t\u00f6bb term\u00e9k \u00e1ra m\u00e9rs\u00e9kl\u0151d\u00f6tt.<br \/>\n    A malmi b\u00faza m\u00e1rciusra \u00e9s augusztusra is 300 forinttal olcs\u00f3bb lett, \u00edgy 49 200, illetve 49 600 forint, m\u00edg a takarm\u00e1nyb\u00faza \u00e1ra m\u00e1rciusra 500 forinttal, 46 800 forintra cs\u00f6kkent.<br \/>\n    A takarm\u00e1nykukorica h\u00e1rom hat\u00e1rid\u0151re is olcs\u00f3bb lett: m\u00e1rciusra 700, m\u00e1jusra \u00e9s j\u00faliusra pedig 1000 forinttal esett az \u00e1ra, \u00edgy 45 000, 46 500, illetve 48 500 forintba ker\u00fcl.<br \/>\n    A takarm\u00e1ny\u00e1rpa \u00e1ra nem v\u00e1ltozott, m\u00e1rciusra tov\u00e1bbra is 45 500 forint.<br \/>\n    Az olajosmagvak k\u00f6z\u00fcl a napraforg\u00f3 okt\u00f3beri \u00e1ra 4000 forinttal, 108 000 forintra esett, a repce m\u00e1rciusi \u00e1ra ugyanakkor 112 000 forint maradt.(MTI)<\/p>\n","protected":false},"excerpt":{"rendered":"<p>A Budapesti \u00c9rt\u00e9kt\u0151zsde r\u00e9szv\u00e9nyindexe, a BUX 401,39 pontos, 1,65 sz\u00e1zal\u00e9kos cs\u00f6kken\u00e9ssel, 23 882,92 ponton z\u00e1rt p\u00e9nteken.<\/p>\n","protected":false},"author":1,"featured_media":63384,"comment_status":"open","ping_status":"closed","sticky":false,"template":"","format":"standard","meta":[],"categories":[146,7],"tags":[],"_links":{"self":[{"href":"https:\/\/gazdasagportal.hu\/index.php\/wp-json\/wp\/v2\/posts\/73372"}],"collection":[{"href":"https:\/\/gazdasagportal.hu\/index.php\/wp-json\/wp\/v2\/posts"}],"about":[{"href":"https:\/\/gazdasagportal.hu\/index.php\/wp-json\/wp\/v2\/types\/post"}],"author":[{"embeddable":true,"href":"https:\/\/gazdasagportal.hu\/index.php\/wp-json\/wp\/v2\/users\/1"}],"replies":[{"embeddable":true,"href":"https:\/\/gazdasagportal.hu\/index.php\/wp-json\/wp\/v2\/comments?post=73372"}],"version-history":[{"count":1,"href":"https:\/\/gazdasagportal.hu\/index.php\/wp-json\/wp\/v2\/posts\/73372\/revisions"}],"predecessor-version":[{"id":73373,"href":"https:\/\/gazdasagportal.hu\/index.php\/wp-json\/wp\/v2\/posts\/73372\/revisions\/73373"}],"wp:featuredmedia":[{"embeddable":true,"href":"https:\/\/gazdasagportal.hu\/index.php\/wp-json\/wp\/v2\/media\/63384"}],"wp:attachment":[{"href":"https:\/\/gazdasagportal.hu\/index.php\/wp-json\/wp\/v2\/media?parent=73372"}],"wp:term":[{"taxonomy":"category","embeddable":true,"href":"https:\/\/gazdasagportal.hu\/index.php\/wp-json\/wp\/v2\/categories?post=73372"},{"taxonomy":"post_tag","embeddable":true,"href":"https:\/\/gazdasagportal.hu\/index.php\/wp-json\/wp\/v2\/tags?post=73372"}],"curies":[{"name":"wp","href":"https:\/\/api.w.org\/{rel}","templated":true}]}}