{"id":73208,"date":"2016-01-13T07:44:57","date_gmt":"2016-01-13T06:44:57","guid":{"rendered":"http:\/\/gazdasagportal.hu\/?p=73208"},"modified":"2016-01-13T07:22:32","modified_gmt":"2016-01-13T06:22:32","slug":"evertekelo-amerika-nem-hanyatlik-hanem-eros-a-vilag-leghatalmasabb-orszaga","status":"publish","type":"post","link":"https:\/\/gazdasagportal.hu\/index.php\/evertekelo-amerika-nem-hanyatlik-hanem-eros-a-vilag-leghatalmasabb-orszaga\/","title":{"rendered":"\u00c9v\u00e9rt\u00e9kel\u0151: Amerika nem hanyatlik, hanem er\u0151s, a vil\u00e1g leghatalmasabb orsz\u00e1ga"},"content":{"rendered":"<p><strong>Eln\u00f6ks\u00e9g\u00e9nek utols\u00f3 \u00e9v\u00e9rt\u00e9kel\u0151j\u00e9t tartotta Barack Obama, s a besz\u00e9dben ink\u00e1bb a j\u00f6v\u0151re koncentr\u00e1lt. Mindazon\u00e1ltal er\u0151teljesen megv\u00e9dte korm\u00e1nyzata eddigi belpolitikai \u00e9s gazdas\u00e1gpolitikai eredm\u00e9nyeit, s\u0151t \u00faj javaslattal is el\u0151rukkolt, nevezetesen a r\u00e1kkutat\u00e1st illet\u0151en. K\u00fclpolitik\u00e1r\u00f3l sz\u00f3lva els\u0151sorban a fenyeget\u0151 terrorizmusr\u00f3l besz\u00e9lt, s k\u00e9rte a Kongresszust, hogy szavazza meg a katonai er\u0151 alkalmaz\u00e1s\u00e1t az Iszl\u00e1m \u00c1llam nev\u0171 terrorszervezet ellen.<br \/>\n<\/strong><!--more--><\/p>\n<div class=\"ads-in-post1\"><div id=\"gazdasagportal.hu_fullbanner_wideboard\"><\/div>\r\n<\/div>\n     Obama eln\u00f6k a Kongresszus k\u00e9t h\u00e1za, valamint a legfels\u0151 b\u00edr\u00f3s\u00e1g tagjai, a vez\u00e9rkari f\u0151n\u00f6k\u00f6k egyes\u00edtett bizotts\u00e1g\u00e1nak tagjai \u00e9s megh\u00edvott vend\u00e9gek el\u0151tt mondta el \u00e9v\u00e9rt\u00e9kel\u0151, vagy ahogyan az Egyes\u00fclt \u00c1llamokban nevezik, az uni\u00f3 helyzet\u00e9r\u0151l sz\u00f3l\u00f3 besz\u00e9d\u00e9t. &#8222;R\u00f6videbb leszek, mint szoktam&#8221; &#8211; kezdte besz\u00e9d\u00e9t az eln\u00f6k, de val\u00f3j\u00e1ban k\u00f6r\u00fclbel\u00fcl ugyanolyan hosszan besz\u00e9lt, mint szokott. Az \u00e9v\u00e9rt\u00e9kel\u0151 mintegy egy \u00f3r\u00e1n kereszt\u00fcl tartott, a jelenl\u00e9v\u0151k t\u00f6bbsz\u00f6r is heves tapssal szak\u00edtott\u00e1k meg. &#8222;Nemcsak a k\u00f6vetkez\u0151 \u00e9vr\u0151l akarok besz\u00e9lni, hanem a k\u00f6vetkez\u0151 \u00e9vekr\u0151l, a j\u00f6v\u0151r\u0151l&#8221; &#8211; fogalmazott az eln\u00f6k. Optimizmust sug\u00e1rzott, amikor azt fejtegette, hogy az amerikaiak mindig k\u00e9pesek voltak \u00farr\u00e1 lenni f\u00e9lelmeiken, k\u00e9pesek voltak el\u0151re tekinteni, megl\u00e1tni a lehet\u0151s\u00e9geket, \u00e9s ez\u00e1ltal er\u0151sebbek \u00e9s jobbak lettek.<br \/>\n    Optimista, tettv\u00e1gyt\u00f3l duzzad\u00f3 nemzetnek \u00edrta le az amerikait. Optimizmus\u00e1t al\u00e1t\u00e1masztand\u00f3 felsorolta azt, amit korm\u00e1nyzata legfontosabb eredm\u00e9nyeinek tart: k\u00f6zt\u00fck az eg\u00e9szs\u00e9gbiztos\u00edt\u00e1s megreform\u00e1l\u00e1s\u00e1t, az energiapolitika \u00fajragondol\u00e1s\u00e1t, a nagyobb figyelmet a glob\u00e1lis kl\u00edmav\u00e1ltoz\u00e1sra, az azonos nem\u0171ek h\u00e1zass\u00e1g\u00e1nak enged\u00e9lyez\u00e9s\u00e9t. Kiemelte, hogy az amerikai gazdas\u00e1g er\u0151s. &#8222;Amerik\u00e1nak van a leger\u0151sebb gazdas\u00e1ga a vil\u00e1gon&#8221; &#8211; mondta.<br \/>\n    Szerinte a t\u00f6rt\u00e9nelem legnagyobb ar\u00e1ny\u00fa munkahelyteremt\u00e9se zajlott az elm\u00falt \u00e9vekben az orsz\u00e1gban. Az eln\u00f6k \u00faj programot is meghirdetett a r\u00e1kbetegs\u00e9g kezel\u00e9s\u00e9re. A feladatot olyan l\u00e9pt\u00e9k\u0171nek nevezte, mint amikor annak idej\u00e9n a Hold megh\u00f3d\u00edt\u00e1s\u00e1t t\u0171zt\u00e9k ki c\u00e9lul. A r\u00e1kbetegs\u00e9g elleni k\u00fczdelem ir\u00e1ny\u00edt\u00e1s\u00e1ra Joe Biden aleln\u00f6k\u00f6t k\u00e9rte fel. Tudnival\u00f3, hogy Biden fia, a 46 \u00e9ves Beau Biden tavaly tavasszal agydaganatban hunyt el, s erre most maga Obama is utalt.<br \/>\n    Az idei \u00e9v feladatai k\u00f6z\u00f6tt Obama megeml\u00edtette a guantan\u00e1m\u00f3i fogolyt\u00e1bor bez\u00e1r\u00e1s\u00e1t.<br \/>\n    Besz\u00e9d\u00e9ben az eln\u00f6k megjegyezte: aki azt \u00e1ll\u00edtja, hogy Amerika hanyatlik, az a fikci\u00f3k vil\u00e1g\u00e1ban \u00e9l. Hangs\u00falyozta, hogy b\u00e1r vesz\u00e9lyes id\u0151ket \u00e9l\u00fcnk, ezek az id\u0151k nem az\u00e9rt vesz\u00e9lyesek, mert Amerika meggy\u00f6ng\u00fclt volna. Az Egyes\u00fclt \u00c1llamok a leghatalmasabb orsz\u00e1g a vil\u00e1gon &#8211; mondta. Korm\u00e1nyzata eredm\u00e9nyek\u00e9nt eml\u00edtette a k\u00f6zeled\u00e9st Kub\u00e1hoz, \u00e9s a diplom\u00e1ciai viszony helyre\u00e1ll\u00edt\u00e1s\u00e1t a karibi sziget\u00e1llammal. Egy\u00fattal s\u00fcrgette Kuba elleni gazdas\u00e1gi embarg\u00f3 felold\u00e1s\u00e1t is.<br \/>\n    A terrorizmusr\u00f3l sz\u00f3lva kifejtette, hogy ez Amerik\u00e1t is fenyegeti ugyan, de nem a l\u00e9t\u00e9ben. Az al-Kaid\u00e1val \u00e9s az Iszl\u00e1m \u00c1llam nev\u0171 terrorszervezettel le kell sz\u00e1molni, mondta, s ehhez a Kongresszust\u00f3l azt k\u00e9rte, hogy szavazza meg katonai er\u0151 alkalmaz\u00e1s\u00e1t az Iszl\u00e1m \u00c1llam ellen.<br \/>\n    Az eln\u00f6k viszonylag hosszan besz\u00e9lt az amerikai politikai vita hangnem\u00e9r\u0151l. &#8222;A demokr\u00e1cia a bizalom alapvet\u0151 elemeit k\u00f6veteli meg az \u00e1llampolg\u00e1rok k\u00f6z\u00f6tt&#8221; &#8211; fogalmazott, \u00e9s hangs\u00falyozta, hogy v\u00e1ltoztatni kell a politikai diskurzus megoszt\u00f3 st\u00edlus\u00e1n, hogy &#8222;jobbik arcunkat mutathassuk&#8221;. Utalt a republik\u00e1nus eln\u00f6kjel\u00f6lt-aspir\u00e1nsok megjegyz\u00e9seire is.<br \/>\n    Kiemelte: azzal, hogy muszlim embereket s\u00e9rtegetnek, az Egyes\u00fclt \u00c1llamok kor\u00e1ntsem v\u00e1lik er\u0151sebb\u00e9, s\u0151t, ez kisebb\u00edti Amerik\u00e1t a vil\u00e1g szem\u00e9ben, s megnehez\u00edti c\u00e9ljai el\u00e9r\u00e9s\u00e9t is. &#8222;El kell utas\u00edtanunk mindennem\u0171 politik\u00e1t, amely az embereket faji vagy vall\u00e1si alapon veszi c\u00e9lba, k\u00fcl\u00f6nb\u00f6zteti meg. Ez nem politikai korrekts\u00e9g k\u00e9rd\u00e9se, hanem annak meg\u00e9rt\u00e9se, hogy mi tesz benn\u00fcnket er\u0151ss\u00e9&#8221; &#8211; mondta. Hozz\u00e1tette: az Egyes\u00fclt \u00c1llamokat a vil\u00e1g a soksz\u00edn\u0171s\u00e9g\u00e9\u00e9rt, a nyitotts\u00e1g\u00e1\u00e9rt, m\u00e1sok hit\u00e9nek tiszteletben tart\u00e1s\u00e1\u00e9rt is tiszteli.<br \/>\n    &#8222;Az amerikaiaknak nagy d\u00f6nt\u00e9seket kell hozniuk, de a mi n\u00e9p\u00fcnk mindig is k\u00e9pes volt megfelelni a kih\u00edv\u00e1soknak&#8221; &#8211; mondta az eln\u00f6k, aki v\u00e9g\u00fcl azzal z\u00e1rta besz\u00e9d\u00e9t, hogy v\u00e1ltoz\u00e1st akart, mert b\u00edzik honfit\u00e1rsaiban.<br \/>\n    Az eln\u00f6ki \u00e9v\u00e9rt\u00e9kel\u00e9sre hagyom\u00e1nyosan egy republik\u00e1nus politikus v\u00e1laszol, az id\u00e9n D\u00e9l-Karolina korm\u00e1nyz\u00f3ja, Nikki Haley mellett d\u00f6nt\u00f6tt a Republik\u00e1nus P\u00e1rt. A korm\u00e1nyz\u00f3 asszony &#8211; akinek sz\u00fclei indiai bev\u00e1ndorl\u00f3k &#8211; sokak meglepet\u00e9s\u00e9re egyes \u00fcgyekben Obama szavait visszhangozta. Szint\u00e9n kit\u00e9rt ugyanis a republik\u00e1nusok kamp\u00e1ny\u00e1nak &#8222;forr\u00f3&#8221; pillanataira, a bev\u00e1ndorl\u00f3k \u00e9s kisebbs\u00e9gek elleni retorik\u00e1ra, amely a Republik\u00e1nus P\u00e1rt vezet\u0151it is aggasztja, s azt k\u00e9rte az amerikaiakt\u00f3l, hogy ne d\u0151ljenek be ezeknek a szir\u00e9nhangoknak.(MTI)<\/p>\n","protected":false},"excerpt":{"rendered":"<p>Eln\u00f6ks\u00e9g\u00e9nek utols\u00f3 \u00e9v\u00e9rt\u00e9kel\u0151j\u00e9t tartotta Barack Obama, s a besz\u00e9dben ink\u00e1bb a j\u00f6v\u0151re koncentr\u00e1lt. Mindazon\u00e1ltal er\u0151teljesen megv\u00e9dte korm\u00e1nyzata eddigi belpolitikai \u00e9s gazdas\u00e1gpolitikai eredm\u00e9nyeit, s\u0151t \u00faj javaslattal is el\u0151rukkolt, nevezetesen a r\u00e1kkutat\u00e1st illet\u0151en. K\u00fclpolitik\u00e1r\u00f3l sz\u00f3lva els\u0151sorban a fenyeget\u0151 terrorizmusr\u00f3l besz\u00e9lt, s k\u00e9rte a Kongresszust, hogy szavazza meg a katonai er\u0151 alkalmaz\u00e1s\u00e1t az Iszl\u00e1m \u00c1llam nev\u0171 terrorszervezet ellen.<\/p>\n","protected":false},"author":1,"featured_media":0,"comment_status":"open","ping_status":"closed","sticky":false,"template":"","format":"standard","meta":[],"categories":[13],"tags":[],"_links":{"self":[{"href":"https:\/\/gazdasagportal.hu\/index.php\/wp-json\/wp\/v2\/posts\/73208"}],"collection":[{"href":"https:\/\/gazdasagportal.hu\/index.php\/wp-json\/wp\/v2\/posts"}],"about":[{"href":"https:\/\/gazdasagportal.hu\/index.php\/wp-json\/wp\/v2\/types\/post"}],"author":[{"embeddable":true,"href":"https:\/\/gazdasagportal.hu\/index.php\/wp-json\/wp\/v2\/users\/1"}],"replies":[{"embeddable":true,"href":"https:\/\/gazdasagportal.hu\/index.php\/wp-json\/wp\/v2\/comments?post=73208"}],"version-history":[{"count":1,"href":"https:\/\/gazdasagportal.hu\/index.php\/wp-json\/wp\/v2\/posts\/73208\/revisions"}],"predecessor-version":[{"id":73209,"href":"https:\/\/gazdasagportal.hu\/index.php\/wp-json\/wp\/v2\/posts\/73208\/revisions\/73209"}],"wp:attachment":[{"href":"https:\/\/gazdasagportal.hu\/index.php\/wp-json\/wp\/v2\/media?parent=73208"}],"wp:term":[{"taxonomy":"category","embeddable":true,"href":"https:\/\/gazdasagportal.hu\/index.php\/wp-json\/wp\/v2\/categories?post=73208"},{"taxonomy":"post_tag","embeddable":true,"href":"https:\/\/gazdasagportal.hu\/index.php\/wp-json\/wp\/v2\/tags?post=73208"}],"curies":[{"name":"wp","href":"https:\/\/api.w.org\/{rel}","templated":true}]}}