{"id":73202,"date":"2016-01-13T04:24:28","date_gmt":"2016-01-13T03:24:28","guid":{"rendered":"http:\/\/gazdasagportal.hu\/?p=73202"},"modified":"2016-01-12T22:28:59","modified_gmt":"2016-01-12T21:28:59","slug":"az-amerikai-alelnok-szerint-donald-trumpbol-akar-elnok-is-lehet-obama-viszont-csak-esti-showmusorban-tudna-elkepzelni","status":"publish","type":"post","link":"https:\/\/gazdasagportal.hu\/index.php\/az-amerikai-alelnok-szerint-donald-trumpbol-akar-elnok-is-lehet-obama-viszont-csak-esti-showmusorban-tudna-elkepzelni\/","title":{"rendered":"Az amerikai aleln\u00f6k szerint Donald Trumpb\u00f3l ak\u00e1r eln\u00f6k is lehet, Obama viszont csak esti showm\u0171sorban tudn\u00e1 elk\u00e9pzelni"},"content":{"rendered":"<p><strong>Barack Obama amerikai eln\u00f6k csak az esti showm\u0171sorok egyik\u00e9ben tudn\u00e1 elk\u00e9pzelni Donald Trump republik\u00e1nus eln\u00f6kjel\u00f6lt-aspir\u00e1nst az orsz\u00e1g els\u0151 emberek\u00e9nt, de Joe Biden aleln\u00f6k re\u00e1lis es\u00e9lyt l\u00e1t arra, hogy Trump legyen az Egyes\u00fclt \u00c1llamok k\u00f6vetkez\u0151 vezet\u0151je.<br \/>\n<\/strong><!--more--><\/p>\n<div class=\"ads-in-post1\"><div id=\"gazdasagportal.hu_fullbanner_wideboard\"><\/div>\r\n<\/div>\n    A demokrata p\u00e1rti Barack Obama az NBC kedd reggeli m\u0171sor\u00e1ban \u00fagy fogalmazott: el tudn\u00e1 k\u00e9pzelni, hogy j\u00f6v\u0151re Donald Trump mondja el az eln\u00f6ki \u00e9v\u00e9rt\u00e9kel\u0151 besz\u00e9det, de csakis egy szombat \u00e9jjeli sz\u00f3rakoztat\u00f3 showm\u0171sorban.<br \/>\n    Obama nyilatkozat\u00e1t n\u00e9h\u00e1ny \u00f3r\u00e1val az el\u0151tt sug\u00e1rozt\u00e1k, hogy elmondja eln\u00f6ks\u00e9ge utols\u00f3 \u00e9v\u00e9rt\u00e9kel\u0151 &#8211; vagy ahogy az Egyes\u00fclt \u00c1llamokban nevezik, az uni\u00f3 helyzet\u00e9r\u0151l sz\u00f3l\u00f3 &#8211; besz\u00e9d\u00e9t.<br \/>\n    Aleln\u00f6ke, Joe Biden viszont \u00fagy v\u00e9lte, hogy Trumpb\u00f3l ak\u00e1r eln\u00f6k is lehet, b\u00e1r hangs\u00falyozta, hogy \u0151 nem \u00f6r\u00fclne ennek.<br \/>\n    Barack Obama \u00e9s Joe Biden a Feh\u00e9r H\u00e1zb\u00f3l adtak interj\u00fat az NBC reggeli m\u0171sor\u00e1nak.<br \/>\n    &#8222;Minden lehets\u00e9ges, nem szabad \u00f6nel\u00e9g\u00fclteknek lenn\u00fcnk&#8221; &#8211; fogalmazott Obama. \u00dagy v\u00e9lekedett, hogy Trump leegyszer\u0171s\u00edt\u0151 megold\u00e1sokat k\u00edn\u00e1l\u00f3 \u00e9s b\u0171nbakkeres\u0151 kamp\u00e1nyt folytat. Meg\u00edt\u00e9l\u00e9se szerint Trump az emberek f\u00e9lelmeire \u00e9s a j\u00f6v\u0151 ir\u00e1nti bizonytalans\u00e1gaira \u00e9p\u00edt. &#8222;Majd besz\u00e9lj\u00fcnk akkor, ha megnyeri a v\u00e1laszt\u00e1st&#8221; &#8211; mosolygott az eln\u00f6k az NBC riporter\u00e9nek.<br \/>\n    Biden aleln\u00f6k ezzel szemben \u00fagy fogalmazott, ha Trumpot megv\u00e1lasztan\u00e1k az Egyes\u00fclt \u00c1llamok eln\u00f6k\u00e9v\u00e9, akkor az \u00fczletembernek egy sor k\u00e9rd\u00e9sben &#8222;komolyabbnak kellene lennie&#8221; &#8211; mondta az aleln\u00f6k. Hozz\u00e1tette: rem\u00e9li, hogy Trumpot nem v\u00e1lasztj\u00e1k meg, mert &#8222;az \u00f6v\u00e9t\u0151l alapvet\u0151en elt\u00e9r\u0151 n\u00e9zeteket vallok&#8221;. Az aleln\u00f6k azt rem\u00e9li, hogy Trump sokkal komolyabban veszi azt is, hogy elsaj\u00e1t\u00edtsa, hogyan is m\u0171k\u00f6dik az orsz\u00e1g k\u00fcl-, \u00e9s belpolitik\u00e1ja. &#8222;De ett\u0151l m\u00e9g messze vagyunk&#8221; &#8211; sz\u00f6gezte le.<br \/>\n    Arra a k\u00e9rd\u00e9sre, hogy j\u00f3t tesz-e az amerikai demokr\u00e1ci\u00e1nak Trump versenybe sz\u00e1ll\u00e1sa, Biden \u00e1ltal\u00e1noss\u00e1gokkal v\u00e1laszolt. Amerik\u00e1t nyitottnak nevezte, olyan demokr\u00e1ci\u00e1nak, ahol b\u00e1rki hallathatja a hangj\u00e1t, kifejtheti v\u00e9lem\u00e9ny\u00e9t, elk\u00f6telezheti mag\u00e1t egy \u00fcgy mellett. Mindazon\u00e1ltal fontosnak tartotta hangs\u00falyozni, hogy egyel\u0151re m\u00e9g t\u00fal korai volna \u00edt\u00e9letet form\u00e1lni b\u00e1rkir\u0151l is.<br \/>\n    Trumpot Biden is megoszt\u00f3 szem\u00e9lyis\u00e9gnek min\u0151s\u00edtette, s \u00fagy fogalmazott, hogy fell\u00e9p\u00e9se &#8222;nem eg\u00e9szs\u00e9ges&#8221; Amerika sz\u00e1m\u00e1ra. &#8222;Mi mindig akkor vagyunk a legjobbak, ha egys\u00e9gesen, egyetlen Amerikak\u00e9nt cseleksz\u00fcnk, s akkor teljes\u00edt\u00fcnk gy\u00f6ng\u00e9n, ha a f\u00e9lelmeinkre \u00e9s a k\u00fcl\u00f6nb\u00f6z\u0151s\u00e9geinkre alapozunk&#8221; &#8211; fejtegette Joe Biden.(MTI)<\/p>\n","protected":false},"excerpt":{"rendered":"<p>Barack Obama amerikai eln\u00f6k csak az esti showm\u0171sorok egyik\u00e9ben tudn\u00e1 elk\u00e9pzelni Donald Trump republik\u00e1nus eln\u00f6kjel\u00f6lt-aspir\u00e1nst az orsz\u00e1g els\u0151 emberek\u00e9nt, de Joe Biden aleln\u00f6k re\u00e1lis es\u00e9lyt l\u00e1t arra, hogy Trump legyen az Egyes\u00fclt \u00c1llamok k\u00f6vetkez\u0151 vezet\u0151je.<\/p>\n","protected":false},"author":1,"featured_media":0,"comment_status":"open","ping_status":"closed","sticky":false,"template":"","format":"standard","meta":[],"categories":[13],"tags":[],"_links":{"self":[{"href":"https:\/\/gazdasagportal.hu\/index.php\/wp-json\/wp\/v2\/posts\/73202"}],"collection":[{"href":"https:\/\/gazdasagportal.hu\/index.php\/wp-json\/wp\/v2\/posts"}],"about":[{"href":"https:\/\/gazdasagportal.hu\/index.php\/wp-json\/wp\/v2\/types\/post"}],"author":[{"embeddable":true,"href":"https:\/\/gazdasagportal.hu\/index.php\/wp-json\/wp\/v2\/users\/1"}],"replies":[{"embeddable":true,"href":"https:\/\/gazdasagportal.hu\/index.php\/wp-json\/wp\/v2\/comments?post=73202"}],"version-history":[{"count":1,"href":"https:\/\/gazdasagportal.hu\/index.php\/wp-json\/wp\/v2\/posts\/73202\/revisions"}],"predecessor-version":[{"id":73203,"href":"https:\/\/gazdasagportal.hu\/index.php\/wp-json\/wp\/v2\/posts\/73202\/revisions\/73203"}],"wp:attachment":[{"href":"https:\/\/gazdasagportal.hu\/index.php\/wp-json\/wp\/v2\/media?parent=73202"}],"wp:term":[{"taxonomy":"category","embeddable":true,"href":"https:\/\/gazdasagportal.hu\/index.php\/wp-json\/wp\/v2\/categories?post=73202"},{"taxonomy":"post_tag","embeddable":true,"href":"https:\/\/gazdasagportal.hu\/index.php\/wp-json\/wp\/v2\/tags?post=73202"}],"curies":[{"name":"wp","href":"https:\/\/api.w.org\/{rel}","templated":true}]}}