{"id":73103,"date":"2016-01-11T09:53:53","date_gmt":"2016-01-11T08:53:53","guid":{"rendered":"http:\/\/gazdasagportal.hu\/?p=73103"},"modified":"2016-01-11T09:53:53","modified_gmt":"2016-01-11T08:53:53","slug":"nemetorszagi-molesztalas-szakerto-ez-az-igazi-terror","status":"publish","type":"post","link":"https:\/\/gazdasagportal.hu\/index.php\/nemetorszagi-molesztalas-szakerto-ez-az-igazi-terror\/","title":{"rendered":"N\u00e9metorsz\u00e1gi moleszt\u00e1l\u00e1s &#8211; Szak\u00e9rt\u0151: ez az igazi terror"},"content":{"rendered":"<p><strong>F\u00f6ldi L\u00e1szl\u00f3 biztons\u00e1gpolitikai szak\u00e9rt\u0151 szerint a szilveszteri moleszt\u00e1l\u00e1sokkal megt\u00f6rt\u00e9nt a szervezett, \u00f6sszehangolt, t\u00f6bb helysz\u00ednen v\u00e9grehajtott terrort\u00e1mad\u00e1s, amelyt\u0151l az eur\u00f3pai terrorelh\u00e1r\u00edt\u00e1s tartott.<\/strong><!--more--><\/p>\n<div class=\"ads-in-post1\"><div id=\"gazdasagportal.hu_fullbanner_wideboard\"><\/div>\r\n<\/div>\n<p>    A szak\u00e9rt\u0151 az M1 aktu\u00e1lis csatorna h\u00e9tf\u0151i m\u0171sor\u00e1ban azt mondta, hogy b\u00e1r eddig a robbant\u00e1st \u00e9s a l\u00f6v\u00f6ld\u00f6z\u00e9st tekintett\u00fck terrornak, az igazi terror arr\u00f3l sz\u00f3l, hogy megf\u00e9leml\u00edtik az embereket, akiknek teljesen kisz\u00e1m\u00edthatatlan helyzetben folyamatosan rettegni\u00fck kell att\u00f3l, hogy \u0151ket is b\u00e1rmikor t\u00e1mad\u00e1s \u00e9rheti.<br \/>\n    F\u00f6ldi L\u00e1szl\u00f3 \u00fagy fogalmazott: ilyen \u00e9rtelemben nincs k\u00fcl\u00f6nbs\u00e9g a p\u00e1rizsi mer\u00e9nyletek \u00e9s a szilveszteri moleszt\u00e1l\u00e1sok l\u00e9nyege k\u00f6z\u00f6tt, csup\u00e1n a m\u00f3dszer volt elt\u00e9r\u0151.<br \/>\n    A szak\u00e9rt\u0151 szerint &#8222;egyszer\u0171 a megold\u00e1s&#8221; a kialakult helyzetre: mind az egymilli\u00f3 embert, aki illeg\u00e1lisan \u00e9rkezett Eur\u00f3p\u00e1ba, &#8222;el kell t\u00e1vol\u00edtani&#8221; onnan, \u00e9s csak leg\u00e1lisan \u00e9rkezhetnek migr\u00e1nsok, hogy nyomon lehessen k\u00f6vetni \u0151ket.<br \/>\n    Rend\u0151rs\u00e9gi jelent\u00e9sek szerint szilveszter este mintegy ezerf\u0151s csoport gy\u0171lt \u00f6ssze a k\u00f6lni f\u0151p\u00e1lyaudvar el\u0151tti t\u00e9ren. Kisebb csoportok alakultak, \u00e9s ezt k\u00f6vet\u0151en kezdtek n\u0151ket k\u00f6rbevenni, szexu\u00e1lisan zaklatni \u00e9s kirabolni. Hasonl\u00f3 esetek t\u00f6rt\u00e9ntek m\u00e1s n\u00e9met nagyv\u00e1rosokban, de Ausztri\u00e1ban, Sv\u00e1jcban, Finnorsz\u00e1gban \u00e9s Sv\u00e9dorsz\u00e1gban is.(MTI)<\/p>\n","protected":false},"excerpt":{"rendered":"<p>F\u00f6ldi L\u00e1szl\u00f3 biztons\u00e1gpolitikai szak\u00e9rt\u0151 szerint a szilveszteri moleszt\u00e1l\u00e1sokkal megt\u00f6rt\u00e9nt a szervezett, \u00f6sszehangolt, t\u00f6bb helysz\u00ednen v\u00e9grehajtott terrort\u00e1mad\u00e1s, amelyt\u0151l az eur\u00f3pai terrorelh\u00e1r\u00edt\u00e1s tartott.<\/p>\n","protected":false},"author":1,"featured_media":0,"comment_status":"open","ping_status":"closed","sticky":false,"template":"","format":"standard","meta":[],"categories":[12],"tags":[],"_links":{"self":[{"href":"https:\/\/gazdasagportal.hu\/index.php\/wp-json\/wp\/v2\/posts\/73103"}],"collection":[{"href":"https:\/\/gazdasagportal.hu\/index.php\/wp-json\/wp\/v2\/posts"}],"about":[{"href":"https:\/\/gazdasagportal.hu\/index.php\/wp-json\/wp\/v2\/types\/post"}],"author":[{"embeddable":true,"href":"https:\/\/gazdasagportal.hu\/index.php\/wp-json\/wp\/v2\/users\/1"}],"replies":[{"embeddable":true,"href":"https:\/\/gazdasagportal.hu\/index.php\/wp-json\/wp\/v2\/comments?post=73103"}],"version-history":[{"count":1,"href":"https:\/\/gazdasagportal.hu\/index.php\/wp-json\/wp\/v2\/posts\/73103\/revisions"}],"predecessor-version":[{"id":73104,"href":"https:\/\/gazdasagportal.hu\/index.php\/wp-json\/wp\/v2\/posts\/73103\/revisions\/73104"}],"wp:attachment":[{"href":"https:\/\/gazdasagportal.hu\/index.php\/wp-json\/wp\/v2\/media?parent=73103"}],"wp:term":[{"taxonomy":"category","embeddable":true,"href":"https:\/\/gazdasagportal.hu\/index.php\/wp-json\/wp\/v2\/categories?post=73103"},{"taxonomy":"post_tag","embeddable":true,"href":"https:\/\/gazdasagportal.hu\/index.php\/wp-json\/wp\/v2\/tags?post=73103"}],"curies":[{"name":"wp","href":"https:\/\/api.w.org\/{rel}","templated":true}]}}