{"id":73093,"date":"2016-01-11T08:12:22","date_gmt":"2016-01-11T07:12:22","guid":{"rendered":"http:\/\/gazdasagportal.hu\/?p=73093"},"modified":"2016-01-11T07:13:26","modified_gmt":"2016-01-11T06:13:26","slug":"nott-a-megrendeles-a-keszhazakra-de-keves-a-szerelo","status":"publish","type":"post","link":"https:\/\/gazdasagportal.hu\/index.php\/nott-a-megrendeles-a-keszhazakra-de-keves-a-szerelo\/","title":{"rendered":"N\u0151tt a megrendel\u00e9s a k\u00e9szh\u00e1zakra, de kev\u00e9s a szerel\u0151"},"content":{"rendered":"<p><strong>A lak\u00e1sok \u00e1f\u00e1j\u00e1nak 27-r\u0151l 5 sz\u00e1zal\u00e9kra cs\u00f6kkent\u00e9se megn\u00f6velte a k\u00e9szh\u00e1zgy\u00e1rt\u00f3k, illetve forgalmaz\u00f3k megrendel\u00e9seit, a c\u00e9geknek azonban gondot jelent a szerel\u0151 csapatok hi\u00e1nya, amelyek nagy h\u00e1nyada a v\u00e1ls\u00e1got k\u00f6vet\u0151 id\u0151szakban k\u00fclf\u00f6ldre ment dolgozni &#8211; mondta K\u00e1rp\u00e1ti J\u00f3zsef, az \u00c9p\u00edt\u00e9si V\u00e1llalkoz\u00f3k Orsz\u00e1gos Szaksz\u00f6vets\u00e9ge (\u00c9VOSZ) k\u00f6nny\u0171szerkezet-\u00e9p\u00edt\u0151 tagozat\u00e1nak eln\u00f6ke az MTI-nek.<\/strong><!--more--><\/p>\n<div class=\"ads-in-post1\"><div id=\"gazdasagportal.hu_fullbanner_wideboard\"><\/div>\r\n<\/div>\n<p>    A k\u00e9szh\u00e1z\u00e9p\u00edt\u0151k legjobb \u00e9ve 2009-ben volt, akkor 2200 k\u00f6nny\u0171szerkezetes csal\u00e1di h\u00e1z \u00e9p\u00fclt. Ebb\u0151l &#8211;  az akkor m\u00e9g k\u00e9szh\u00e1z\u00e9p\u00edt\u0151 tagozatba t\u00f6m\u00f6r\u00fclt 31 c\u00e9g &#8211; 950 h\u00e1zra kapott megb\u00edz\u00e1st. A megrendel\u00e9sek sz\u00e1ma a m\u00falt \u00e9vben 100-ra cs\u00f6kkent, mik\u00f6zben a tagozatba t\u00f6m\u00f6r\u00fclt c\u00e9gek sz\u00e1ma 7-re apadt.<br \/>\n    Az \u00e1facs\u00f6kkent\u00e9s hat\u00e1s\u00e1ra a k\u00f6nny\u0171szerkezet-\u00e9p\u00edt\u0151 tagozatba t\u00f6m\u00f6r\u00fclt t\u00e1rsas\u00e1gok 100 k\u00e9szh\u00e1zra kaptak megrendel\u00e9st, \u00edgy m\u00e1r janu\u00e1r elej\u00e9n annyi a munka, mint tavaly eg\u00e9sz \u00e9vben volt, gondot okoz ugyanakkor a szerel\u0151csapatok hi\u00e1nya &#8211; mondta.  Egy-egy csapat 5 emberb\u0151l \u00e1ll, \u00e9s tagjait nem lehet egyik napr\u00f3l a m\u00e1sikra kik\u00e9pezni. A helyzet annyira rossz, hogy az \u00fajs\u00e1ghirdet\u00e9sekre egy\u00e1ltal\u00e1n nincs jelentkez\u0151, \u00edgy nem marad m\u00e1s lehet\u0151s\u00e9g, mint a k\u00fclf\u00f6ldre &#8211; legink\u00e1bb N\u00e9metorsz\u00e1gba &#8211; t\u00e1vozott szerel\u0151csapatok hazacs\u00e1b\u00edt\u00e1sa. Ez azonban csak az ottani b\u00e9rek itthoni megad\u00e1s\u00e1val lehet &#8211; v\u00e9lte az eln\u00f6k. Hozz\u00e1tettet azt is, hogy k\u00fclf\u00f6ld\u00f6n is fellend\u00fcl\u0151ben van a k\u00e9szh\u00e1z\u00e9p\u00edt\u00e9s, \u00edgy a jelenlegi munkaad\u00f3k mindent megtesznek a szakemberek megtart\u00e1s\u00e1\u00e9rt.<br \/>\n    A magasabb b\u00e9r miatti t\u00f6bblet munkad\u00edj egy h\u00e1zra vet\u00edtve mintegy 2 milli\u00f3 forint. Miut\u00e1n egy f\u00f6ldszint \u00e9s tet\u0151t\u00e9r be\u00e9p\u00edt\u00e9ses ilyen h\u00e1z &#8211; 150 n\u00e9gyzetm\u00e9teres alapter\u00fclettel, alapoz\u00e1s n\u00e9lk\u00fcl &#8211; 30 milli\u00f3 forintba ker\u00fcl az 5 sz\u00e1zal\u00e9kos \u00e1f\u00e1val, ez emelkedik meg a t\u00f6bblet szerel\u00e9si d\u00edjjal 32 milli\u00f3 forintra. \u00cdgy m\u00e1ris 3 milli\u00f3ra olvad az \u00e1facs\u00f6kkent\u00e9sb\u0151l ad\u00f3d\u00f3 5 milli\u00f3s \u00e1r-el\u0151ny &#8211; jegyezte meg.(MTI)<\/p>\n","protected":false},"excerpt":{"rendered":"<p>A lak\u00e1sok \u00e1f\u00e1j\u00e1nak 27-r\u0151l 5 sz\u00e1zal\u00e9kra cs\u00f6kkent\u00e9se megn\u00f6velte a k\u00e9szh\u00e1zgy\u00e1rt\u00f3k, illetve forgalmaz\u00f3k megrendel\u00e9seit, a c\u00e9geknek azonban gondot jelent a szerel\u0151 csapatok hi\u00e1nya, amelyek nagy h\u00e1nyada a v\u00e1ls\u00e1got k\u00f6vet\u0151 id\u0151szakban k\u00fclf\u00f6ldre ment dolgozni &#8211; mondta K\u00e1rp\u00e1ti J\u00f3zsef, az \u00c9p\u00edt\u00e9si V\u00e1llalkoz\u00f3k Orsz\u00e1gos Szaksz\u00f6vets\u00e9ge (\u00c9VOSZ) k\u00f6nny\u0171szerkezet-\u00e9p\u00edt\u0151 tagozat\u00e1nak eln\u00f6ke az MTI-nek.<\/p>\n","protected":false},"author":1,"featured_media":0,"comment_status":"open","ping_status":"closed","sticky":false,"template":"","format":"standard","meta":[],"categories":[19],"tags":[],"_links":{"self":[{"href":"https:\/\/gazdasagportal.hu\/index.php\/wp-json\/wp\/v2\/posts\/73093"}],"collection":[{"href":"https:\/\/gazdasagportal.hu\/index.php\/wp-json\/wp\/v2\/posts"}],"about":[{"href":"https:\/\/gazdasagportal.hu\/index.php\/wp-json\/wp\/v2\/types\/post"}],"author":[{"embeddable":true,"href":"https:\/\/gazdasagportal.hu\/index.php\/wp-json\/wp\/v2\/users\/1"}],"replies":[{"embeddable":true,"href":"https:\/\/gazdasagportal.hu\/index.php\/wp-json\/wp\/v2\/comments?post=73093"}],"version-history":[{"count":1,"href":"https:\/\/gazdasagportal.hu\/index.php\/wp-json\/wp\/v2\/posts\/73093\/revisions"}],"predecessor-version":[{"id":73094,"href":"https:\/\/gazdasagportal.hu\/index.php\/wp-json\/wp\/v2\/posts\/73093\/revisions\/73094"}],"wp:attachment":[{"href":"https:\/\/gazdasagportal.hu\/index.php\/wp-json\/wp\/v2\/media?parent=73093"}],"wp:term":[{"taxonomy":"category","embeddable":true,"href":"https:\/\/gazdasagportal.hu\/index.php\/wp-json\/wp\/v2\/categories?post=73093"},{"taxonomy":"post_tag","embeddable":true,"href":"https:\/\/gazdasagportal.hu\/index.php\/wp-json\/wp\/v2\/tags?post=73093"}],"curies":[{"name":"wp","href":"https:\/\/api.w.org\/{rel}","templated":true}]}}