{"id":73091,"date":"2016-01-11T07:40:47","date_gmt":"2016-01-11T06:40:47","guid":{"rendered":"http:\/\/gazdasagportal.hu\/?p=73091"},"modified":"2016-01-11T07:11:41","modified_gmt":"2016-01-11T06:11:41","slug":"egy-amerikai-napilap-szerint-az-izraeli-kormanyfo-mindent-megtesz-hogy-obamabol-ne-legyen-ensz-fotitkar","status":"publish","type":"post","link":"https:\/\/gazdasagportal.hu\/index.php\/egy-amerikai-napilap-szerint-az-izraeli-kormanyfo-mindent-megtesz-hogy-obamabol-ne-legyen-ensz-fotitkar\/","title":{"rendered":"Egy amerikai napilap szerint az izraeli korm\u00e1nyf\u0151 mindent megtesz, hogy Obam\u00e1b\u00f3l ne legyen ENSZ-f\u0151titk\u00e1r"},"content":{"rendered":"<p><strong>Egy kuvaiti napilap \u00e9rtes\u00fcl\u00e9se szerint Barack Obama sz\u00edvesen lenne ENSZ-f\u0151titk\u00e1r, a The Washington Times c\u00edm\u0171 jobboldali napilap pedig saj\u00e1t forr\u00e1sokb\u00f3l \u00fagy tudja, hogy Benj\u00e1min Netanjahu izraeli korm\u00e1nyf\u0151 sz\u00f6vets\u00e9geseket gy\u0171jt, hogy megakad\u00e1lyozza az amerikai eln\u00f6k esetleges jel\u00f6l\u00e9s\u00e9t a vil\u00e1gszervezet \u00e9l\u00e9re.<\/strong><!--more--><\/p>\n<div class=\"ads-in-post1\"><div id=\"gazdasagportal.hu_fullbanner_wideboard\"><\/div>\r\n<\/div>\n<p>    &#8222;Az izraeli korm\u00e1nyf\u0151, Benjamin Netanjahu vissza akarja fizeti Obam\u00e1nak, hogy nem vette figyelembe kifog\u00e1sait tavaly az Ir\u00e1nnal k\u00f6t\u00f6tt atomalkuval szemben&#8221; &#8211; \u00edrta saj\u00e1t forr\u00e1sokra hivatkozva a The Washington Times c\u00edm\u0171 jobboldali napilap. A riporter, Todd Wood inform\u00e1ci\u00f3i szerint a zsid\u00f3 \u00e1llam minisztereln\u00f6ke m\u00e9rs\u00e9keltnek mondott arab \u00e1llamok vezet\u0151ivel egyeztet annak \u00e9rdek\u00e9ben, hogy megtorped\u00f3zza a jelenlegi amerikai eln\u00f6k esetleges ENSZ-f\u0151titk\u00e1ri amb\u00edci\u00f3it.<br \/>\n    Obama ezzel kapcsolatos elk\u00e9pzel\u00e9seir\u0151l az Al-Dzsarida c\u00edm\u0171 &#8211; angol, arab \u00e9s urdu nyelven megjelen\u0151 &#8211; kuvaiti lap adott el\u0151sz\u00f6r h\u00edrt. Az Al-Dzsarida azt is tudni v\u00e9li, hogy az eln\u00f6k m\u00e1r el is kezdte az egyeztet\u00e9seket elk\u00e9pzel\u00e9seir\u0151l amerikai demokrata p\u00e1rti \u00e9s republik\u00e1nus p\u00e1rti politikusokkal, valamint amerikai zsid\u00f3 szervezetek k\u00e9pvisel\u0151ivel.(MTI) <\/p>\n","protected":false},"excerpt":{"rendered":"<p>Egy kuvaiti napilap \u00e9rtes\u00fcl\u00e9se szerint Barack Obama sz\u00edvesen lenne ENSZ-f\u0151titk\u00e1r, a The Washington Times c\u00edm\u0171 jobboldali napilap pedig saj\u00e1t forr\u00e1sokb\u00f3l \u00fagy tudja, hogy Benj\u00e1min Netanjahu izraeli korm\u00e1nyf\u0151 sz\u00f6vets\u00e9geseket gy\u0171jt, hogy megakad\u00e1lyozza az amerikai eln\u00f6k esetleges jel\u00f6l\u00e9s\u00e9t a vil\u00e1gszervezet \u00e9l\u00e9re.<\/p>\n","protected":false},"author":1,"featured_media":0,"comment_status":"open","ping_status":"closed","sticky":false,"template":"","format":"standard","meta":[],"categories":[13,16],"tags":[],"_links":{"self":[{"href":"https:\/\/gazdasagportal.hu\/index.php\/wp-json\/wp\/v2\/posts\/73091"}],"collection":[{"href":"https:\/\/gazdasagportal.hu\/index.php\/wp-json\/wp\/v2\/posts"}],"about":[{"href":"https:\/\/gazdasagportal.hu\/index.php\/wp-json\/wp\/v2\/types\/post"}],"author":[{"embeddable":true,"href":"https:\/\/gazdasagportal.hu\/index.php\/wp-json\/wp\/v2\/users\/1"}],"replies":[{"embeddable":true,"href":"https:\/\/gazdasagportal.hu\/index.php\/wp-json\/wp\/v2\/comments?post=73091"}],"version-history":[{"count":1,"href":"https:\/\/gazdasagportal.hu\/index.php\/wp-json\/wp\/v2\/posts\/73091\/revisions"}],"predecessor-version":[{"id":73092,"href":"https:\/\/gazdasagportal.hu\/index.php\/wp-json\/wp\/v2\/posts\/73091\/revisions\/73092"}],"wp:attachment":[{"href":"https:\/\/gazdasagportal.hu\/index.php\/wp-json\/wp\/v2\/media?parent=73091"}],"wp:term":[{"taxonomy":"category","embeddable":true,"href":"https:\/\/gazdasagportal.hu\/index.php\/wp-json\/wp\/v2\/categories?post=73091"},{"taxonomy":"post_tag","embeddable":true,"href":"https:\/\/gazdasagportal.hu\/index.php\/wp-json\/wp\/v2\/tags?post=73091"}],"curies":[{"name":"wp","href":"https:\/\/api.w.org\/{rel}","templated":true}]}}