{"id":73070,"date":"2016-01-10T07:39:39","date_gmt":"2016-01-10T06:39:39","guid":{"rendered":"http:\/\/gazdasagportal.hu\/?p=73070"},"modified":"2016-01-09T19:40:50","modified_gmt":"2016-01-09T18:40:50","slug":"a-magyar-allamkincstar-haladektalanul-kivizsgalja-a-berekkel-kapcsolatos-panaszokat","status":"publish","type":"post","link":"https:\/\/gazdasagportal.hu\/index.php\/a-magyar-allamkincstar-haladektalanul-kivizsgalja-a-berekkel-kapcsolatos-panaszokat\/","title":{"rendered":"A Magyar \u00c1llamkincst\u00e1r halad\u00e9ktalanul kivizsg\u00e1lja a b\u00e9rekkel kapcsolatos panaszokat"},"content":{"rendered":"<p><strong>A Magyar \u00c1llamkincst\u00e1r halad\u00e9ktalanul \u00e9s egyes\u00e9vel kivizsg\u00e1lja az \u00e1llami szf\u00e9r\u00e1ban dolgoz\u00f3k esetleges, b\u00e9rekkel kapcsolatos panaszait &#8211; mondta Dancs\u00f3 J\u00f3zsef, az \u00e1llamkincst\u00e1r eln\u00f6ke szombaton az MTI-nek.<\/strong><!--more--><\/p>\n<div class=\"ads-in-post1\"><div id=\"gazdasagportal.hu_fullbanner_wideboard\"><\/div>\r\n<\/div>\n<p>Az Index szombaton azt \u00edrta, \u00fagy tudj\u00e1k, hogy az orsz\u00e1gban t\u00f6bb helyen, Fej\u00e9r megy\u00e9t\u0151l Budapesten \u00e1t Gyul\u00e1ig sok olyan k\u00f6zalkalmazott van, aki 30-50, vagy ak\u00e1r 100 ezer forinttal kevesebb p\u00e9nzt kapott, mint kellett volna.<br \/>\nAz eln\u00f6k az MTI-nek hangs\u00falyozta, csak azokkal a panaszokkal tudnak \u00e9rdemben foglalkozni, amelyekr\u0151l tudom\u00e1suk van. Az esetleges panaszokat a <strong><a title=\"Lev\u00e9l k\u00fcld\u00e9se\" href=\"mailto:kira.info@allamkincstar.gov.hu\" target=\"_blank\">kira.info@allamkincstar.gov.hu<\/a> <\/strong>e-mail c\u00edmen lehet jelezni &#8211; tette hozz\u00e1.<br \/>\nDancs\u00f3 J\u00f3zsef k\u00f6z\u00f6lte, hogy decemberben 99 ilyen esetr\u0151l tudtak, janu\u00e1rban eddig 4 probl\u00e9m\u00e1s kifizet\u00e9sr\u0151l szereztek tudom\u00e1st.<br \/>\nA Magyar \u00c1llamkincst\u00e1r csaknem 900 ezer, az \u00e1llami szf\u00e9r\u00e1ban dolgoz\u00f3 munkav\u00e1llal\u00f3nak v\u00e9gzi a b\u00e9rsz\u00e1mfejt\u00e9s\u00e9t m\u00e1r \u00e9vek \u00f3ta. Tavaly szeptember 1-j\u00e9vel egy \u00faj, az \u00fagynevezett K\u00f6zpontos\u00edtott Illetm\u00e9nysz\u00e1mfejt\u00e9si Rendszerre (KIRA) t\u00e9rtek \u00e1t, amely novembert\u0151l orsz\u00e1gosan m\u0171k\u00f6dik.<br \/>\nEnnek l\u00e9nyege, hogy egyetlen rendszerben kezelik a b\u00e9rsz\u00e1mfejt\u00e9st, ami ak\u00e1r k\u00e9tmilli\u00e1rdos megtakar\u00edt\u00e1st is eredm\u00e9nyez a k\u00f6zponti k\u00f6lts\u00e9gvet\u00e9snek, hiszen nem kell megel\u0151legezni a fizet\u00e9seket, hanem m\u00e9g adott h\u00f3napban megt\u00f6rt\u00e9nhet a sz\u00e1mfejt\u00e9s, hasonl\u00f3an a piaci szf\u00e9r\u00e1hoz.<br \/>\nHangs\u00falyozta, hogy a r\u00e9gi rendszerhez k\u00e9pest az \u00faj m\u00e1r sokkal kevesebb hib\u00e1val dolgozik: m\u00edg tavaly j\u00faliusban m\u00e9g 6500 informatikai t\u00e9veszt\u00e9s fordult el\u0151, addig a KIRA elindul\u00e1sa ut\u00e1n, decemberben m\u00e1r csak 2190, \u00e9s id\u00e9n janu\u00e1rban v\u00e1rhat\u00f3an tov\u00e1bb cs\u00f6kken ez a sz\u00e1m.<br \/>\nDancs\u00f3 J\u00f3zsef sz\u00f3lt arr\u00f3l is, hogy az \u00e1t\u00e1ll\u00e1s sor\u00e1n az egyik legnagyobb neh\u00e9zs\u00e9get egyfajta szok\u00e1sjog jelentette, amely szerint a munkav\u00e1llal\u00f3k adott h\u00f3nap els\u0151 vagy m\u00e1sodik napj\u00e1n megkapt\u00e1k az illetm\u00e9ny\u00fcket, mik\u00f6zben a t\u00f6rv\u00e9ny azt \u00edrja el\u0151, hogy \u00f6t\u00f6dik\u00e9ig, illetve tizedik\u00e9ig kell megkapniuk a j\u00e1rand\u00f3s\u00e1gaikat.<br \/>\n&#8222;Ez sokak sz\u00e1m\u00e1ra \u00fajdons\u00e1g volt, amit meg kell szokni, \u00e1t kell \u00e1llni&#8221; &#8211; tette hozz\u00e1.(MTI)<\/p>\n<p>&nbsp;<\/p><div id=\"gazda-408288334\" class=\"gazda-tartalomban gazda-entity-placement\"><script async src=\"https:\/\/pagead2.googlesyndication.com\/pagead\/js\/adsbygoogle.js\"><\/script>\r\n<ins class=\"adsbygoogle\"\r\n     style=\"display:block\"\r\n     data-ad-format=\"fluid\"\r\n     data-ad-layout-key=\"-6t+ed+2i-1n-4w\"\r\n     data-ad-client=\"ca-pub-1959107119989764\"\r\n     data-ad-slot=\"4008251320\"><\/ins>\r\n<script>\r\n     (adsbygoogle = window.adsbygoogle || []).push({});\r\n<\/script><\/div>\n","protected":false},"excerpt":{"rendered":"<p>A Magyar \u00c1llamkincst\u00e1r halad\u00e9ktalanul \u00e9s egyes\u00e9vel kivizsg\u00e1lja az \u00e1llami szf\u00e9r\u00e1ban dolgoz\u00f3k esetleges, b\u00e9rekkel kapcsolatos panaszait &#8211; mondta Dancs\u00f3 J\u00f3zsef, az \u00e1llamkincst\u00e1r eln\u00f6ke szombaton az MTI-nek.<\/p>\n","protected":false},"author":1,"featured_media":0,"comment_status":"open","ping_status":"closed","sticky":false,"template":"","format":"standard","meta":[],"categories":[19],"tags":[],"_links":{"self":[{"href":"https:\/\/gazdasagportal.hu\/index.php\/wp-json\/wp\/v2\/posts\/73070"}],"collection":[{"href":"https:\/\/gazdasagportal.hu\/index.php\/wp-json\/wp\/v2\/posts"}],"about":[{"href":"https:\/\/gazdasagportal.hu\/index.php\/wp-json\/wp\/v2\/types\/post"}],"author":[{"embeddable":true,"href":"https:\/\/gazdasagportal.hu\/index.php\/wp-json\/wp\/v2\/users\/1"}],"replies":[{"embeddable":true,"href":"https:\/\/gazdasagportal.hu\/index.php\/wp-json\/wp\/v2\/comments?post=73070"}],"version-history":[{"count":1,"href":"https:\/\/gazdasagportal.hu\/index.php\/wp-json\/wp\/v2\/posts\/73070\/revisions"}],"predecessor-version":[{"id":73071,"href":"https:\/\/gazdasagportal.hu\/index.php\/wp-json\/wp\/v2\/posts\/73070\/revisions\/73071"}],"wp:attachment":[{"href":"https:\/\/gazdasagportal.hu\/index.php\/wp-json\/wp\/v2\/media?parent=73070"}],"wp:term":[{"taxonomy":"category","embeddable":true,"href":"https:\/\/gazdasagportal.hu\/index.php\/wp-json\/wp\/v2\/categories?post=73070"},{"taxonomy":"post_tag","embeddable":true,"href":"https:\/\/gazdasagportal.hu\/index.php\/wp-json\/wp\/v2\/tags?post=73070"}],"curies":[{"name":"wp","href":"https:\/\/api.w.org\/{rel}","templated":true}]}}