{"id":73060,"date":"2016-01-09T18:20:54","date_gmt":"2016-01-09T17:20:54","guid":{"rendered":"http:\/\/gazdasagportal.hu\/?p=73060"},"modified":"2016-01-09T18:20:54","modified_gmt":"2016-01-09T17:20:54","slug":"illegalis-bevandorlas-tuzson-bence-az-egyutt-elnokenek-a-nokkel-eroszakoskodokat-kellene-feljelentenie","status":"publish","type":"post","link":"https:\/\/gazdasagportal.hu\/index.php\/illegalis-bevandorlas-tuzson-bence-az-egyutt-elnokenek-a-nokkel-eroszakoskodokat-kellene-feljelentenie\/","title":{"rendered":"Illeg\u00e1lis bev\u00e1ndorl\u00e1s &#8211; Tuzson Bence: az Egy\u00fctt eln\u00f6k\u00e9nek a n\u0151kkel er\u0151szakoskod\u00f3kat kellene feljelentenie"},"content":{"rendered":"<p><strong>A korm\u00e1nyzati kommunik\u00e1ci\u00f3\u00e9rt felel\u0151s \u00e1llamtitk\u00e1r szerint Szigetv\u00e1ri Viktornak ink\u00e1bb azokat kellene feljelentenie, akik a n\u0151kkel er\u0151szakoskodnak \u00e9s nem a bev\u00e1ndorl\u00f3kat kellene v\u00e9denie.<\/strong><!--more--><\/p>\n<div class=\"ads-in-post1\"><div id=\"gazdasagportal.hu_fullbanner_wideboard\"><\/div>\r\n<\/div>\n<p>    Tuzson Bence az MTI-hez szombaton eljuttatott k\u00f6zlem\u00e9ny\u00e9ben azt \u00edrta: &#8222;az Egy\u00fctt mai k\u00f6zlem\u00e9nye is bizony\u00edtja, hogy a baloldal m\u00e9g mindig a bev\u00e1ndorl\u00f3k p\u00e1rtj\u00e1n \u00e1ll&#8221;. Ha rajtuk m\u00falna, t\u00f6bb t\u00edzezer illeg\u00e1lis bev\u00e1ndorl\u00f3t telep\u00edten\u00e9nek be az orsz\u00e1gba &#8211; tette hozz\u00e1.<br \/>\n    Az \u00e1llamtitk\u00e1r szerint a baloldal becsukott szemmel j\u00e1r, nem veszik \u00e9szre, hogy mi t\u00f6rt\u00e9nt K\u00f6lnben vagy Helsinkiben. Az ott t\u00f6rt\u00e9ntek is bizony\u00edtj\u00e1k: a bev\u00e1ndorl\u00f3k nem tartj\u00e1k tiszteletben a t\u00f6rv\u00e9nyeket \u00e9s a n\u0151k jogait.<br \/>\n    Szigetv\u00e1ri Viktor szombaton azt k\u00f6z\u00f6lte, hogy nagy nyilv\u00e1noss\u00e1g el\u0151tt elk\u00f6vetett k\u00f6z\u00f6ss\u00e9g elleni usz\u00edt\u00e1s gyan\u00faja miatt feljelent\u00e9st tett ismeretlen tettes ellen. Az Egy\u00fctt eln\u00f6ke szerint &#8222;A korm\u00e1ny nemet mond a k\u00f6telez\u0151 betelep\u00edt\u00e9si kv\u00f3t\u00e1ra&#8221; szlogennel f\u00e9mjelzett korm\u00e1nyzati kamp\u00e1ny kimer\u00edti e b\u0171ncselekm\u00e9ny t\u00e9ny\u00e1ll\u00e1s\u00e1t.(MTI)<\/p>\n","protected":false},"excerpt":{"rendered":"<p>A korm\u00e1nyzati kommunik\u00e1ci\u00f3\u00e9rt felel\u0151s \u00e1llamtitk\u00e1r szerint Szigetv\u00e1ri Viktornak ink\u00e1bb azokat kellene feljelentenie, akik a n\u0151kkel er\u0151szakoskodnak \u00e9s nem a bev\u00e1ndorl\u00f3kat kellene v\u00e9denie.<\/p>\n","protected":false},"author":1,"featured_media":0,"comment_status":"open","ping_status":"closed","sticky":false,"template":"","format":"standard","meta":[],"categories":[4,18],"tags":[],"_links":{"self":[{"href":"https:\/\/gazdasagportal.hu\/index.php\/wp-json\/wp\/v2\/posts\/73060"}],"collection":[{"href":"https:\/\/gazdasagportal.hu\/index.php\/wp-json\/wp\/v2\/posts"}],"about":[{"href":"https:\/\/gazdasagportal.hu\/index.php\/wp-json\/wp\/v2\/types\/post"}],"author":[{"embeddable":true,"href":"https:\/\/gazdasagportal.hu\/index.php\/wp-json\/wp\/v2\/users\/1"}],"replies":[{"embeddable":true,"href":"https:\/\/gazdasagportal.hu\/index.php\/wp-json\/wp\/v2\/comments?post=73060"}],"version-history":[{"count":1,"href":"https:\/\/gazdasagportal.hu\/index.php\/wp-json\/wp\/v2\/posts\/73060\/revisions"}],"predecessor-version":[{"id":73061,"href":"https:\/\/gazdasagportal.hu\/index.php\/wp-json\/wp\/v2\/posts\/73060\/revisions\/73061"}],"wp:attachment":[{"href":"https:\/\/gazdasagportal.hu\/index.php\/wp-json\/wp\/v2\/media?parent=73060"}],"wp:term":[{"taxonomy":"category","embeddable":true,"href":"https:\/\/gazdasagportal.hu\/index.php\/wp-json\/wp\/v2\/categories?post=73060"},{"taxonomy":"post_tag","embeddable":true,"href":"https:\/\/gazdasagportal.hu\/index.php\/wp-json\/wp\/v2\/tags?post=73060"}],"curies":[{"name":"wp","href":"https:\/\/api.w.org\/{rel}","templated":true}]}}