{"id":73058,"date":"2016-01-09T17:32:18","date_gmt":"2016-01-09T16:32:18","guid":{"rendered":"http:\/\/gazdasagportal.hu\/?p=73058"},"modified":"2016-01-09T16:25:58","modified_gmt":"2016-01-09T15:25:58","slug":"veszelyesen-csuszosak-az-erdei-utak-a-pilisi-parkerdoben","status":"publish","type":"post","link":"https:\/\/gazdasagportal.hu\/index.php\/veszelyesen-csuszosak-az-erdei-utak-a-pilisi-parkerdoben\/","title":{"rendered":"Vesz\u00e9lyesen cs\u00fasz\u00f3sak az erdei utak a Pilisi Parkerd\u0151ben"},"content":{"rendered":"<p><strong>A talajra fagyott csapad\u00e9k az erdei \u00e9s turista utakon egybef\u00fcgg\u0151 j\u00e9gp\u00e1nc\u00e9lt alkotott a Pilis, a Budai- \u00e9s a Visegr\u00e1di-hegys\u00e9g magasabb ter\u00fcletein &#8211; k\u00f6z\u00f6lte a Pilisi Parkerd\u0151 Zrt. szombaton az MTI-vel. Cs\u00fasz\u00f3sak az utak Borsod-Aba\u00faj-Zempl\u00e9n megy\u00e9ben is.<\/strong><!--more--><\/p>\n<div class=\"ads-in-post1\"><div id=\"gazdasagportal.hu_fullbanner_wideboard\"><\/div>\r\n<\/div>\n<p>    A parkerd\u0151 k\u00f6zlem\u00e9nye szerint balesetvesz\u00e9lyesek lehetnek a k\u00f6zkedvelt turisztikai c\u00e9lpontok, \u00edgy a R\u00e1m-szakad\u00e9k, a Spartacus-\u00f6sv\u00e9ny, a Visegr\u00e1di Fellegv\u00e1r \u00e9s a Mogyor\u00f3-hegy k\u00f6rny\u00e9ke is.<br \/>\n    A ker\u00e9kp\u00e1roz\u00e1sra kijel\u00f6lt aszfaltozott erdei utak is nehezen j\u00e1rhat\u00f3k, ugyanakkor az \u00f3nos es\u0151 a f\u00e1k \u00e1gain egyel\u0151re nem alkot olyan vastag j\u00e9gp\u00e1nc\u00e9lt, amelynek s\u00faly\u00e1t\u00f3l \u00e1gak t\u00f6rhetn\u00e9nek le &#8211; \u00edrt\u00e1k.<br \/>\n    Borsod-Aba\u00faj-Zempl\u00e9n megye t\u00f6bb \u00fatj\u00e1n \u00f3nos es\u0151 miatt lass\u00fa a halad\u00e1s, az \u00fatburkolatra fagyott csapad\u00e9k f\u0151leg az M3-as aut\u00f3p\u00e1ly\u00e1n nehez\u00edti a k\u00f6zleked\u00e9st &#8211; k\u00f6z\u00f6lte a megyei rend\u0151r-f\u0151kapit\u00e1nys\u00e1g sajt\u00f3\u00fcgyelete az MTI-vel.<br \/>\n    A t\u00e1j\u00e9koztat\u00e1s szerint a f\u0151bb \u00fatvonalakat folyamatosan takar\u00edtj\u00e1k, s\u00f3zz\u00e1k, \u00e1m az alacsony h\u0151m\u00e9rs\u00e9klet miatt a csapad\u00e9k t\u00f6bb \u00fatszakaszon visszafagy.(MTI)<\/p>\n","protected":false},"excerpt":{"rendered":"<p>A talajra fagyott csapad\u00e9k az erdei \u00e9s turista utakon egybef\u00fcgg\u0151 j\u00e9gp\u00e1nc\u00e9lt alkotott a Pilis, a Budai- \u00e9s a Visegr\u00e1di-hegys\u00e9g magasabb ter\u00fcletein &#8211; k\u00f6z\u00f6lte a Pilisi Parkerd\u0151 Zrt. szombaton az MTI-vel. Cs\u00fasz\u00f3sak az utak Borsod-Aba\u00faj-Zempl\u00e9n megy\u00e9ben is.<\/p>\n","protected":false},"author":1,"featured_media":0,"comment_status":"open","ping_status":"closed","sticky":false,"template":"","format":"standard","meta":[],"categories":[4,151],"tags":[],"_links":{"self":[{"href":"https:\/\/gazdasagportal.hu\/index.php\/wp-json\/wp\/v2\/posts\/73058"}],"collection":[{"href":"https:\/\/gazdasagportal.hu\/index.php\/wp-json\/wp\/v2\/posts"}],"about":[{"href":"https:\/\/gazdasagportal.hu\/index.php\/wp-json\/wp\/v2\/types\/post"}],"author":[{"embeddable":true,"href":"https:\/\/gazdasagportal.hu\/index.php\/wp-json\/wp\/v2\/users\/1"}],"replies":[{"embeddable":true,"href":"https:\/\/gazdasagportal.hu\/index.php\/wp-json\/wp\/v2\/comments?post=73058"}],"version-history":[{"count":1,"href":"https:\/\/gazdasagportal.hu\/index.php\/wp-json\/wp\/v2\/posts\/73058\/revisions"}],"predecessor-version":[{"id":73059,"href":"https:\/\/gazdasagportal.hu\/index.php\/wp-json\/wp\/v2\/posts\/73058\/revisions\/73059"}],"wp:attachment":[{"href":"https:\/\/gazdasagportal.hu\/index.php\/wp-json\/wp\/v2\/media?parent=73058"}],"wp:term":[{"taxonomy":"category","embeddable":true,"href":"https:\/\/gazdasagportal.hu\/index.php\/wp-json\/wp\/v2\/categories?post=73058"},{"taxonomy":"post_tag","embeddable":true,"href":"https:\/\/gazdasagportal.hu\/index.php\/wp-json\/wp\/v2\/tags?post=73058"}],"curies":[{"name":"wp","href":"https:\/\/api.w.org\/{rel}","templated":true}]}}