{"id":73054,"date":"2016-01-09T13:44:21","date_gmt":"2016-01-09T12:44:21","guid":{"rendered":"http:\/\/gazdasagportal.hu\/?p=73054"},"modified":"2016-01-09T12:15:30","modified_gmt":"2016-01-09T11:15:30","slug":"leginkabb-a-ruhazati-es-a-muszaki-cikkekkel-van-problemaja-az-interneten-vasarloknak","status":"publish","type":"post","link":"https:\/\/gazdasagportal.hu\/index.php\/leginkabb-a-ruhazati-es-a-muszaki-cikkekkel-van-problemaja-az-interneten-vasarloknak\/","title":{"rendered":"Legink\u00e1bb a ruh\u00e1zati \u00e9s a m\u0171szaki cikkekkel van probl\u00e9m\u00e1ja az interneten v\u00e1s\u00e1rl\u00f3knak"},"content":{"rendered":"<p><strong>Leggyakrabban a ruh\u00e1zati \u00e9s a m\u0171szaki term\u00e9kekkel akad probl\u00e9m\u00e1ja azoknak, akik az interneten v\u00e1s\u00e1rolnak &#8211; mondta Kriesch Attila, a Nemzeti Fogyaszt\u00f3v\u00e9delmi Hat\u00f3s\u00e1gon bel\u00fcl m\u0171k\u00f6d\u0151 Eur\u00f3pai Fogyaszt\u00f3i K\u00f6zpont igazgat\u00f3ja szombaton az M1 aktu\u00e1lis csatorna m\u0171sor\u00e1ban.<\/strong><!--more--><\/p>\n<div class=\"ads-in-post1\"><div id=\"gazdasagportal.hu_fullbanner_wideboard\"><\/div>\r\n<\/div>\n<p>    Az igazgat\u00f3 szerint a web\u00e1ruh\u00e1zak term\u00e9kei k\u00f6z\u00f6tt a m\u0171szaki cikkek gyakran olcs\u00f3bbnak t\u0171nnek, mint a magyar boltokban, ez\u00e9rt sokan v\u00e1s\u00e1rolnak bel\u0151l\u00fck.<br \/>\n    A ruh\u00e1zati cikkek eset\u00e9ben pedig gyakran kider\u00fcl, hogy nem eredeti term\u00e9ket k\u00edn\u00e1lnak elad\u00e1sra a web\u00e1ruh\u00e1zak &#8211; mondta.<br \/>\n    Hozz\u00e1tette, a legnehezebb az uni\u00f3n k\u00edv\u00fcli, k\u00ednai, vagy amerikai elad\u00f3kkal szemben elj\u00e1rni.<br \/>\n    A szakember szerint az internetes v\u00e1s\u00e1rl\u00e1s el\u0151tt aj\u00e1nlott t\u00e1j\u00e9koz\u00f3dni a k\u00fcl\u00f6nb\u00f6z\u0151 f\u00f3rumokon, nem szabad abban b\u00edzni, hogy egy magyar nyelv\u0171 oldal val\u00f3ban magyar elad\u00f3t is takar \u00e9s \u00e9rdemes gyanakodni, ha egy term\u00e9knek t\u00fal alacsony az \u00e1ra.(MTI)<\/p>\n","protected":false},"excerpt":{"rendered":"<p>Leggyakrabban a ruh\u00e1zati \u00e9s a m\u0171szaki term\u00e9kekkel akad probl\u00e9m\u00e1ja azoknak, akik az interneten v\u00e1s\u00e1rolnak &#8211; mondta Kriesch Attila, a Nemzeti Fogyaszt\u00f3v\u00e9delmi Hat\u00f3s\u00e1gon bel\u00fcl m\u0171k\u00f6d\u0151 Eur\u00f3pai Fogyaszt\u00f3i K\u00f6zpont igazgat\u00f3ja szombaton az M1 aktu\u00e1lis csatorna m\u0171sor\u00e1ban.<\/p>\n","protected":false},"author":1,"featured_media":0,"comment_status":"open","ping_status":"closed","sticky":false,"template":"","format":"standard","meta":[],"categories":[19],"tags":[],"_links":{"self":[{"href":"https:\/\/gazdasagportal.hu\/index.php\/wp-json\/wp\/v2\/posts\/73054"}],"collection":[{"href":"https:\/\/gazdasagportal.hu\/index.php\/wp-json\/wp\/v2\/posts"}],"about":[{"href":"https:\/\/gazdasagportal.hu\/index.php\/wp-json\/wp\/v2\/types\/post"}],"author":[{"embeddable":true,"href":"https:\/\/gazdasagportal.hu\/index.php\/wp-json\/wp\/v2\/users\/1"}],"replies":[{"embeddable":true,"href":"https:\/\/gazdasagportal.hu\/index.php\/wp-json\/wp\/v2\/comments?post=73054"}],"version-history":[{"count":1,"href":"https:\/\/gazdasagportal.hu\/index.php\/wp-json\/wp\/v2\/posts\/73054\/revisions"}],"predecessor-version":[{"id":73055,"href":"https:\/\/gazdasagportal.hu\/index.php\/wp-json\/wp\/v2\/posts\/73054\/revisions\/73055"}],"wp:attachment":[{"href":"https:\/\/gazdasagportal.hu\/index.php\/wp-json\/wp\/v2\/media?parent=73054"}],"wp:term":[{"taxonomy":"category","embeddable":true,"href":"https:\/\/gazdasagportal.hu\/index.php\/wp-json\/wp\/v2\/categories?post=73054"},{"taxonomy":"post_tag","embeddable":true,"href":"https:\/\/gazdasagportal.hu\/index.php\/wp-json\/wp\/v2\/tags?post=73054"}],"curies":[{"name":"wp","href":"https:\/\/api.w.org\/{rel}","templated":true}]}}