{"id":73048,"date":"2016-01-09T10:12:22","date_gmt":"2016-01-09T09:12:22","guid":{"rendered":"http:\/\/gazdasagportal.hu\/?p=73048"},"modified":"2016-01-09T10:12:22","modified_gmt":"2016-01-09T09:12:22","slug":"onos-eso-csuszos-jeges-utak-a-fovarosban-es-pest-megyeben","status":"publish","type":"post","link":"https:\/\/gazdasagportal.hu\/index.php\/onos-eso-csuszos-jeges-utak-a-fovarosban-es-pest-megyeben\/","title":{"rendered":"\u00d3nos es\u0151 &#8211; Cs\u00fasz\u00f3s, jeges utak a f\u0151v\u00e1rosban \u00e9s Pest megy\u00e9ben"},"content":{"rendered":"<p><strong>Az \u00f3nos es\u0151 miatt t\u00f6bb helyen kell cs\u00fasz\u00f3s, jeges \u00fatszakaszokra sz\u00e1m\u00edtani a f\u0151v\u00e1rosban \u00e9s Pest megy\u00e9ben szombaton &#8211; k\u00f6z\u00f6lte a Budapesti K\u00f6zleked\u00e9si K\u00f6zpont (BKK) \u00e9s a rend\u0151rs\u00e9g.<\/strong><!--more--><\/p>\n<div class=\"ads-in-post1\"><div id=\"gazdasagportal.hu_fullbanner_wideboard\"><\/div>\r\n<\/div>\n<p>    A BKK Facebook-oldal\u00e1n megjelent inform\u00e1ci\u00f3k szerint Budapesten f\u0151k\u00e9nt a magasabban fekv\u0151 ter\u00fcleteken \u00e9s a k\u00fcls\u0151 ker\u00fcletekben sz\u00e1m\u00edthatnak cs\u00fasz\u00f3s \u00fatszakaszokra az emberek.<br \/>\n    K\u00f6z\u00f6lt\u00e9k azt is, hogy baleset miatt a 14-es villamosp\u00f3tl\u00f3 aut\u00f3busz meghosszabb\u00edtott \u00fatvonalon, az angyalf\u00f6ldi kocsisz\u00ednig k\u00f6zlekedik. A 14-es villamos csak a Lehel t\u00e9ri metr\u00f3meg\u00e1ll\u00f3 \u00e9s angyalf\u00f6ldi kocsisz\u00edn k\u00f6z\u00f6tt j\u00e1r &#8211; tett\u00e9k hozz\u00e1.<br \/>\n    A rend\u0151rs\u00e9g a honlapj\u00e1n azt \u00edrta, hogy Pest megye t\u00f6bb \u00fatj\u00e1n \u00f3nos es\u0151 miatt lass\u00fa a halad\u00e1s: az \u00fatburkolatra fagyott csapad\u00e9k &#8211; f\u0151leg a megye \u00e9szaki r\u00e9sz\u00e9n &#8211; nehez\u00edti a k\u00f6zleked\u00e9st. A f\u0151bb \u00fatvonalak s\u00f3z\u00e1sa folyamatos, azonban az alacsony h\u0151m\u00e9rs\u00e9klet miatt a csapad\u00e9k t\u00f6bb \u00fatszakaszon visszafagy &#8211; tett\u00e9k hozz\u00e1.<br \/>\n    A Nagytarcsa \u00e9s Isaszeg k\u00f6z\u00f6tti 3102-es sz\u00e1m\u00fa \u00faton t\u00f6bb aut\u00f3 \u00e1rokba cs\u00faszott vagy elakadt, ez\u00e9rt az utat a m\u0171szaki ment\u00e9sek idej\u00e9re lez\u00e1rt\u00e1k.<br \/>\n    A Pest Megyei Rend\u0151r-f\u0151kapit\u00e1nys\u00e1g balesetmegel\u0151z\u00e9si bizotts\u00e1ga k\u00e9ri a j\u00e1rm\u0171vezet\u0151ket, hogy fokozott \u00f3vatoss\u00e1ggal \u00e9s k\u00f6r\u00fcltekint\u00e9ssel k\u00f6zlekedjenek, j\u00e1rm\u0171veik sebess\u00e9g\u00e9t pedig az \u00fat- \u00e9s l\u00e1t\u00e1si viszonyoknak megfelel\u0151en v\u00e1lassz\u00e1k meg.<br \/>\n    A meteorol\u00f3giai szolg\u00e1lat m\u00e1r p\u00e9nteken orsz\u00e1gszerte \u00f3nos es\u0151re \u00e9s tart\u00f3s, s\u0171r\u0171 k\u00f6dre figyelmeztetett: a f\u0151v\u00e1rosra \u00e9s Pest megy\u00e9re, valamint Borsod-Aba\u00faj-Zempl\u00e9n, Heves \u00e9s N\u00f3gr\u00e1d megy\u00e9re narancss\u00e1rga, vagyis m\u00e1sodfok\u00fa figyelmeztet\u00e9st adott ki.<br \/>\n    B\u00e1cs-Kiskun, Fej\u00e9r, Hajd\u00fa-Bihar, J\u00e1sz-Nagykun-Szolnok, Kom\u00e1rom-Esztergom \u00e9s Szabolcs-Szatm\u00e1r-Bereg megy\u00e9kre ugyancsak az \u00f3nos es\u0151 miatt els\u0151fok\u00fa figyelmeztet\u00e9s van \u00e9rv\u00e9nyben.<br \/>\n    Az MTI-hez eljuttatott vesz\u00e9lyjelz\u00e9s szerint legnagyobb es\u00e9llyel az orsz\u00e1g \u00e9szakkeleti, \u00e9szaki harmad\u00e1n v\u00e1rhat\u00f3 a legtov\u00e1bb vegyes csapad\u00e9k: az es\u0151 mellett \u00f3nos es\u0151, fagyott es\u0151, h\u00f3 is lehet. Napk\u00f6zben ezeken a t\u00e1jakon is egyre ink\u00e1bb az es\u0151 lesz a jellemz\u0151. Ugyanakkor megjegyezt\u00e9k, hogy a fagyos ter\u00fcleteken az \u00f3nos es\u0151 mellett tov\u00e1bbra is b\u00e1rmikor lehet \u00f3nos szit\u00e1l\u00e1s.(MTI)<\/p>\n","protected":false},"excerpt":{"rendered":"<p>Az \u00f3nos es\u0151 miatt t\u00f6bb helyen kell cs\u00fasz\u00f3s, jeges \u00fatszakaszokra sz\u00e1m\u00edtani a f\u0151v\u00e1rosban \u00e9s Pest megy\u00e9ben szombaton &#8211; k\u00f6z\u00f6lte a Budapesti K\u00f6zleked\u00e9si K\u00f6zpont (BKK) \u00e9s a rend\u0151rs\u00e9g.<\/p>\n","protected":false},"author":1,"featured_media":0,"comment_status":"open","ping_status":"closed","sticky":false,"template":"","format":"standard","meta":[],"categories":[4,151],"tags":[],"_links":{"self":[{"href":"https:\/\/gazdasagportal.hu\/index.php\/wp-json\/wp\/v2\/posts\/73048"}],"collection":[{"href":"https:\/\/gazdasagportal.hu\/index.php\/wp-json\/wp\/v2\/posts"}],"about":[{"href":"https:\/\/gazdasagportal.hu\/index.php\/wp-json\/wp\/v2\/types\/post"}],"author":[{"embeddable":true,"href":"https:\/\/gazdasagportal.hu\/index.php\/wp-json\/wp\/v2\/users\/1"}],"replies":[{"embeddable":true,"href":"https:\/\/gazdasagportal.hu\/index.php\/wp-json\/wp\/v2\/comments?post=73048"}],"version-history":[{"count":1,"href":"https:\/\/gazdasagportal.hu\/index.php\/wp-json\/wp\/v2\/posts\/73048\/revisions"}],"predecessor-version":[{"id":73049,"href":"https:\/\/gazdasagportal.hu\/index.php\/wp-json\/wp\/v2\/posts\/73048\/revisions\/73049"}],"wp:attachment":[{"href":"https:\/\/gazdasagportal.hu\/index.php\/wp-json\/wp\/v2\/media?parent=73048"}],"wp:term":[{"taxonomy":"category","embeddable":true,"href":"https:\/\/gazdasagportal.hu\/index.php\/wp-json\/wp\/v2\/categories?post=73048"},{"taxonomy":"post_tag","embeddable":true,"href":"https:\/\/gazdasagportal.hu\/index.php\/wp-json\/wp\/v2\/tags?post=73048"}],"curies":[{"name":"wp","href":"https:\/\/api.w.org\/{rel}","templated":true}]}}