{"id":72994,"date":"2016-01-08T07:06:20","date_gmt":"2016-01-08T06:06:20","guid":{"rendered":"http:\/\/gazdasagportal.hu\/?p=72994"},"modified":"2016-01-08T07:06:20","modified_gmt":"2016-01-08T06:06:20","slug":"john-kerry-azt-javasolja-kinanak-hogy-valtoztasson-eddigi-eszak-koreahoz-fuzodo-viszonyan","status":"publish","type":"post","link":"https:\/\/gazdasagportal.hu\/index.php\/john-kerry-azt-javasolja-kinanak-hogy-valtoztasson-eddigi-eszak-koreahoz-fuzodo-viszonyan\/","title":{"rendered":"John Kerry azt javasolja K\u00edn\u00e1nak, hogy v\u00e1ltoztasson eddigi \u00c9szak-Kore\u00e1hoz f\u0171z\u0151d\u0151 viszony\u00e1n"},"content":{"rendered":"<p><strong>Az amerikai diplom\u00e1cia ir\u00e1ny\u00edt\u00f3ja, John Kerry \u00fajs\u00e1g\u00edr\u00f3kkal besz\u00e9lgetve sz\u00f3lt arr\u00f3l, hogy cs\u00fct\u00f6rt\u00f6ki telefonbesz\u00e9lget\u00e9s\u00e9ben vil\u00e1goss\u00e1 tette Vang Ji k\u00ednai k\u00fcl\u00fcgyminiszternek: az \u00e9szak-koreai atomrobbant\u00e1s megmutatta, nem eredm\u00e9nyes az a politika, ahogy K\u00edna eddig \u00c9szak-Kore\u00e1t kezelte. <\/strong><!--more--><\/p>\n<div class=\"ads-in-post1\"><div id=\"gazdasagportal.hu_fullbanner_wideboard\"><\/div>\r\n<\/div>\n<p>    Kerry k\u00fcl\u00fcgyminiszter azt fejtegette, hogy K\u00edn\u00e1t sz\u00f6vets\u00e9gesi viszony f\u0171zi \u00c9szak-Kore\u00e1hoz, ez\u00e9rt saj\u00e1tosan k\u00f6zel\u00edtette meg a k\u00eds\u00e9rleti atomrobbant\u00e1sr\u00f3l sz\u00f3l\u00f3 szerdai phenjani bejelent\u00e9st, az Egyes\u00fclt \u00c1llamok pedig b\u00e1tor\u00edtotta \u00e9s tiszteletben tartotta e politik\u00e1t, de &#8222;a k\u00ednai k\u00fcl\u00fcgyminiszterrel folytatott mai besz\u00e9lget\u00e9semben vil\u00e1goss\u00e1 tettem, hogy ez nem m\u0171k\u00f6d\u00f6tt \u00e9s a dolgokat nem folytathatjuk tov\u00e1bb \u00fagy, mint eddig&#8221; &#8211; mondta Kerry.<br \/>\n    A k\u00fcl\u00fcgyminiszter nem fogalmazott egy\u00e9rtelm\u0171en, szavaib\u00f3l ugyanis nem der\u00fclt ki,  hogy mi nem folytat\u00f3dhat a r\u00e9gi m\u00f3don: a politikai viszony, avagy a gazdas\u00e1gi egy\u00fcttm\u0171k\u00f6d\u00e9s.<br \/>\n    Elemz\u0151k a k\u00ednai &#8211; \u00e9szak-koreai gazdas\u00e1gi egy\u00fcttm\u0171k\u00f6d\u00e9st emlegetik, s t\u00e9ny, hogy Phenjannak Peking a legf\u0151bb gazdas\u00e1gi partnere, amellett, hogy politik\u00e1j\u00e1nak t\u00e1mogat\u00f3ja is K\u00edna.          Az amerikai diplom\u00e1cia ir\u00e1ny\u00edt\u00f3ja azt is elmondta: k\u00ednai koll\u00e9g\u00e1j\u00e1val, Vanggal egyet\u00e9rtett abban, hogy szoros egy\u00fcttm\u0171k\u00f6d\u00e9ssel dolgozz\u00e1k ki azokat az int\u00e9zked\u00e9seket, amelyeket a jelenlegi helyzet sz\u00fcks\u00e9gess\u00e9 tesz.<br \/>\n    &#8222;Amerika &#8211; fogalmazott Kerry &#8211; hat\u00e1rozottan \u00e9s folyamatosan elk\u00f6telezett a t\u00e9rs\u00e9g  biztons\u00e1ga \u00e9s az atomfegyverek terjed\u00e9s\u00e9nek megakad\u00e1lyoz\u00e1sa mellett.&#8221;         K\u00f6zben az amerikai kongresszus als\u00f3h\u00e1z\u00e1ban republik\u00e1nus \u00e9s demokrata politikusok ritk\u00e1n tapasztalhat\u00f3 \u00f6sszefog\u00e1sa kezd kialakulni az \u00c9szak-Korea ellen foganatos\u00edtand\u00f3 szankci\u00f3k \u00fcgy\u00e9ben. Nancy Pelosi, a Demokrata P\u00e1rt k\u00e9pvisel\u0151-csoportj\u00e1nak vezet\u0151je szerint val\u00f3sz\u00edn\u0171leg a j\u00f6v\u0151 h\u00e9ten terjesztik el\u0151 szavaz\u00e1sra a szankci\u00f3s csomagtervet. Ebben v\u00e1rhat\u00f3an olyan bankok \u00e9s mag\u00e1nszem\u00e9lyek ellen hozn\u00e1nak b\u00fcntet\u0151szankci\u00f3kat, amelyek \u00e9s akik megk\u00f6nny\u00edtik az \u00e9szak-koreai atomprogramot.(MTI)<\/p>\n","protected":false},"excerpt":{"rendered":"<p>Az amerikai diplom\u00e1cia ir\u00e1ny\u00edt\u00f3ja, John Kerry \u00fajs\u00e1g\u00edr\u00f3kkal besz\u00e9lgetve sz\u00f3lt arr\u00f3l, hogy cs\u00fct\u00f6rt\u00f6ki telefonbesz\u00e9lget\u00e9s\u00e9ben vil\u00e1goss\u00e1 tette Vang Ji k\u00ednai k\u00fcl\u00fcgyminiszternek: az \u00e9szak-koreai atomrobbant\u00e1s megmutatta, nem eredm\u00e9nyes az a politika, ahogy K\u00edna eddig \u00c9szak-Kore\u00e1t kezelte.<\/p>\n","protected":false},"author":1,"featured_media":0,"comment_status":"open","ping_status":"closed","sticky":false,"template":"","format":"standard","meta":[],"categories":[246],"tags":[],"_links":{"self":[{"href":"https:\/\/gazdasagportal.hu\/index.php\/wp-json\/wp\/v2\/posts\/72994"}],"collection":[{"href":"https:\/\/gazdasagportal.hu\/index.php\/wp-json\/wp\/v2\/posts"}],"about":[{"href":"https:\/\/gazdasagportal.hu\/index.php\/wp-json\/wp\/v2\/types\/post"}],"author":[{"embeddable":true,"href":"https:\/\/gazdasagportal.hu\/index.php\/wp-json\/wp\/v2\/users\/1"}],"replies":[{"embeddable":true,"href":"https:\/\/gazdasagportal.hu\/index.php\/wp-json\/wp\/v2\/comments?post=72994"}],"version-history":[{"count":1,"href":"https:\/\/gazdasagportal.hu\/index.php\/wp-json\/wp\/v2\/posts\/72994\/revisions"}],"predecessor-version":[{"id":72995,"href":"https:\/\/gazdasagportal.hu\/index.php\/wp-json\/wp\/v2\/posts\/72994\/revisions\/72995"}],"wp:attachment":[{"href":"https:\/\/gazdasagportal.hu\/index.php\/wp-json\/wp\/v2\/media?parent=72994"}],"wp:term":[{"taxonomy":"category","embeddable":true,"href":"https:\/\/gazdasagportal.hu\/index.php\/wp-json\/wp\/v2\/categories?post=72994"},{"taxonomy":"post_tag","embeddable":true,"href":"https:\/\/gazdasagportal.hu\/index.php\/wp-json\/wp\/v2\/tags?post=72994"}],"curies":[{"name":"wp","href":"https:\/\/api.w.org\/{rel}","templated":true}]}}