{"id":72908,"date":"2016-01-06T18:19:12","date_gmt":"2016-01-06T17:19:12","guid":{"rendered":"http:\/\/gazdasagportal.hu\/?p=72908"},"modified":"2016-01-06T17:20:02","modified_gmt":"2016-01-06T16:20:02","slug":"gazdasagkutato-hatranyos-lenne-az-eu-nak-a-schengeni-egyezmeny-felfuggesztese","status":"publish","type":"post","link":"https:\/\/gazdasagportal.hu\/index.php\/gazdasagkutato-hatranyos-lenne-az-eu-nak-a-schengeni-egyezmeny-felfuggesztese\/","title":{"rendered":"Gazdas\u00e1gkutat\u00f3: h\u00e1tr\u00e1nyos lenne az EU-nak a schengeni egyezm\u00e9ny felf\u00fcggeszt\u00e9se"},"content":{"rendered":"<p><strong>A schengeni egyezm\u00e9ny felf\u00fcggeszt\u00e9se h\u00e1tr\u00e1nyosan befoly\u00e1soln\u00e1 a munkaer\u0151-mobilit\u00e1st az Eur\u00f3pai Uni\u00f3ban &#8211; \u00e1llap\u00edtja meg a Bruegel br\u00fcsszeli gazdas\u00e1gi kutat\u00f3 int\u00e9zet tanulm\u00e1nya.<br \/>\n<\/strong><!--more--><\/p>\n<div class=\"ads-in-post1\"><div id=\"gazdasagportal.hu_fullbanner_wideboard\"><\/div>\r\n<\/div>\nA schengeni t\u00e9rs\u00e9g orsz\u00e1gaiban \u00e1ll\u00e1sban l\u00e9v\u0151k 0,93 sz\u00e1zal\u00e9ka, k\u00f6zel 1,7 milli\u00f3 alkalmazott ing\u00e1zott hat\u00e1ron t\u00fali munkahelyre 2014-ben &#8211; \u00edrja a tanulm\u00e1ny.<br \/>\nAz akt\u00edv n\u00e9pess\u00e9ghez viszony\u00edtva legmagasabb ar\u00e1nyban, 5,7 sz\u00e1zal\u00e9kban a szlov\u00e1kok ing\u00e1znak szomsz\u00e9dos orsz\u00e1gba dolgozni. Az \u00e9sztorsz\u00e1gi lakosok 3,5 sz\u00e1zal\u00e9ka ing\u00e1zik az orsz\u00e1ghat\u00e1ron t\u00falra dolgozni, a rangsorban harmadik Magyarorsz\u00e1gon pedig az akt\u00edv n\u00e9pess\u00e9g 2,4 sz\u00e1zal\u00e9ka.<br \/>\nA hat\u00e1rellen\u0151rz\u00e9sek megsz\u00fcntet\u00e9se j\u00f3val nagyobb hat\u00e1st gyakorol a t\u00e9rs\u00e9g lakosainak az \u00e9let\u00e9re ann\u00e1l az egyszer\u0171 t\u00e9nyn\u00e9l, hogy ak\u00e1r lakhely\u00fck elhagy\u00e1sa n\u00e9lk\u00fcl is tudnak egy szomsz\u00e9dos orsz\u00e1gban munk\u00e1t v\u00e1llalni. Az uni\u00f3s polg\u00e1rok 2013-ban p\u00e9ld\u00e1ul 218 milli\u00f3 egy vagy t\u00f6bb \u00e9jszak\u00e1s utaz\u00e1st tettek a t\u00e9rs\u00e9gben, \u00e9s ennek 11 sz\u00e1zal\u00e9k\u00e1t, k\u00f6zel 25 milli\u00f3t, \u00fczleti c\u00e9lb\u00f3l.<br \/>\nA sz\u00e1mok alapj\u00e1n l\u00e1that\u00f3, hogy a t\u00e9rs\u00e9g lakoss\u00e1ga viszonylag nagy h\u00e1nyad\u00e1nak k\u00f6zvetlen el\u0151nyei sz\u00e1rmaznak a schengeni egyezm\u00e9nyb\u0151l, \u00e9s annak felf\u00fcggeszt\u00e9se nagyban befoly\u00e1soln\u00e1 mindennapi \u00e9let\u00e9t.<br \/>\nA schengeni egyezm\u00e9nyr\u0151l foly\u00f3 vita jelent\u0151s\u00e9g\u00e9t nem is igaz\u00e1n esetleges felf\u00fcggeszt\u00e9s\u00e9nek k\u00f6zvetlen makrogazdas\u00e1gi k\u00f6vetkezm\u00e9nyei, hanem a munkaer\u0151-mobilit\u00e1sra gyakorolt h\u00e1tr\u00e1nyos hat\u00e1sai adj\u00e1k &#8211; sz\u00f6gezi le a Bruegel elemz\u00e9se.(MTI)<br \/>\n<strong><a title=\"Hely megnyit\u00e1sa\" href=\"http:\/\/bruegel.org\/2015\/12\/cross-border-commuters-and-trips-the-relevance-of-schengen\/\" target=\"_blank\" rel=\"noopener\">http:\/\/bruegel.org\/2015\/12\/cross-border-commuters-and-trips-the-relevance-of-schengen\/<\/a><\/strong><\/p>\n<p>&nbsp;<\/p>\n","protected":false},"excerpt":{"rendered":"<p>A schengeni egyezm\u00e9ny felf\u00fcggeszt\u00e9se h\u00e1tr\u00e1nyosan befoly\u00e1soln\u00e1 a munkaer\u0151-mobilit\u00e1st az Eur\u00f3pai Uni\u00f3ban &#8211; \u00e1llap\u00edtja meg a Bruegel br\u00fcsszeli gazdas\u00e1gi kutat\u00f3 int\u00e9zet tanulm\u00e1nya.<\/p>\n","protected":false},"author":1,"featured_media":0,"comment_status":"open","ping_status":"closed","sticky":false,"template":"","format":"standard","meta":[],"categories":[246],"tags":[],"_links":{"self":[{"href":"https:\/\/gazdasagportal.hu\/index.php\/wp-json\/wp\/v2\/posts\/72908"}],"collection":[{"href":"https:\/\/gazdasagportal.hu\/index.php\/wp-json\/wp\/v2\/posts"}],"about":[{"href":"https:\/\/gazdasagportal.hu\/index.php\/wp-json\/wp\/v2\/types\/post"}],"author":[{"embeddable":true,"href":"https:\/\/gazdasagportal.hu\/index.php\/wp-json\/wp\/v2\/users\/1"}],"replies":[{"embeddable":true,"href":"https:\/\/gazdasagportal.hu\/index.php\/wp-json\/wp\/v2\/comments?post=72908"}],"version-history":[{"count":1,"href":"https:\/\/gazdasagportal.hu\/index.php\/wp-json\/wp\/v2\/posts\/72908\/revisions"}],"predecessor-version":[{"id":72909,"href":"https:\/\/gazdasagportal.hu\/index.php\/wp-json\/wp\/v2\/posts\/72908\/revisions\/72909"}],"wp:attachment":[{"href":"https:\/\/gazdasagportal.hu\/index.php\/wp-json\/wp\/v2\/media?parent=72908"}],"wp:term":[{"taxonomy":"category","embeddable":true,"href":"https:\/\/gazdasagportal.hu\/index.php\/wp-json\/wp\/v2\/categories?post=72908"},{"taxonomy":"post_tag","embeddable":true,"href":"https:\/\/gazdasagportal.hu\/index.php\/wp-json\/wp\/v2\/tags?post=72908"}],"curies":[{"name":"wp","href":"https:\/\/api.w.org\/{rel}","templated":true}]}}