{"id":72906,"date":"2016-01-06T17:36:42","date_gmt":"2016-01-06T16:36:42","guid":{"rendered":"http:\/\/gazdasagportal.hu\/?p=72906"},"modified":"2016-01-06T17:18:53","modified_gmt":"2016-01-06T16:18:53","slug":"a-sinai-felszigeten-tobb-mint-120-terroristat-likvidaltak-a-het-vege-ota","status":"publish","type":"post","link":"https:\/\/gazdasagportal.hu\/index.php\/a-sinai-felszigeten-tobb-mint-120-terroristat-likvidaltak-a-het-vege-ota\/","title":{"rendered":"A S\u00ednai-f\u00e9lszigeten t\u00f6bb mint 120 terrorist\u00e1t likvid\u00e1ltak a h\u00e9t v\u00e9ge \u00f3ta"},"content":{"rendered":"<p><strong>\u00d6t nap alatt t\u00f6bb mint 120 terrorista &#8222;likvid\u00e1l\u00e1s\u00e1r\u00f3l&#8221; jelentett az egyiptomi hadsereg, amely a h\u00e9t v\u00e9ge \u00f3ta ism\u00e9t \u00e1tfog\u00f3 terrorellenes hadj\u00e1ratot folytat a S\u00ednai-f\u00e9lszigeten.<\/strong><!--more--><\/p>\n<div class=\"ads-in-post1\"><div id=\"gazdasagportal.hu_fullbanner_wideboard\"><\/div>\r\n<\/div>\n<p>    A hadj\u00e1rat f\u0151 helysz\u00edne a F\u00f6ldk\u00f6zi-tenger partj\u00e1n elter\u00fcl\u0151 el-Ar\u00eds, a sivatagi r\u00e9gi\u00f3 belsej\u00e9ben tal\u00e1lhat\u00f3 Sejk-Zuveid \u00e9s a G\u00e1zai \u00f6vezettel k\u00f6z\u00f6s hat\u00e1ron \u00e1ll\u00f3 Rafah v\u00e1rosok \u00e1ltal bez\u00e1rt h\u00e1romsz\u00f6g, de Mohamed Szam\u00edr hadseregsz\u00f3viv\u0151 szerdai k\u00f6zlem\u00e9nye szerint a gy\u00e9ren lakott f\u00e9lsziget k\u00f6z\u00e9ps\u0151 r\u00e9sz\u00e9n is v\u00e9grehajtottak katonai akci\u00f3kat.<br \/>\n    Az \u00e9szaki, f\u0151k\u00e9nt beduinok \u00e9s palesztinok lakta r\u00e9gi\u00f3ban megvetette a l\u00e1b\u00e1t az Iszl\u00e1m \u00c1llam (I\u00c1) dzsihadista szervezet helyi \u00e1ga, de egy\u00e9b sz\u00e9ls\u0151s\u00e9gesek \u00e9s b\u0171nband\u00e1k is bujk\u00e1lnak a kietlen dombvid\u00e9ken. Szam\u00edr szerint a korm\u00e1nycsapatokat harci helikopterek fedezt\u00e9k, a katonas\u00e1g \u00e1ltal v\u00e9grehajtott rajta\u00fct\u00e9seket kommand\u00f3s osztagok, gyorsreag\u00e1l\u00e1s\u00fa alakulatok \u00e9s a rend\u0151rs\u00e9g terrorellenes egys\u00e9gei t\u00e1mogatt\u00e1k.<br \/>\n    Sz\u00e9ls\u0151s\u00e9ges fegyveresek t\u00f6bb sz\u00e1z katon\u00e1val \u00e9s rend\u0151rrel v\u00e9geztek az\u00f3ta, hogy a hadsereg 2013-ban megbuktatta Mohamed Murszi eln\u00f6k iszlamista rezsimj\u00e9t. A szombaton kezd\u0151d\u00f6tt hadj\u00e1ratot a V\u00e9rtan\u00fa Joga 2 n\u00e9ven ind\u00edtott\u00e1k, amelynek els\u0151, szeptemberi szakasza sor\u00e1n f\u00e9lezer sz\u00e9ls\u0151s\u00e9gest \u00f6ltek meg.<br \/>\n     A G\u00e1zai \u00f6vezettel szomsz\u00e9dos hat\u00e1rvid\u00e9ken t\u00f6bb mint egy \u00e9ve \u00e9jszakai kij\u00e1r\u00e1si tilalom van \u00e9rv\u00e9nyben. A z\u00e1rt katonai \u00f6vezett\u00e9 nyilv\u00e1n\u00edtott t\u00e9rs\u00e9gben l\u00e9v\u0151 falvak, telep\u00fcl\u00e9sek lakosainak panaszai szerint a helyiek a sz\u00e9ls\u0151s\u00e9gesek \u00e9s a korm\u00e1nyer\u0151k k\u00f6zti harcok miatt k\u00e9t t\u0171z k\u00f6z\u00e9 szorulva v\u00e1rj\u00e1k a v\u00e9ront\u00e1s v\u00e9g\u00e9t.<br \/>\n    Az I\u00c1 helyi mil\u00edci\u00e1ja az \u00e1lland\u00f3 katonai jelenl\u00e9t \u00e9s sz\u00e1mos terrorellenes hadm\u0171velet ellen\u00e9re rendszeresen hajt v\u00e9gre pontosan \u00f6sszehangolt, puszt\u00edt\u00f3 t\u00e1mad\u00e1sokat a fegyveres er\u0151k tagjai ellen, \u00e9s a jelek szerint tov\u00e1bbra is hatalmas \u00e9s korszer\u0171 fegyverarzen\u00e1llal rendelkezik.<br \/>\n    A f\u00fcggetlen sajt\u00f3t nem engedik a k\u00f6rny\u00e9kre, \u00edgy az ott foly\u00f3 harcokr\u00f3l sz\u00f3l\u00f3 \u00e9rtes\u00fcl\u00e9sek, sz\u00e1madatok gyakorlatilag egyetlen forr\u00e1sa maga a hadsereg. A sz\u00f3viv\u0151 jelent\u00e9se szerint a t\u0171zharcok sor\u00e1n sz\u00e1mos terrorgyan\u00fas embert elfogtak, lerombolt\u00e1k a sz\u00e9ls\u0151s\u00e9gesek b\u00fav\u00f3helyeit, tov\u00e1bb\u00e1 nagy mennyis\u00e9g\u0171 fegyvert &#8211; k\u00f6zt\u00fck gr\u00e1n\u00e1tvet\u0151ket \u00e9s automata g\u00e9pfegyvereket -, robban\u00f3anyagot \u00e9s mer\u00e9nyletek v\u00e9grehajt\u00e1s\u00e1hoz haszn\u00e1lt j\u00e1rm\u0171veket semmis\u00edtenek meg.(MTI)<\/p>\n","protected":false},"excerpt":{"rendered":"<p>\u00d6t nap alatt t\u00f6bb mint 120 terrorista &#8222;likvid\u00e1l\u00e1s\u00e1r\u00f3l&#8221; jelentett az egyiptomi hadsereg, amely a h\u00e9t v\u00e9ge \u00f3ta ism\u00e9t \u00e1tfog\u00f3 terrorellenes hadj\u00e1ratot folytat a S\u00ednai-f\u00e9lszigeten.<\/p>\n","protected":false},"author":1,"featured_media":0,"comment_status":"open","ping_status":"closed","sticky":false,"template":"","format":"standard","meta":[],"categories":[16],"tags":[],"_links":{"self":[{"href":"https:\/\/gazdasagportal.hu\/index.php\/wp-json\/wp\/v2\/posts\/72906"}],"collection":[{"href":"https:\/\/gazdasagportal.hu\/index.php\/wp-json\/wp\/v2\/posts"}],"about":[{"href":"https:\/\/gazdasagportal.hu\/index.php\/wp-json\/wp\/v2\/types\/post"}],"author":[{"embeddable":true,"href":"https:\/\/gazdasagportal.hu\/index.php\/wp-json\/wp\/v2\/users\/1"}],"replies":[{"embeddable":true,"href":"https:\/\/gazdasagportal.hu\/index.php\/wp-json\/wp\/v2\/comments?post=72906"}],"version-history":[{"count":1,"href":"https:\/\/gazdasagportal.hu\/index.php\/wp-json\/wp\/v2\/posts\/72906\/revisions"}],"predecessor-version":[{"id":72907,"href":"https:\/\/gazdasagportal.hu\/index.php\/wp-json\/wp\/v2\/posts\/72906\/revisions\/72907"}],"wp:attachment":[{"href":"https:\/\/gazdasagportal.hu\/index.php\/wp-json\/wp\/v2\/media?parent=72906"}],"wp:term":[{"taxonomy":"category","embeddable":true,"href":"https:\/\/gazdasagportal.hu\/index.php\/wp-json\/wp\/v2\/categories?post=72906"},{"taxonomy":"post_tag","embeddable":true,"href":"https:\/\/gazdasagportal.hu\/index.php\/wp-json\/wp\/v2\/tags?post=72906"}],"curies":[{"name":"wp","href":"https:\/\/api.w.org\/{rel}","templated":true}]}}