{"id":72761,"date":"2016-01-04T08:09:27","date_gmt":"2016-01-04T07:09:27","guid":{"rendered":"http:\/\/gazdasagportal.hu\/?p=72761"},"modified":"2016-01-04T07:11:00","modified_gmt":"2016-01-04T06:11:00","slug":"evertekelo-tavaly-is-az-arab-tavasz-utani-nagytakaritas-volt-a-vezermotivum-az-egyiptomi-donteshozasban","status":"publish","type":"post","link":"https:\/\/gazdasagportal.hu\/index.php\/evertekelo-tavaly-is-az-arab-tavasz-utani-nagytakaritas-volt-a-vezermotivum-az-egyiptomi-donteshozasban\/","title":{"rendered":"\u00c9v\u00e9rt\u00e9kel\u0151 &#8211; Tavaly is az arab tavasz ut\u00e1ni nagytakar\u00edt\u00e1s volt a vez\u00e9rmot\u00edvum az egyiptomi d\u00f6nt\u00e9shoz\u00e1sban"},"content":{"rendered":"<p><strong>Egyiptomban a politikai stabiliz\u00e1l\u00f3d\u00e1s \u00e9s a gazdas\u00e1g fellend\u00edt\u00e9s\u00e9t c\u00e9lz\u00f3 megaprojektek mellett a rend\u0151ri t\u00falkap\u00e1sok \u00e9s a nagy horderej\u0171 terrort\u00e1mad\u00e1sok \u00e9ve \u00e1ll az emberek m\u00f6g\u00f6tt. Ugyanakkor 2015 volt az az \u00e9v is, amelyben az egyiptomi rezsim \u00fajb\u00f3l szalonk\u00e9pess\u00e9 v\u00e1lt a hadsereg \u00e1ltal 2013-ban levez\u00e9nyelt hatalomv\u00e1lt\u00e1s miatt idegenked\u0151 nyugati vezet\u0151k szem\u00e9ben.<\/strong><!--more--><\/p>\n<div class=\"ads-in-post1\"><div id=\"gazdasagportal.hu_fullbanner_wideboard\"><\/div>\r\n<\/div>\n<p>    Saim\u00e1a esz-Szabb\u00e1g fiatal politikus agyonl\u00f6v\u00e9se volt az \u00e9v els\u0151 meghat\u00e1roz\u00f3 esem\u00e9nye. A 32 \u00e9ves, b\u00e9k\u00e9sen t\u00fcntet\u0151 n\u0151vel egy rend\u0151r l\u00f6ved\u00e9ke v\u00e9gzett, egy nappal a Mubarak-rezsimnek v\u00e9get vet\u0151 felkel\u00e9s \u00e9vfordul\u00f3ja el\u0151tt. A trag\u00e9dia szimbolikus jelent\u0151s\u00e9g\u00e9t n\u00f6velte, hogy a 2011. janu\u00e1r 25-\u00e9n kezd\u0151d\u00f6tt megmozdul\u00e1sok egyik f\u0151 oka az orsz\u00e1gban uralkod\u00f3 rend\u0151ri er\u0151szak elleni tiltakoz\u00e1s volt. Szabb\u00e1g gyilkos\u00e1t j\u00faniusban els\u0151 fokon 15 \u00e9v szabads\u00e1gveszt\u00e9sre \u00edt\u00e9lt\u00e9k.<br \/>\n    A forradalmi k\u00e1osz felsz\u00e1mol\u00e1s\u00e1t c\u00e9lz\u00f3 er\u0151fesz\u00edt\u00e9sek k\u00f6z\u00e9ppontj\u00e1ban a gazdas\u00e1g fellend\u00edt\u00e9se, valamint az arab tavasz farviz\u00e9n kialakult vagy meger\u0151s\u00f6d\u00f6tt sz\u00e9ls\u0151s\u00e9ges mil\u00edci\u00e1k elleni harc volt.<br \/>\n    M\u00e1rciusban a gyeng\u00e9lked\u0151 gazdas\u00e1g \u00fajj\u00e1sz\u00fclet\u00e9s\u00e9nek kezdet\u00e9t volt hivatott jelezni a sarm-es-sejki nemzetk\u00f6zi konferencia, amelyet Kair\u00f3 annak ellen\u00e9re is sikerk\u00e9nt k\u00f6nyvelhet el, hogy a mintegy 100 milli\u00e1rd doll\u00e1r \u00e9rt\u00e9kben al\u00e1\u00edrt beruh\u00e1z\u00e1si szerz\u0151d\u00e9sek \u00e9s sz\u00e1nd\u00e9knyilatkozatok nagy r\u00e9sze mindeddig nem l\u00e9pett tov\u00e1bb az elvi st\u00e1diumb\u00f3l. Pozit\u00edv p\u00e9ldak\u00e9nt eml\u00edtend\u0151 az energiaszektor fejleszt\u00e9s\u00e9r\u0151l a n\u00e9met Siemens v\u00e1llalattal k\u00f6t\u00f6tt milli\u00e1rdos szerz\u0151d\u00e9s, amelyet egy, az egyiptomi \u00e1llamf\u0151nek \u00e1tny\u00fajtott berlini megh\u00edv\u00e1s k\u00eds\u00e9rt.<br \/>\n    Az \u00faj Szuezi-csatorna augusztusi megnyit\u00e1sa a gazdas\u00e1gi megfontol\u00e1sok mellett a nemzeti b\u00fcszkes\u00e9g szempontj\u00e1b\u00f3l is fontos szimbolikus jelent\u0151s\u00e9ggel b\u00edrt, csak\u00fagy mint az a szeptemberi bejelent\u00e9s, amely szerint az \u00e9szaki partok k\u00f6zel\u00e9ben r\u00e1tal\u00e1ltak a F\u00f6ldk\u00f6zi-tenger legnagyobb f\u00f6ldg\u00e1zmez\u0151j\u00e9re.<br \/>\n    A terrorellenes hadm\u0171veletek c\u00e9lkeresztj\u00e9ben a S\u00ednai-f\u00e9lsziget \u00e9szaki r\u00e9sze \u00e9s a polg\u00e1rh\u00e1bor\u00fas L\u00edbi\u00e1hoz k\u00f6zeli sivatagi hat\u00e1rvid\u00e9k \u00e1llt. El\u0151bbi r\u00e9gi\u00f3ban az Iszl\u00e1m \u00c1llam (I\u00c1) helyi \u00e1ga az \u00e1lland\u00f3 katonai jelenl\u00e9t \u00e9s sz\u00e1mos terrorellenes hadm\u0171velet ellen\u00e9re rendszeresen hajt v\u00e9gre pontosan \u00f6sszehangolt, puszt\u00edt\u00f3 t\u00e1mad\u00e1sokat a fegyveres er\u0151k tagjai ellen.<br \/>\n    Kair\u00f3 ugyanakkor a r\u00e9gi\u00f3t \u00e9s az orsz\u00e1got egyar\u00e1nt fenyeget\u0151 terrorvesz\u00e9ly elleni tettrek\u00e9szs\u00e9g\u00e9t demonstr\u00e1lta, amikor febru\u00e1rban l\u00e9gi csap\u00e1sokat m\u00e9rt az I\u00c1 l\u00edbiai \u00e1ll\u00e1saira. Negyed \u00e9vsz\u00e1zada ez volt az els\u0151 k\u00fclf\u00f6ld\u00f6n v\u00e9grehajtott egyiptomi katonai akci\u00f3. A dzsihadist\u00e1k egy nappal a hadm\u0171velet el\u0151tt videofelv\u00e9telt tettek k\u00f6zz\u00e9 20 egyiptomi kopt \u00e9s egy azonos\u00edtatlan, afrikai sz\u00e1rmaz\u00e1s\u00fa kereszt\u00e9ny L\u00edbi\u00e1ban elk\u00f6vetett lefejez\u00e9s\u00e9r\u0151l.<br \/>\n    A r\u00e9gi\u00f3 stabilit\u00e1s\u00e1ban j\u00e1tszott egyiptomi szerep h\u00e1tt\u00e9rbe szor\u00edtotta az orsz\u00e1gban uralkod\u00f3 emberi jogi helyzettel kapcsolatos nyugati aggodalmakat; Abdel-Fatt\u00e1h esz-Sz\u00edszi eln\u00f6k t\u00f6bb eur\u00f3pai f\u0151v\u00e1rosban, egyebek mellett Berlinben \u00e9s Londonban is vend\u00e9geskedett, id\u00e9n janu\u00e1rt\u00f3l pedig Egyiptom az ENSZ Biztons\u00e1gi Tan\u00e1cs\u00e1nak nem \u00e1lland\u00f3 tagjai k\u00f6z\u00f6tt van, \u00e9s a test\u00fclet terrorizmus elleni bizotts\u00e1g\u00e1t vezeti. Az egyiptomi \u00e1llamf\u0151 j\u00fanius elej\u00e9n Magyarorsz\u00e1gon is j\u00e1rt, eleget t\u00e9ve ezzel a 2014-es megv\u00e1laszt\u00e1sa ut\u00e1n \u00e1tny\u00fajtott budapesti megh\u00edv\u00e1snak.<br \/>\n    Egyiptomon bel\u00fcl tov\u00e1bb folytat\u00f3dott a 2013-ban megbuktatott rezsim m\u00f6g\u00f6tt \u00e1ll\u00f3 iszlamista mozgalom, a Muzulm\u00e1n Testv\u00e9ris\u00e9g elleni hat\u00f3s\u00e1gi hadj\u00e1rat. Ennek legkiemelked\u0151bb pillanata Mohamed Murszi m\u00e1jusban sz\u00fcletett hal\u00e1lb\u00fcntet\u00e9se volt. Az els\u0151 fokon hozott \u00edt\u00e9letet azzal a v\u00e1ddal szabt\u00e1k ki az elmozd\u00edtott eln\u00f6kre, hogy a 2011-es felkel\u00e9s alatt k\u00fclf\u00f6ldi fegyveresek seg\u00edts\u00e9g\u00e9vel t\u00f6rt ki b\u00f6rt\u00f6n\u00e9b\u0151l.<br \/>\n    A testv\u00e9ris\u00e9gen bel\u00fcl ek\u00f6zben egy gener\u00e1ci\u00f3s szakad\u00e1s tapasztalhat\u00f3, amely nyom\u00e1n a politika vil\u00e1g\u00e1ban csal\u00f3dott fiatalabb tagok egyre hat\u00e1rozottabban sz\u00f3l\u00edtanak fegyverbe az &#8222;\u00f6nk\u00e9nyuralom&#8221; ellen. A janu\u00e1r 25-i felkel\u00e9s idei \u00e9vfordul\u00f3j\u00e1t megel\u0151z\u0151 forradalmi felh\u00edv\u00e1sokat sz\u00e9lesk\u00f6r\u0171, t\u00f6bb tucat ember letart\u00f3ztat\u00e1sa mellett zajl\u00f3 biztons\u00e1gi el\u0151k\u00e9sz\u00fcletek k\u00eds\u00e9rik.<br \/>\n    Az \u00e9v egyik legmeghat\u00e1roz\u00f3bb esem\u00e9nye a Kogalymavia orosz l\u00e9git\u00e1rsas\u00e1g rep\u00fcl\u0151g\u00e9p\u00e9t a S\u00ednai-f\u00e9lszigeten okt\u00f3ber 31-\u00e9n \u00e9rt szerencs\u00e9tlens\u00e9g volt. T\u00f6bb nyugati korm\u00e1ny mellett Moszkva is hitelt ad az I\u00c1 \u00e1ltal k\u00f6z\u00f6lt forgat\u00f3k\u00f6nyvnek, miszerint a 224 ember hal\u00e1l\u00e1t okoz\u00f3 katasztr\u00f3f\u00e1t egy, a rep\u00fcl\u0151g\u00e9pre felcsemp\u00e9szett robban\u00f3szerkezet okozta. Kair\u00f3 ennek ellen\u00e9re visszautas\u00edtotta az &#8222;elhamarkodott k\u00f6vetkeztet\u00e9seket&#8221;, \u00e9s az orsz\u00e1gban foly\u00f3 vizsg\u00e1latok eredm\u00e9nyeinek kiv\u00e1r\u00e1s\u00e1ra sz\u00f3l\u00edtott fel.<br \/>\n    A szerencs\u00e9tlens\u00e9g v\u00e9gzetes hat\u00e1ssal volt a gazdas\u00e1g sz\u00e1m\u00e1ra n\u00e9lk\u00fcl\u00f6zhetetlen idegenforgalomra. Moszkva hat\u00e1rozatlan id\u0151re le\u00e1ll\u00edtotta egyiptomi j\u00e1ratait, az egyiptomi l\u00e9git\u00e1rsas\u00e1g g\u00e9peit pedig kitiltotta l\u00e9gter\u00e9b\u0151l. Sz\u00e1mos m\u00e1s orsz\u00e1g is le\u00e1ll\u00edtotta a k\u00f6zkedvelt V\u00f6r\u00f6s-tenger parti \u00fcd\u00fcl\u0151k\u00f6zpontba, Sarm-es-Sejkbe \u00e9s m\u00e1s egyiptomi v\u00e1rosokba ir\u00e1nyul\u00f3 l\u00e9gi forgalm\u00e1t. A k\u00f6zel 100 sz\u00e1zal\u00e9kos sz\u00e1llodai foglal\u00e1si ar\u00e1nyokat mutat\u00f3 t\u00e9li el\u0151rejelz\u00e9sek mostanra 17 sz\u00e1zal\u00e9kra zuhantak.<br \/>\n    Az \u00e9v v\u00e9g\u00e9n tartott parlamenti v\u00e1laszt\u00e1sokkal ugyanakkor teljes\u00fclt annak a politikai \u00fatitervnek a harmadik, \u00e9s egyben utols\u00f3 szakasza, amelyet &#8211; akkor m\u00e9g a hadsereg f\u0151parancsnokak\u00e9nt &#8211; maga Sz\u00edszi jelentett be el\u0151dj\u00e9nek, Mohamed Murszinak elmozd\u00edt\u00e1sakor. A szavaz\u00e1s alacsony, 28,3 sz\u00e1zal\u00e9kos r\u00e9szv\u00e9tel mellett zajlott, ez\u00e9rt sokan megk\u00e9rd\u0151jelezt\u00e9k a h\u00e1rom \u00e9s f\u00e9l \u00e9ves sz\u00fcnet ut\u00e1n \u00f6ssze\u00fcl\u0151 parlament val\u00f3s, a n\u00e9pakaratb\u00f3l fakad\u00f3 legitim\u00e1ci\u00f3j\u00e1t.(MTI)<\/p>\n","protected":false},"excerpt":{"rendered":"<p>Egyiptomban a politikai stabiliz\u00e1l\u00f3d\u00e1s \u00e9s a gazdas\u00e1g fellend\u00edt\u00e9s\u00e9t c\u00e9lz\u00f3 megaprojektek mellett a rend\u0151ri t\u00falkap\u00e1sok \u00e9s a nagy horderej\u0171 terrort\u00e1mad\u00e1sok \u00e9ve \u00e1ll az emberek m\u00f6g\u00f6tt. Ugyanakkor 2015 volt az az \u00e9v is, amelyben az egyiptomi rezsim \u00fajb\u00f3l szalonk\u00e9pess\u00e9 v\u00e1lt a hadsereg \u00e1ltal 2013-ban levez\u00e9nyelt hatalomv\u00e1lt\u00e1s miatt idegenked\u0151 nyugati vezet\u0151k szem\u00e9ben.<\/p>\n","protected":false},"author":1,"featured_media":0,"comment_status":"open","ping_status":"closed","sticky":false,"template":"","format":"standard","meta":[],"categories":[16],"tags":[],"_links":{"self":[{"href":"https:\/\/gazdasagportal.hu\/index.php\/wp-json\/wp\/v2\/posts\/72761"}],"collection":[{"href":"https:\/\/gazdasagportal.hu\/index.php\/wp-json\/wp\/v2\/posts"}],"about":[{"href":"https:\/\/gazdasagportal.hu\/index.php\/wp-json\/wp\/v2\/types\/post"}],"author":[{"embeddable":true,"href":"https:\/\/gazdasagportal.hu\/index.php\/wp-json\/wp\/v2\/users\/1"}],"replies":[{"embeddable":true,"href":"https:\/\/gazdasagportal.hu\/index.php\/wp-json\/wp\/v2\/comments?post=72761"}],"version-history":[{"count":1,"href":"https:\/\/gazdasagportal.hu\/index.php\/wp-json\/wp\/v2\/posts\/72761\/revisions"}],"predecessor-version":[{"id":72762,"href":"https:\/\/gazdasagportal.hu\/index.php\/wp-json\/wp\/v2\/posts\/72761\/revisions\/72762"}],"wp:attachment":[{"href":"https:\/\/gazdasagportal.hu\/index.php\/wp-json\/wp\/v2\/media?parent=72761"}],"wp:term":[{"taxonomy":"category","embeddable":true,"href":"https:\/\/gazdasagportal.hu\/index.php\/wp-json\/wp\/v2\/categories?post=72761"},{"taxonomy":"post_tag","embeddable":true,"href":"https:\/\/gazdasagportal.hu\/index.php\/wp-json\/wp\/v2\/tags?post=72761"}],"curies":[{"name":"wp","href":"https:\/\/api.w.org\/{rel}","templated":true}]}}