{"id":72591,"date":"2015-12-30T05:27:56","date_gmt":"2015-12-30T04:27:56","guid":{"rendered":"http:\/\/gazdasagportal.hu\/?p=72591"},"modified":"2015-12-29T19:58:38","modified_gmt":"2015-12-29T18:58:38","slug":"dzsihadista-propaganda-miatt-kiutasitottak-egy-jordaniai-allampolgart-romaniabol","status":"publish","type":"post","link":"https:\/\/gazdasagportal.hu\/index.php\/dzsihadista-propaganda-miatt-kiutasitottak-egy-jordaniai-allampolgart-romaniabol\/","title":{"rendered":"Dzsihadista propaganda miatt kiutas\u00edtottak egy jord\u00e1niai \u00e1llampolg\u00e1rt Rom\u00e1ni\u00e1b\u00f3l"},"content":{"rendered":"<p><strong>A Bukaresti T\u00e1blab\u00edr\u00f3s\u00e1g egy jord\u00e1niai \u00e1llampolg\u00e1r Rom\u00e1ni\u00e1b\u00f3l t\u00f6rt\u00e9n\u0151 kiutas\u00edt\u00e1s\u00e1r\u00f3l d\u00f6nt\u00f6tt kedden &#8211; jelentette a Mediafax h\u00edr\u00fcgyn\u00f6ks\u00e9g. Az 1991 \u00f3ta Rom\u00e1ni\u00e1ban \u00e9l\u0151 52 \u00e9ves v\u00e1llalkoz\u00f3 dzsihadista propagand\u00e1t fejtett ki.<\/strong><!--more--><\/p>\n<div class=\"ads-in-post1\"><div id=\"gazdasagportal.hu_fullbanner_wideboard\"><\/div>\r\n<\/div>\n<p>    A t\u00e1blab\u00edr\u00f3s\u00e1g 15 \u00e9vre tiltotta ki Rom\u00e1ni\u00e1b\u00f3l a tengerparti Konstanc\u00e1n \u00e9l\u0151 f\u00e9rfit. Az \u00edt\u00e9let egyel\u0151re nem joger\u0151s.<br \/>\n    A Rom\u00e1n H\u00edrszerz\u0151 Szolg\u00e1lat (SRI) k\u00f6zlem\u00e9nyben tudatta, hogy 2014 \u00f3ta tartja megfigyel\u00e9s alatt a jord\u00e1niai \u00e1llampolg\u00e1rs\u00e1g\u00fa palesztin f\u00e9rfit, akinek a rom\u00e1niai tart\u00f3zkod\u00e1s\u00e1t nemzetbiztons\u00e1gi szempontb\u00f3l kock\u00e1zatosnak \u00edt\u00e9lte. A SRI k\u00f6zlem\u00e9nye szerint a f\u00e9rfi a virtu\u00e1lis t\u00e9rben radikaliz\u00e1l\u00f3dott, \u00e9s az Iszl\u00e1m \u00c1llam melletti propagand\u00e1t fejtett ki. A k\u00f6zlem\u00e9ny szerint a f\u00e9rfi a p\u00e1rizsi terrorcselekm\u00e9nyeket is megpr\u00f3b\u00e1lta legitim aktusk\u00e9nt bemutatni. &#8222;Az Iszl\u00e1m \u00c1llam tev\u00e9kenys\u00e9g\u00e9nek a kinyilv\u00e1n\u00edtott felt\u00e9tlen p\u00e1rtol\u00e1s\u00e1hoz tartozik az a k\u00e9szs\u00e9g is, hogy (a kiutas\u00edtott szem\u00e9ly) Rom\u00e1nia elleni cselekedetekben v\u00e1llaljon szerepet&#8221; &#8211; \u00e1ll a SRI k\u00f6zlem\u00e9ny\u00e9ben.<br \/>\n    Ez \u00e9v \u00e1prilis\u00e1ban h\u00e9t embert utas\u00edtottak ki dzsihadista propaganda miatt Rom\u00e1ni\u00e1b\u00f3l. Hatan k\u00f6z\u00fcl\u00fck Szatm\u00e1rn\u00e9metiben \u00e9ltek.(MTI)<\/p>\n","protected":false},"excerpt":{"rendered":"<p>A Bukaresti T\u00e1blab\u00edr\u00f3s\u00e1g egy jord\u00e1niai \u00e1llampolg\u00e1r Rom\u00e1ni\u00e1b\u00f3l t\u00f6rt\u00e9n\u0151 kiutas\u00edt\u00e1s\u00e1r\u00f3l d\u00f6nt\u00f6tt kedden &#8211; jelentette a Mediafax h\u00edr\u00fcgyn\u00f6ks\u00e9g. Az 1991 \u00f3ta Rom\u00e1ni\u00e1ban \u00e9l\u0151 52 \u00e9ves v\u00e1llalkoz\u00f3 dzsihadista propagand\u00e1t fejtett ki.<\/p>\n","protected":false},"author":1,"featured_media":0,"comment_status":"open","ping_status":"closed","sticky":false,"template":"","format":"standard","meta":[],"categories":[12],"tags":[],"_links":{"self":[{"href":"https:\/\/gazdasagportal.hu\/index.php\/wp-json\/wp\/v2\/posts\/72591"}],"collection":[{"href":"https:\/\/gazdasagportal.hu\/index.php\/wp-json\/wp\/v2\/posts"}],"about":[{"href":"https:\/\/gazdasagportal.hu\/index.php\/wp-json\/wp\/v2\/types\/post"}],"author":[{"embeddable":true,"href":"https:\/\/gazdasagportal.hu\/index.php\/wp-json\/wp\/v2\/users\/1"}],"replies":[{"embeddable":true,"href":"https:\/\/gazdasagportal.hu\/index.php\/wp-json\/wp\/v2\/comments?post=72591"}],"version-history":[{"count":1,"href":"https:\/\/gazdasagportal.hu\/index.php\/wp-json\/wp\/v2\/posts\/72591\/revisions"}],"predecessor-version":[{"id":72592,"href":"https:\/\/gazdasagportal.hu\/index.php\/wp-json\/wp\/v2\/posts\/72591\/revisions\/72592"}],"wp:attachment":[{"href":"https:\/\/gazdasagportal.hu\/index.php\/wp-json\/wp\/v2\/media?parent=72591"}],"wp:term":[{"taxonomy":"category","embeddable":true,"href":"https:\/\/gazdasagportal.hu\/index.php\/wp-json\/wp\/v2\/categories?post=72591"},{"taxonomy":"post_tag","embeddable":true,"href":"https:\/\/gazdasagportal.hu\/index.php\/wp-json\/wp\/v2\/tags?post=72591"}],"curies":[{"name":"wp","href":"https:\/\/api.w.org\/{rel}","templated":true}]}}