{"id":72572,"date":"2015-12-29T13:51:29","date_gmt":"2015-12-29T12:51:29","guid":{"rendered":"http:\/\/gazdasagportal.hu\/?p=72572"},"modified":"2015-12-29T07:54:21","modified_gmt":"2015-12-29T06:54:21","slug":"prezi-ev-vegere-kozel-65-millio-felhasznalo","status":"publish","type":"post","link":"https:\/\/gazdasagportal.hu\/index.php\/prezi-ev-vegere-kozel-65-millio-felhasznalo\/","title":{"rendered":"Prezi: \u00e9v v\u00e9g\u00e9re k\u00f6zel 65 milli\u00f3 felhaszn\u00e1l\u00f3"},"content":{"rendered":"<p><strong>Az idei \u00e9v v\u00e9g\u00e9re megk\u00f6zel\u00edtette a 65 milli\u00f3t a Prezi regisztr\u00e1lt felhaszn\u00e1l\u00f3inak sz\u00e1ma, 2016-ban pedig a marketing \u00e9s \u00e9rt\u00e9kes\u00edt\u00e9si ter\u00fcleten dolgoz\u00f3 \u00fczleti felhaszn\u00e1l\u00f3k \u00e1llnak majd a c\u00e9g strat\u00e9gi\u00e1j\u00e1nak f\u00f3kusz\u00e1ban &#8211; mondta \u00c1rvai P\u00e9ter, a magyar startup t\u00e1rsalap\u00edt\u00f3-vez\u00e9rigazgat\u00f3ja az MTI-nek adott \u00e9v v\u00e9gi interj\u00faj\u00e1ban.<\/strong><!--more--><\/p>\n<div class=\"ads-in-post1\"><div id=\"gazdasagportal.hu_fullbanner_wideboard\"><\/div>\r\n<\/div>\n<p>    \u00c1rvai P\u00e9ter kiemelte, hogy a csaknem 65 milli\u00f3 felhaszn\u00e1l\u00f3 a vil\u00e1g legnagyobb nyilv\u00e1nos prezent\u00e1ci\u00f3s adatb\u00e1zis\u00e1t, t\u00f6bb mint 200 milli\u00f3 nyilv\u00e1nosan el\u00e9rhet\u0151 prezit hozott l\u00e9tre mostanra. A k\u00f6z\u00f6ss\u00e9g \u00e1ltal k\u00e9sz\u00edtett preziket \u00f6sszesen t\u00f6bb mint egymilli\u00e1rdszor n\u00e9zt\u00e9k meg. A Prezinek havonta 1,1 milli\u00f3 \u00faj felhaszn\u00e1l\u00f3ja van &#8211; f\u0171zte hozz\u00e1.     Kiemelte: b\u00fcszke ezekre az eredm\u00e9nyekre, a Prezi terjeszked\u00e9s\u00e9re, mert ez is hozz\u00e1j\u00e1rul ahhoz, hogy Magyarorsz\u00e1g \u00e9s Budapest j\u00f3 h\u00edr\u00e9t vigy\u00e9k a vil\u00e1gban.     A Prezi egy felh\u0151 alap\u00fa prezent\u00e1ci\u00f3s platform, amelynek k\u00fcl\u00f6nlegess\u00e9ge, hogy seg\u00edt \u00e9rhet\u0151bben elmagyar\u00e1zni az \u00f6sszef\u00fcgg\u00e9seket \u00e9s t\u00f6rt\u00e9neteket mes\u00e9lni.     \u00c1rvai P\u00e9ter elmondta, hogy 2015-ben gyorsan n\u0151tt \u00fczleti felhaszn\u00e1l\u00f3ik sz\u00e1ma, ezen bel\u00fcl pedig els\u0151sorban a marketing \u00e9s \u00e9rt\u00e9kes\u00edt\u00e9si ter\u00fcleten b\u0151v\u00fclt a Prezit haszn\u00e1l\u00f3k k\u00f6re. \u0150k haszn\u00e1lj\u00e1k ugyanis a legt\u00f6bbet a Prezi \u00fagynevezett p\u00e1rbesz\u00e9d alap\u00fa prezent\u00e1ci\u00f3j\u00e1t: ilyenkor az el\u0151ad\u00f3nak nem kell az eg\u00e9sz el\u0151ad\u00e1son v\u00e9giglapoznia, hanem r\u00f6gt\u00f6n egy-egy k\u00edv\u00e1nt di\u00e1ra ugorhat. Kiemelte, hogy az \u0151 ig\u00e9nyeik kiszolg\u00e1l\u00e1s\u00e1ra sz\u00e1mos \u00faj sablont is l\u00e9trehoztak; ez is r\u00e9sze annak a strat\u00e9gi\u00e1nak, hogy a Prezi csapatalap\u00fa \u00e9s mobil megold\u00e1sokkal igyekszik seg\u00edteni a felhaszn\u00e1l\u00f3it.     A Prezi id\u00e9n mintegy 40 f\u0151vel n\u00f6velte munkav\u00e1llal\u00f3i l\u00e9tsz\u00e1m\u00e1t, \u00edgy a budapesti irod\u00e1ban jelenleg 180-an, a San Francisco-iban pedig 50-en dolgoznak, s ezzel egyel\u0151re el\u00e9rt\u00e9k az optim\u00e1lis l\u00e9tsz\u00e1mot &#8211; fejtette ki a vez\u00e9rigazgat\u00f3.     Az idei \u00e9v egyik legfontosabb esem\u00e9nye volt a Prezi \u00e9let\u00e9ben, hogy a szoftvert Androidos eszk\u00f6z\u00f6kre is kifejlesztett\u00e9k, ezzel jelent\u0151sen n\u0151tt a mobil megtekint\u00e9sek sz\u00e1ma mind az egy\u00e9ni, mind a c\u00e9ges el\u0151fizet\u0151k k\u00f6z\u00f6tt. Az Androidos fejleszt\u00e9s sor\u00e1n sz\u00e1mos felhaszn\u00e1l\u00f3i visszajelz\u00e9st be\u00e9p\u00edtettek, \u00e9s visszacsatorn\u00e1ztak a m\u00e1r kor\u00e1bban megjelent, iOS-en fut\u00f3 szoftverbe, ennek k\u00f6sz\u00f6nhet\u0151en felhaszn\u00e1l\u00f3bar\u00e1tabb\u00e1 v\u00e1lt a Prezi &#8211; emelte ki \u00c1rvai P\u00e9ter.     Mint kifejtette, ezzel teljes\u00fclt az a kezdeti c\u00e9ljuk, hogy a Prezi azonos felhaszn\u00e1l\u00f3i \u00e9lm\u00e9nyt ny\u00fajtson minden platformon. Mostant\u00f3l arra t\u00f6rekednek, hogy a Prezit m\u00e9g k\u00f6nnyebb legyen haszn\u00e1lni, \u00e9s l\u00e9p\u00e9st tartsanak a folyamatosan megjelen\u0151 \u00fajdons\u00e1gokkal, eszk\u00f6z\u00f6kkel, hogy k\u00e9pesek legyenek ezekre is azonnal reag\u00e1lni.     A Prezi tavaly novemberben kapott 57 milli\u00f3 doll\u00e1rnyi befeket\u00e9st a Spectrum Equityt\u0151l, valamint a c\u00e9g kor\u00e1bbi befektet\u0151j\u00e9t\u0151l, az Accel Partnerst\u0151l. \u00c1rvai P\u00e9ter elmondta, hogy ez a t\u0151ke biztons\u00e1got ad a j\u00f6v\u0151beli tervez\u00e9shez \u00e9s az esetleges \u00faj befektet\u00e9sekhez.     A 2016-os tervekr\u0151l a vez\u00e9rigazgat\u00f3 elmondta, hogy egyre t\u00f6bb c\u00e9g, a munkahelyeken pedig egyre t\u00f6bb csapat haszn\u00e1lja a Prezit, ami egyre sz\u00e9lesk\u00f6r\u0171bb ig\u00e9nyeket t\u00e1maszt a Prezi fel\u00e9 is; ezeknek a kih\u00edv\u00e1soknak \u00fagy szeretn\u00e9nek megfelelni, hogy a technol\u00f3gia elt\u0171nj\u00f6n, \u00e9s min\u00e9l z\u00f6kken\u0151mentesebb, emberk\u00f6zpont\u00fabb legyen az \u00fczleti kommunik\u00e1ci\u00f3.     A Prezit 2009-ben alap\u00edtotta \u00c1rvai P\u00e9ter, Hal\u00e1csy P\u00e9ter \u00e9s Somlai-Fischer \u00c1d\u00e1m. A gyors n\u00f6veked\u00e9snek k\u00f6sz\u00f6nhet\u0151en a budapesti mell\u00e9 m\u00e9g 2009-ben megnyitott\u00e1k a c\u00e9g m\u00e1sodik irod\u00e1j\u00e1t San Francisc\u00f3ban. A magyar mellett angolul, n\u00e9met\u00fcl, franci\u00e1ul, spanyolul, portug\u00e1lul, olaszul, jap\u00e1nul \u00e9s koreaiul is el\u00e9rhet\u0151 a Prezi.     A legutols\u00f3 nyilv\u00e1nosan hozz\u00e1f\u00e9rhet\u0151 c\u00e9gadatok szerint a Prezi magyarorsz\u00e1gi c\u00e9ge, a prezi.com Kft. 2014-ben enyh\u00e9n, mintegy 205 milli\u00f3 forintra n\u00f6velte nyeres\u00e9g\u00e9t, az el\u0151z\u0151 \u00e9vi csaknem 203 milli\u00f3r\u00f3l. A t\u00e1rsas\u00e1g \u00e9rt\u00e9kes\u00edt\u00e9sb\u0151l sz\u00e1rmaz\u00f3 nett\u00f3 \u00e1rbev\u00e9tele tavaly 3,5 milli\u00e1rd forintra emelkedett a 2013-as 2,3 milli\u00e1rdr\u00f3l.(MTI) <\/p>\n","protected":false},"excerpt":{"rendered":"<p>Az idei \u00e9v v\u00e9g\u00e9re megk\u00f6zel\u00edtette a 65 milli\u00f3t a Prezi regisztr\u00e1lt felhaszn\u00e1l\u00f3inak sz\u00e1ma, 2016-ban pedig a marketing \u00e9s \u00e9rt\u00e9kes\u00edt\u00e9si ter\u00fcleten dolgoz\u00f3 \u00fczleti felhaszn\u00e1l\u00f3k \u00e1llnak majd a c\u00e9g strat\u00e9gi\u00e1j\u00e1nak f\u00f3kusz\u00e1ban &#8211; mondta \u00c1rvai P\u00e9ter, a magyar startup t\u00e1rsalap\u00edt\u00f3-vez\u00e9rigazgat\u00f3ja az MTI-nek adott \u00e9v v\u00e9gi interj\u00faj\u00e1ban.<\/p>\n","protected":false},"author":1,"featured_media":36724,"comment_status":"open","ping_status":"closed","sticky":false,"template":"","format":"standard","meta":[],"categories":[146,19],"tags":[],"_links":{"self":[{"href":"https:\/\/gazdasagportal.hu\/index.php\/wp-json\/wp\/v2\/posts\/72572"}],"collection":[{"href":"https:\/\/gazdasagportal.hu\/index.php\/wp-json\/wp\/v2\/posts"}],"about":[{"href":"https:\/\/gazdasagportal.hu\/index.php\/wp-json\/wp\/v2\/types\/post"}],"author":[{"embeddable":true,"href":"https:\/\/gazdasagportal.hu\/index.php\/wp-json\/wp\/v2\/users\/1"}],"replies":[{"embeddable":true,"href":"https:\/\/gazdasagportal.hu\/index.php\/wp-json\/wp\/v2\/comments?post=72572"}],"version-history":[{"count":1,"href":"https:\/\/gazdasagportal.hu\/index.php\/wp-json\/wp\/v2\/posts\/72572\/revisions"}],"predecessor-version":[{"id":72573,"href":"https:\/\/gazdasagportal.hu\/index.php\/wp-json\/wp\/v2\/posts\/72572\/revisions\/72573"}],"wp:featuredmedia":[{"embeddable":true,"href":"https:\/\/gazdasagportal.hu\/index.php\/wp-json\/wp\/v2\/media\/36724"}],"wp:attachment":[{"href":"https:\/\/gazdasagportal.hu\/index.php\/wp-json\/wp\/v2\/media?parent=72572"}],"wp:term":[{"taxonomy":"category","embeddable":true,"href":"https:\/\/gazdasagportal.hu\/index.php\/wp-json\/wp\/v2\/categories?post=72572"},{"taxonomy":"post_tag","embeddable":true,"href":"https:\/\/gazdasagportal.hu\/index.php\/wp-json\/wp\/v2\/tags?post=72572"}],"curies":[{"name":"wp","href":"https:\/\/api.w.org\/{rel}","templated":true}]}}