{"id":72570,"date":"2015-12-29T13:10:16","date_gmt":"2015-12-29T12:10:16","guid":{"rendered":"http:\/\/gazdasagportal.hu\/?p=72570"},"modified":"2015-12-29T07:51:06","modified_gmt":"2015-12-29T06:51:06","slug":"amerikai-kulugyi-szovivo-mi-beket-vittunk-sziriaba","status":"publish","type":"post","link":"https:\/\/gazdasagportal.hu\/index.php\/amerikai-kulugyi-szovivo-mi-beket-vittunk-sziriaba\/","title":{"rendered":"Amerikai k\u00fcl\u00fcgyi sz\u00f3viv\u0151: mi b\u00e9k\u00e9t vitt\u00fcnk Sz\u00edri\u00e1ba"},"content":{"rendered":"<p><strong>Az amerikai k\u00fcl\u00fcgyminiszt\u00e9riumban sz\u00f3viv\u0151je \u00e9v\u00e9rt\u00e9kel\u0151 blogj\u00e1ban azt \u00edrta, hogy Washington 2015-ben b\u00e9k\u00e9t \u00e9s biztons\u00e1got vitt Sz\u00edri\u00e1ba.<\/strong><!--more--><\/p>\n<div class=\"ads-in-post1\"><div id=\"gazdasagportal.hu_fullbanner_wideboard\"><\/div>\r\n<\/div>\n<p>    John Kirby az Egyes\u00fclt \u00c1llamok sz\u00edriai szerepv\u00e1llal\u00e1s\u00e1t \u00edgy summ\u00e1zta: &#8222;B\u00e9k\u00e9t, biztons\u00e1got vitt\u00fcnk Sz\u00edri\u00e1ba&#8221;. Dics\u00e9rte a &#8222;humanit\u00e1rius seg\u00edts\u00e9get&#8221;, amelyet Washington a h\u00e1bor\u00fa s\u00fajtotta orsz\u00e1gnak ny\u00fajtott, \u00e9s John Kerry k\u00fcl\u00fcgyminisztert is, ami\u00e9rt az ENSZ Biztons\u00e1gi Tan\u00e1csa hat\u00e1rozatot fogadott el az elk\u00f6vetkez\u0151 b\u00e9ket\u00e1rgyal\u00e1sokr\u00f3l.<br \/>\n    &#8222;Az Egyes\u00fclt \u00c1llamok \u00e9s a nemzetk\u00f6zi k\u00f6z\u00f6ss\u00e9g sok tagja seg\u00edts\u00e9get ny\u00fajtott a sz\u00edriai n\u00e9pnek a sz\u00fcks\u00e9g pillanataiban, s a vil\u00e1g e humanit\u00e1rius seg\u00edts\u00e9g\u00e9t az Egyes\u00fclt \u00c1llamok ir\u00e1ny\u00edtotta, eg\u00e9szen a v\u00e1ls\u00e1g kezdete, 2011 \u00f3ta&#8221; &#8211; \u00edrta a k\u00fcl\u00fcgyi sz\u00f3viv\u0151. Kirby megfogalmaz\u00e1s\u00e1ban a sz\u00edriaiak &#8222;neh\u00e9z terhet viselnek&#8221;, de &#8222;Kerry k\u00fcl\u00fcgyminiszter ir\u00e1ny\u00edt\u00e1s\u00e1val az ENSZ elfogadta azt az Egyes\u00fclt \u00c1llamok javasolta hat\u00e1rozatot, amely megteremti Sz\u00edria sz\u00e1m\u00e1ra az \u00fatitervet a tov\u00e1bbl\u00e9p\u00e9shez&#8221;.<br \/>\n    Amerikai elemz\u0151k felh\u00edvj\u00e1k a figyelmet arra, hogy John Kirby l\u00e9nyeg\u00e9ben visszhangozza Barack Obama eln\u00f6k komment\u00e1rj\u00e1t az Iszl\u00e1m \u00c1llam terrorszervezettel kapcsolatban: az eln\u00f6k ugyanis n\u00e9h\u00e1ny nappal a p\u00e1rizsi terrorista mer\u00e9nylet el\u0151tt azt mondta, hogy siker\u00fclt &#8222;f\u00e9ken tartani&#8221; a szervezet terjeszked\u00e9s\u00e9t. A sz\u00f3viv\u0151 pedig most azt \u00edrta \u00e9v v\u00e9gi \u00f6sszefoglal\u00f3j\u00e1ban, hogy az Egyes\u00fclt \u00c1llamok &#8222;gy\u0151zelemre \u00e1ll az er\u0151szakos sz\u00e9ls\u0151s\u00e9gesek elleni harcban&#8221;.(MTI)<\/p>\n","protected":false},"excerpt":{"rendered":"<p>Az amerikai k\u00fcl\u00fcgyminiszt\u00e9riumban sz\u00f3viv\u0151je \u00e9v\u00e9rt\u00e9kel\u0151 blogj\u00e1ban azt \u00edrta, hogy Washington 2015-ben b\u00e9k\u00e9t \u00e9s biztons\u00e1got vitt Sz\u00edri\u00e1ba.<\/p>\n","protected":false},"author":1,"featured_media":0,"comment_status":"open","ping_status":"closed","sticky":false,"template":"","format":"standard","meta":[],"categories":[16],"tags":[],"_links":{"self":[{"href":"https:\/\/gazdasagportal.hu\/index.php\/wp-json\/wp\/v2\/posts\/72570"}],"collection":[{"href":"https:\/\/gazdasagportal.hu\/index.php\/wp-json\/wp\/v2\/posts"}],"about":[{"href":"https:\/\/gazdasagportal.hu\/index.php\/wp-json\/wp\/v2\/types\/post"}],"author":[{"embeddable":true,"href":"https:\/\/gazdasagportal.hu\/index.php\/wp-json\/wp\/v2\/users\/1"}],"replies":[{"embeddable":true,"href":"https:\/\/gazdasagportal.hu\/index.php\/wp-json\/wp\/v2\/comments?post=72570"}],"version-history":[{"count":1,"href":"https:\/\/gazdasagportal.hu\/index.php\/wp-json\/wp\/v2\/posts\/72570\/revisions"}],"predecessor-version":[{"id":72571,"href":"https:\/\/gazdasagportal.hu\/index.php\/wp-json\/wp\/v2\/posts\/72570\/revisions\/72571"}],"wp:attachment":[{"href":"https:\/\/gazdasagportal.hu\/index.php\/wp-json\/wp\/v2\/media?parent=72570"}],"wp:term":[{"taxonomy":"category","embeddable":true,"href":"https:\/\/gazdasagportal.hu\/index.php\/wp-json\/wp\/v2\/categories?post=72570"},{"taxonomy":"post_tag","embeddable":true,"href":"https:\/\/gazdasagportal.hu\/index.php\/wp-json\/wp\/v2\/tags?post=72570"}],"curies":[{"name":"wp","href":"https:\/\/api.w.org\/{rel}","templated":true}]}}