{"id":72568,"date":"2015-12-29T12:29:15","date_gmt":"2015-12-29T11:29:15","guid":{"rendered":"http:\/\/gazdasagportal.hu\/?p=72568"},"modified":"2015-12-29T07:50:00","modified_gmt":"2015-12-29T06:50:00","slug":"a-waberers-megvasarolta-a-waberer-hungaria-zrt-reszvenyeit","status":"publish","type":"post","link":"https:\/\/gazdasagportal.hu\/index.php\/a-waberers-megvasarolta-a-waberer-hungaria-zrt-reszvenyeit\/","title":{"rendered":"A Waberer&#8217;s megv\u00e1s\u00e1rolta a W\u00e1berer Hung\u00e1ria Zrt. r\u00e9szv\u00e9nyeit"},"content":{"rendered":"<p><strong>A Waberer&#8217;s International Nyrt. megv\u00e1s\u00e1rolta a W\u00e1berer Hung\u00e1ria Biztos\u00edt\u00f3 Zrt.  (W\u00e1berer Hung\u00e1ria Zrt.) \u00f6sszes r\u00e9szv\u00e9ny\u00e9t, az ad\u00e1sv\u00e9teli szerz\u0151d\u00e9st h\u00e9tf\u0151n \u00edrt\u00e1k al\u00e1 &#8211; k\u00f6z\u00f6lte a c\u00e9g a Budapesti \u00c9rt\u00e9kt\u0151zsde (B\u00c9T) honlapj\u00e1n.<\/strong><!--more--><\/p>\n<div class=\"ads-in-post1\"><div id=\"gazdasagportal.hu_fullbanner_wideboard\"><\/div>\r\n<\/div>\n<p>    A k\u00f6zlem\u00e9ny szerint Waberer&#8217;s International igazgat\u00f3s\u00e1ga december 16-\u00e1n d\u00f6nt\u00f6tt a tranzakci\u00f3r\u00f3l, amelynek c\u00e9lja a biztos\u00edt\u00f3 eredm\u00e9nyess\u00e9g\u00e9nek jav\u00edt\u00e1sa.<br \/>\n    Az \u00fcgylet v\u00e1rhat\u00f3an 2016 tavasz\u00e1n z\u00e1rul le, a sz\u00fcks\u00e9ges fel\u00fcgyeleti \u00e9s versenyhat\u00f3s\u00e1gi enged\u00e9lyek \u00e1tv\u00e9tele ut\u00e1n &#8211; tett\u00e9k hozz\u00e1.<br \/>\n    A W\u00e1berer Hung\u00e1ria Zrt. jelenleg W\u00e1berer Gy\u00f6rgy P\u00e9ter k\u00f6zvetett \u00f6n\u00e1ll\u00f3 ir\u00e1ny\u00edt\u00e1sa alatt \u00e1ll, \u00e9s a nem-\u00e9letbiztos\u00edt\u00e1si term\u00e9kek szolg\u00e1ltat\u00f3i piac\u00e1n tev\u00e9keny. A c\u00e9g \u00e1ltal a 2014-es \u00fczleti \u00e9vben beszedett brutt\u00f3 biztos\u00edt\u00e1si d\u00edjak \u00e9rt\u00e9ke k\u00f6zel 9,5 milli\u00e1rd forint volt.<br \/>\n    A Magyar Biztos\u00edt\u00f3k Sz\u00f6vets\u00e9ge kor\u00e1bban k\u00f6z\u00f6lt adatai szerint a W\u00e1berer Hung\u00e1ria az id\u00e9n az els\u0151 h\u00e1rom negyed\u00e9vben 50 sz\u00e1zal\u00e9kkal n\u00f6velte d\u00edjbev\u00e9tel\u00e9t, ami szeptember v\u00e9g\u00e9n 10,2 milli\u00e1rd forintot tett ki.(MTI)<\/p>\n","protected":false},"excerpt":{"rendered":"<p>A Waberer&#8217;s International Nyrt. megv\u00e1s\u00e1rolta a W\u00e1berer Hung\u00e1ria Biztos\u00edt\u00f3 Zrt. (W\u00e1berer Hung\u00e1ria Zrt.) \u00f6sszes r\u00e9szv\u00e9ny\u00e9t, az ad\u00e1sv\u00e9teli szerz\u0151d\u00e9st h\u00e9tf\u0151n \u00edrt\u00e1k al\u00e1 &#8211; k\u00f6z\u00f6lte a c\u00e9g a Budapesti \u00c9rt\u00e9kt\u0151zsde (B\u00c9T) honlapj\u00e1n.<\/p>\n","protected":false},"author":1,"featured_media":0,"comment_status":"open","ping_status":"closed","sticky":false,"template":"","format":"standard","meta":[],"categories":[7],"tags":[],"_links":{"self":[{"href":"https:\/\/gazdasagportal.hu\/index.php\/wp-json\/wp\/v2\/posts\/72568"}],"collection":[{"href":"https:\/\/gazdasagportal.hu\/index.php\/wp-json\/wp\/v2\/posts"}],"about":[{"href":"https:\/\/gazdasagportal.hu\/index.php\/wp-json\/wp\/v2\/types\/post"}],"author":[{"embeddable":true,"href":"https:\/\/gazdasagportal.hu\/index.php\/wp-json\/wp\/v2\/users\/1"}],"replies":[{"embeddable":true,"href":"https:\/\/gazdasagportal.hu\/index.php\/wp-json\/wp\/v2\/comments?post=72568"}],"version-history":[{"count":1,"href":"https:\/\/gazdasagportal.hu\/index.php\/wp-json\/wp\/v2\/posts\/72568\/revisions"}],"predecessor-version":[{"id":72569,"href":"https:\/\/gazdasagportal.hu\/index.php\/wp-json\/wp\/v2\/posts\/72568\/revisions\/72569"}],"wp:attachment":[{"href":"https:\/\/gazdasagportal.hu\/index.php\/wp-json\/wp\/v2\/media?parent=72568"}],"wp:term":[{"taxonomy":"category","embeddable":true,"href":"https:\/\/gazdasagportal.hu\/index.php\/wp-json\/wp\/v2\/categories?post=72568"},{"taxonomy":"post_tag","embeddable":true,"href":"https:\/\/gazdasagportal.hu\/index.php\/wp-json\/wp\/v2\/tags?post=72568"}],"curies":[{"name":"wp","href":"https:\/\/api.w.org\/{rel}","templated":true}]}}