{"id":72566,"date":"2015-12-29T11:48:13","date_gmt":"2015-12-29T10:48:13","guid":{"rendered":"http:\/\/gazdasagportal.hu\/?p=72566"},"modified":"2015-12-29T07:48:52","modified_gmt":"2015-12-29T06:48:52","slug":"a-torok-miniszterelnok-remeli-hogy-hamarosan-helyreall-a-kapcsolat-moszkvaval","status":"publish","type":"post","link":"https:\/\/gazdasagportal.hu\/index.php\/a-torok-miniszterelnok-remeli-hogy-hamarosan-helyreall-a-kapcsolat-moszkvaval\/","title":{"rendered":"A t\u00f6r\u00f6k minisztereln\u00f6k rem\u00e9li, hogy hamarosan helyre\u00e1ll a kapcsolat Moszkv\u00e1val"},"content":{"rendered":"<p><strong>T\u00f6r\u00f6korsz\u00e1g rem\u00e9li, hogy Ankara \u00e9s Moszkva kapcsolata hamarosan helyre\u00e1ll azt k\u00f6vet\u0151en, hogy T\u00f6r\u00f6korsz\u00e1g novemberben lel\u0151tt egy orosz harci rep\u00fcl\u0151t a t\u00f6r\u00f6k-sz\u00edr hat\u00e1r t\u00e9rs\u00e9g\u00e9ben &#8211; jelentette ki Ahmet Davutoglu t\u00f6r\u00f6k minisztereln\u00f6k h\u00e9tf\u0151n Belgr\u00e1dban.<\/strong><!--more--><\/p>\n<div class=\"ads-in-post1\"><div id=\"gazdasagportal.hu_fullbanner_wideboard\"><\/div>\r\n<\/div>\n<p>    Hozz\u00e1tette, tiszt\u00e1ban van azzal, hogy Szerbi\u00e1nak \u00e9s Oroszorsz\u00e1gnak j\u00f3 a kapcsolata, \u00e9s a k\u00f6zelm\u00faltig T\u00f6r\u00f6korsz\u00e1g is j\u00f3 viszonyt \u00e1polt Oroszorsz\u00e1ggal, de Belgr\u00e1d \u00e9s Ankara kapcsolat\u00e1ra a v\u00e1ltoz\u00e1sok nem lesznek hat\u00e1ssal.<br \/>\n    A t\u00f6r\u00f6k korm\u00e1nyf\u0151 megism\u00e9telte kor\u00e1bbi \u00e1ll\u00e1spontj\u00e1t, miszerint T\u00f6r\u00f6korsz\u00e1g azt k\u00f6vet\u0151en l\u0151tte le az orosz g\u00e9pet, hogy Moszkva m\u00e1r harmadszor s\u00e9rtette meg a l\u00e9gter\u00e9t, \u00e9s Ankar\u00e1nak v\u00e9dekeznie kellett.<br \/>\n    Ahmet Davutoglu egy szerb-t\u00f6r\u00f6k gazdas\u00e1gi f\u00f3rumra \u00e9rkezett Belgr\u00e1dba, ahol a t\u00f6r\u00f6k gazdas\u00e1gi szakemberek a befektet\u00e9si \u00e9s egy\u00fcttm\u0171k\u00f6d\u00e9si lehet\u0151s\u00e9geket m\u00e9rik fel.(MTI)<\/p>\n","protected":false},"excerpt":{"rendered":"<p>T\u00f6r\u00f6korsz\u00e1g rem\u00e9li, hogy Ankara \u00e9s Moszkva kapcsolata hamarosan helyre\u00e1ll azt k\u00f6vet\u0151en, hogy T\u00f6r\u00f6korsz\u00e1g novemberben lel\u0151tt egy orosz harci rep\u00fcl\u0151t a t\u00f6r\u00f6k-sz\u00edr hat\u00e1r t\u00e9rs\u00e9g\u00e9ben &#8211; jelentette ki Ahmet Davutoglu t\u00f6r\u00f6k minisztereln\u00f6k h\u00e9tf\u0151n Belgr\u00e1dban.<\/p>\n","protected":false},"author":1,"featured_media":0,"comment_status":"open","ping_status":"closed","sticky":false,"template":"","format":"standard","meta":[],"categories":[12],"tags":[],"_links":{"self":[{"href":"https:\/\/gazdasagportal.hu\/index.php\/wp-json\/wp\/v2\/posts\/72566"}],"collection":[{"href":"https:\/\/gazdasagportal.hu\/index.php\/wp-json\/wp\/v2\/posts"}],"about":[{"href":"https:\/\/gazdasagportal.hu\/index.php\/wp-json\/wp\/v2\/types\/post"}],"author":[{"embeddable":true,"href":"https:\/\/gazdasagportal.hu\/index.php\/wp-json\/wp\/v2\/users\/1"}],"replies":[{"embeddable":true,"href":"https:\/\/gazdasagportal.hu\/index.php\/wp-json\/wp\/v2\/comments?post=72566"}],"version-history":[{"count":1,"href":"https:\/\/gazdasagportal.hu\/index.php\/wp-json\/wp\/v2\/posts\/72566\/revisions"}],"predecessor-version":[{"id":72567,"href":"https:\/\/gazdasagportal.hu\/index.php\/wp-json\/wp\/v2\/posts\/72566\/revisions\/72567"}],"wp:attachment":[{"href":"https:\/\/gazdasagportal.hu\/index.php\/wp-json\/wp\/v2\/media?parent=72566"}],"wp:term":[{"taxonomy":"category","embeddable":true,"href":"https:\/\/gazdasagportal.hu\/index.php\/wp-json\/wp\/v2\/categories?post=72566"},{"taxonomy":"post_tag","embeddable":true,"href":"https:\/\/gazdasagportal.hu\/index.php\/wp-json\/wp\/v2\/tags?post=72566"}],"curies":[{"name":"wp","href":"https:\/\/api.w.org\/{rel}","templated":true}]}}