{"id":72558,"date":"2015-12-29T11:08:18","date_gmt":"2015-12-29T10:08:18","guid":{"rendered":"http:\/\/gazdasagportal.hu\/?p=72558"},"modified":"2015-12-29T07:46:49","modified_gmt":"2015-12-29T06:46:49","slug":"iden-a-tervezettet-meghaladoan-jol-alakulnak-az-adobevetelek","status":"publish","type":"post","link":"https:\/\/gazdasagportal.hu\/index.php\/iden-a-tervezettet-meghaladoan-jol-alakulnak-az-adobevetelek\/","title":{"rendered":"Id\u00e9n a tervezettet meghalad\u00f3an j\u00f3l alakulnak az ad\u00f3bev\u00e9telek"},"content":{"rendered":"<p><strong>Az id\u00e9n a tervezettet meghalad\u00f3an j\u00f3l alakulnak az ad\u00f3bev\u00e9telek, \u00edgy az uni\u00f3s m\u00f3dszertan szerint az ez \u00e9vi \u00e1llamh\u00e1ztart\u00e1si hi\u00e1ny 2,4 sz\u00e1zal\u00e9kra, vagy m\u00e9g enn\u00e9l is kedvez\u0151bb ar\u00e1nyra teljes\u00fcl &#8211; mondta a Nemzetgazdas\u00e1gi Miniszt\u00e9rium \u00e1llamh\u00e1ztart\u00e1s\u00e9rt felel\u0151s \u00e1llamtitk\u00e1ra h\u00e9tf\u0151n a t\u00e1rca h\u00e1tt\u00e9rbesz\u00e9lget\u00e9s\u00e9n.<\/strong><!--more--><\/p>\n<div class=\"ads-in-post1\"><div id=\"gazdasagportal.hu_fullbanner_wideboard\"><\/div>\r\n<\/div>\n<p>    Banai P\u00e9ter Ben\u0151 elmondta: &#8222;az idei \u00e9v v\u00e9ge fel\u00e9 nyugodt sz\u00edvvel elmondhat\u00f3, hogy a k\u00f6zponti k\u00f6lts\u00e9gvet\u00e9s szja-, \u00e1fa- \u00e9s t\u00e1rsas\u00e1gi ad\u00f3bev\u00e9telei rendre fel\u00fcl teljes\u00fclnek, olyannyira, hogy v\u00e1rhat\u00f3an az idei k\u00f6lts\u00e9gvet\u00e9s m\u00f3dos\u00edtott el\u0151ir\u00e1nyzatait is meghaladj\u00e1k&#8221;.<br \/>\n    Kifejtette: az \u00e1llamh\u00e1ztart\u00e1s mostani jobb helyzete kedvez\u0151bb &#8222;alapb\u00e1zist&#8221; ad a 2016-os k\u00f6lts\u00e9gvet\u00e9shez, azokhoz a k\u00f6r\u00fclm\u00e9nyekhez k\u00e9pest, amelyek alapj\u00e1n elfogadta a j\u00f6v\u0151 \u00e9vre sz\u00f3l\u00f3 b\u00fcdzs\u00e9t a parlament.<br \/>\n    A 2015 \u00e9vi \u00e1llamh\u00e1ztart\u00e1si sz\u00e1mok uni\u00f3s elsz\u00e1mol\u00e1s szerinti v\u00e9gleges adatait, az \u00e1llamh\u00e1ztart\u00e1si hi\u00e1ny nagys\u00e1g\u00e1t j\u00f6v\u0151 \u00e9v m\u00e1rcius v\u00e9g\u00e9n lehet megismerni, mert az \u00f6nkorm\u00e1nyzatok adatai m\u00e9g hi\u00e1nyoznak, \u00e9s olyan nagy, a korm\u00e1nyzati szektorhoz tartoz\u00f3 c\u00e9gek, mint p\u00e9ld\u00e1ul a M\u00c1V-Start, vagy a Nemzeti Infrastrukt\u00fara Fejleszt\u0151 Zrt. 2015-re vonatkoz\u00f3 gazd\u00e1lkod\u00e1si sz\u00e1mai  sem ismertek &#8211; jegyezte meg.<br \/>\n    Banai P\u00e9ter Ben\u0151 arr\u00f3l is sz\u00f3lt, hogy az uni\u00f3s, eredm\u00e9nyszeml\u00e9let\u0171 hi\u00e1ny korrekci\u00f3ja sor\u00e1n figyelembe kell majd venni p\u00e9ld\u00e1ul a 2015-re vonatkoz\u00f3 \u00e1fa \u00e9s szja visszautal\u00e1sokat.<br \/>\n    Az \u00e1llamtitk\u00e1r kiemelte: a lak\u00e1s\u00e1fa kedvezm\u00e9nyes, 5 sz\u00e1zal\u00e9kos kulcsba val\u00f3 \u00e1tsorol\u00e1sa j\u00f6v\u0151re v\u00e9lhet\u0151en kedvez\u0151en hat a GDP alakul\u00e1s\u00e1ra, a foglalkoztat\u00e1sra, hosszabb t\u00e1von a demogr\u00e1fiai helyzetre, de annak a k\u00f6lts\u00e9gvet\u00e9sre gyakorolt hat\u00e1s\u00e1t csak n\u00e9h\u00e1ny h\u00f3nap, illetve az els\u0151 f\u00e9l \u00e9v ut\u00e1n lehet meg\u00edt\u00e9lni.(MTI)<\/p>\n","protected":false},"excerpt":{"rendered":"<p>Az id\u00e9n a tervezettet meghalad\u00f3an j\u00f3l alakulnak az ad\u00f3bev\u00e9telek, \u00edgy az uni\u00f3s m\u00f3dszertan szerint az ez \u00e9vi \u00e1llamh\u00e1ztart\u00e1si hi\u00e1ny 2,4 sz\u00e1zal\u00e9kra, vagy m\u00e9g enn\u00e9l is kedvez\u0151bb ar\u00e1nyra teljes\u00fcl &#8211; mondta a Nemzetgazdas\u00e1gi Miniszt\u00e9rium \u00e1llamh\u00e1ztart\u00e1s\u00e9rt felel\u0151s \u00e1llamtitk\u00e1ra h\u00e9tf\u0151n a t\u00e1rca h\u00e1tt\u00e9rbesz\u00e9lget\u00e9s\u00e9n.<\/p>\n","protected":false},"author":1,"featured_media":0,"comment_status":"open","ping_status":"closed","sticky":false,"template":"","format":"standard","meta":[],"categories":[20,19],"tags":[],"_links":{"self":[{"href":"https:\/\/gazdasagportal.hu\/index.php\/wp-json\/wp\/v2\/posts\/72558"}],"collection":[{"href":"https:\/\/gazdasagportal.hu\/index.php\/wp-json\/wp\/v2\/posts"}],"about":[{"href":"https:\/\/gazdasagportal.hu\/index.php\/wp-json\/wp\/v2\/types\/post"}],"author":[{"embeddable":true,"href":"https:\/\/gazdasagportal.hu\/index.php\/wp-json\/wp\/v2\/users\/1"}],"replies":[{"embeddable":true,"href":"https:\/\/gazdasagportal.hu\/index.php\/wp-json\/wp\/v2\/comments?post=72558"}],"version-history":[{"count":1,"href":"https:\/\/gazdasagportal.hu\/index.php\/wp-json\/wp\/v2\/posts\/72558\/revisions"}],"predecessor-version":[{"id":72559,"href":"https:\/\/gazdasagportal.hu\/index.php\/wp-json\/wp\/v2\/posts\/72558\/revisions\/72559"}],"wp:attachment":[{"href":"https:\/\/gazdasagportal.hu\/index.php\/wp-json\/wp\/v2\/media?parent=72558"}],"wp:term":[{"taxonomy":"category","embeddable":true,"href":"https:\/\/gazdasagportal.hu\/index.php\/wp-json\/wp\/v2\/categories?post=72558"},{"taxonomy":"post_tag","embeddable":true,"href":"https:\/\/gazdasagportal.hu\/index.php\/wp-json\/wp\/v2\/tags?post=72558"}],"curies":[{"name":"wp","href":"https:\/\/api.w.org\/{rel}","templated":true}]}}