{"id":72513,"date":"2015-12-28T00:04:55","date_gmt":"2015-12-27T23:04:55","guid":{"rendered":"http:\/\/gazdasagportal.hu\/?p=72513"},"modified":"2015-12-28T00:04:55","modified_gmt":"2015-12-27T23:04:55","slug":"nem-valoszinu-gazdasagi-es-politikai-hatalomatrendezodes-kina-miatt","status":"publish","type":"post","link":"https:\/\/gazdasagportal.hu\/index.php\/nem-valoszinu-gazdasagi-es-politikai-hatalomatrendezodes-kina-miatt\/","title":{"rendered":"Nem val\u00f3sz\u00edn\u0171 gazdas\u00e1gi \u00e9s politikai hatalom\u00e1trendez\u0151d\u00e9s K\u00edna miatt"},"content":{"rendered":"<p><strong>Csath Magdolna k\u00f6zgazd\u00e1sz szerint a k\u00ednai gazdas\u00e1g n\u00f6veked\u00e9se miatt nem val\u00f3sz\u00edn\u0171, hogy politikai \u00e9s gazdas\u00e1gi hatalmi \u00e1trendez\u0151d\u00e9s menne v\u00e9gbe a vil\u00e1gban m\u00e9g akkor sem, ha K\u00edna megel\u0151zn\u00e9 az Egyes\u00fclt \u00c1llamokat az el\u0151\u00e1ll\u00edtott \u00e1ru \u00e9rt\u00e9ke tekintet\u00e9ben.<\/strong><!--more--><\/p>\n<div class=\"ads-in-post1\"><div id=\"gazdasagportal.hu_fullbanner_wideboard\"><\/div>\r\n<\/div>\n<p>    A szak\u00e9rt\u0151 az M1 aktu\u00e1lis csatorna vas\u00e1rnap esti m\u0171sor\u00e1ban azt mondta, az egy f\u0151re jut\u00f3 gazdas\u00e1gi teljes\u00edtm\u00e9ny m\u00e9g akkor is nagyobb lesz az Egyes\u00fclt \u00c1llamokban, ha a K\u00edna \u00e1ltal kibocs\u00e1tott term\u00e9kek \u00f6ssz\u00e9rt\u00e9ke meghaladja az amerikait. Hozz\u00e1tette: Amerik\u00e1ban magas a technol\u00f3giai innov\u00e1ci\u00f3, nagy a tud\u00e1sipar szerepe.<br \/>\n    Csath Magdolna besz\u00e9lt arr\u00f3l is, hogy K\u00edna lassul\u00f3 gazdas\u00e1gi fejl\u0151d\u00e9se m\u00f6g\u00f6tt az \u00e1llhat, hogy a kor\u00e1bban az olcs\u00f3 \u00e1ruval exportpiacot szerz\u0151 orsz\u00e1g r\u00e1j\u00f6tt, ezekkel a term\u00e9kekkel nem lehet fenntarthat\u00f3an fejl\u0151dni, ez\u00e9rt elkezdett az oktat\u00e1sba, kutat\u00e1sba inveszt\u00e1lni, tov\u00e1bb\u00e1 nagyobb hangs\u00falyt fektet a bels\u0151 fogyaszt\u00e1s n\u00f6vel\u00e9s\u00e9re, dr\u00e1mai lassul\u00e1ssal azonban nem kell sz\u00e1molni.<br \/>\n    A k\u00f6zgazd\u00e1sz Eur\u00f3pa szerep\u00e9vel kapcsolatban azt mondta, a vil\u00e1g legnagyobb gazdas\u00e1gainak G8-as csoportj\u00e1b\u00f3l a rossz teljes\u00edtm\u00e9ny miatt kieshet Franciaorsz\u00e1g \u00e9s Olaszorsz\u00e1g, a kelet-k\u00f6z\u00e9p-eur\u00f3pai t\u00e9rs\u00e9gben pedig Lengyelorsz\u00e1g lehet a &#8222;ragyog\u00f3 pont&#8221;, amely a 21. helyre ker\u00fclhet a vil\u00e1granglist\u00e1n, ha folytat\u00f3dnak a tendenci\u00e1k. A k\u00e9rd\u00e9s, hogy ez Magyarorsz\u00e1gra milyen hat\u00e1ssal lesz &#8211; f\u0171zte hozz\u00e1.(MTI)<\/p>\n","protected":false},"excerpt":{"rendered":"<p>Csath Magdolna k\u00f6zgazd\u00e1sz szerint a k\u00ednai gazdas\u00e1g n\u00f6veked\u00e9se miatt nem val\u00f3sz\u00edn\u0171, hogy politikai \u00e9s gazdas\u00e1gi hatalmi \u00e1trendez\u0151d\u00e9s menne v\u00e9gbe a vil\u00e1gban m\u00e9g akkor sem, ha K\u00edna megel\u0151zn\u00e9 az Egyes\u00fclt \u00c1llamokat az el\u0151\u00e1ll\u00edtott \u00e1ru \u00e9rt\u00e9ke tekintet\u00e9ben.<\/p>\n","protected":false},"author":1,"featured_media":19947,"comment_status":"open","ping_status":"closed","sticky":false,"template":"","format":"standard","meta":[],"categories":[146,246],"tags":[],"_links":{"self":[{"href":"https:\/\/gazdasagportal.hu\/index.php\/wp-json\/wp\/v2\/posts\/72513"}],"collection":[{"href":"https:\/\/gazdasagportal.hu\/index.php\/wp-json\/wp\/v2\/posts"}],"about":[{"href":"https:\/\/gazdasagportal.hu\/index.php\/wp-json\/wp\/v2\/types\/post"}],"author":[{"embeddable":true,"href":"https:\/\/gazdasagportal.hu\/index.php\/wp-json\/wp\/v2\/users\/1"}],"replies":[{"embeddable":true,"href":"https:\/\/gazdasagportal.hu\/index.php\/wp-json\/wp\/v2\/comments?post=72513"}],"version-history":[{"count":1,"href":"https:\/\/gazdasagportal.hu\/index.php\/wp-json\/wp\/v2\/posts\/72513\/revisions"}],"predecessor-version":[{"id":72514,"href":"https:\/\/gazdasagportal.hu\/index.php\/wp-json\/wp\/v2\/posts\/72513\/revisions\/72514"}],"wp:featuredmedia":[{"embeddable":true,"href":"https:\/\/gazdasagportal.hu\/index.php\/wp-json\/wp\/v2\/media\/19947"}],"wp:attachment":[{"href":"https:\/\/gazdasagportal.hu\/index.php\/wp-json\/wp\/v2\/media?parent=72513"}],"wp:term":[{"taxonomy":"category","embeddable":true,"href":"https:\/\/gazdasagportal.hu\/index.php\/wp-json\/wp\/v2\/categories?post=72513"},{"taxonomy":"post_tag","embeddable":true,"href":"https:\/\/gazdasagportal.hu\/index.php\/wp-json\/wp\/v2\/tags?post=72513"}],"curies":[{"name":"wp","href":"https:\/\/api.w.org\/{rel}","templated":true}]}}