{"id":72503,"date":"2015-12-27T18:05:01","date_gmt":"2015-12-27T17:05:01","guid":{"rendered":"http:\/\/gazdasagportal.hu\/?p=72503"},"modified":"2015-12-27T18:05:01","modified_gmt":"2015-12-27T17:05:01","slug":"ujabb-egy-evet-csuszik-a-mitsubishi-regionalis-gepe","status":"publish","type":"post","link":"https:\/\/gazdasagportal.hu\/index.php\/ujabb-egy-evet-csuszik-a-mitsubishi-regionalis-gepe\/","title":{"rendered":"\u00dajabb egy \u00e9vet cs\u00faszik a Mitsubishi region\u00e1lis g\u00e9pe"},"content":{"rendered":"<p><strong>\u00dajabb egy \u00e9vet cs\u00faszik a jap\u00e1n Mitsubishi region\u00e1lis rep\u00fcl\u0151g\u00e9p\u00e9nek, az MRJ-nek a forgalomba \u00e1ll\u00edt\u00e1sa r\u00e9szben egyes alkatr\u00e9szek \u00fajratervez\u00e9se miatt &#8211; k\u00f6z\u00f6lte a gy\u00e1rt\u00f3 a honlapj\u00e1n.<\/strong><!--more--><\/p>\n<div class=\"ads-in-post1\"><div id=\"gazdasagportal.hu_fullbanner_wideboard\"><\/div>\r\n<\/div>\n<p>    T\u00e1j\u00e9koztat\u00e1suk szerint a novemberi els\u0151 rep\u00fcl\u00e9s, valamint az az\u00f3ta lezajlott rep\u00fcl\u00e9sek sor\u00e1n a g\u00e9p alapvet\u0151 tulajdons\u00e1gai rendben voltak, ugyanakkor p\u00e1r alkatr\u00e9szt \u00fajra kell tervezni, ez\u00e9rt 2017 m\u00e1sodik negyed\u00e9ve helyett csak 2018 m\u00e1sodik negyed\u00e9v\u00e9ben adhatj\u00e1k \u00e1t az els\u0151 g\u00e9pet az All Nippon Airwaysnek.<br \/>\n    A Mitsubishi hangs\u00falyozta, tov\u00e1bbra is elk\u00f6telezett a projekt ir\u00e1nt, a c\u00e9lja, hogy megrendel\u0151i a legjobb term\u00e9ket kapj\u00e1k.<br \/>\n    A 90 \u00fcl\u00e9ses region\u00e1lis g\u00e9p tervez\u00e9s\u00e9ben ez m\u00e1r a negyedik cs\u00fasz\u00e1s, el\u0151sz\u00f6r 2012 m\u00e1sodik negyed\u00e9v\u00e9re tervezt\u00e9k a g\u00e9p sz\u0171zfelsz\u00e1ll\u00e1s\u00e1t, amelyre v\u00e9g\u00fcl id\u00e9n novemberben ker\u00fclt sor, az eredeti tervek szerint az els\u0151 g\u00e9p 2014 els\u0151 negyed\u00e9v\u00e9ben \u00e1llt volna forgalomba.(MTI)<\/p>\n","protected":false},"excerpt":{"rendered":"<p>\u00dajabb egy \u00e9vet cs\u00faszik a jap\u00e1n Mitsubishi region\u00e1lis rep\u00fcl\u0151g\u00e9p\u00e9nek, az MRJ-nek a forgalomba \u00e1ll\u00edt\u00e1sa r\u00e9szben egyes alkatr\u00e9szek \u00fajratervez\u00e9se miatt &#8211; k\u00f6z\u00f6lte a gy\u00e1rt\u00f3 a honlapj\u00e1n.<\/p>\n","protected":false},"author":1,"featured_media":0,"comment_status":"open","ping_status":"closed","sticky":false,"template":"","format":"standard","meta":[],"categories":[246],"tags":[],"_links":{"self":[{"href":"https:\/\/gazdasagportal.hu\/index.php\/wp-json\/wp\/v2\/posts\/72503"}],"collection":[{"href":"https:\/\/gazdasagportal.hu\/index.php\/wp-json\/wp\/v2\/posts"}],"about":[{"href":"https:\/\/gazdasagportal.hu\/index.php\/wp-json\/wp\/v2\/types\/post"}],"author":[{"embeddable":true,"href":"https:\/\/gazdasagportal.hu\/index.php\/wp-json\/wp\/v2\/users\/1"}],"replies":[{"embeddable":true,"href":"https:\/\/gazdasagportal.hu\/index.php\/wp-json\/wp\/v2\/comments?post=72503"}],"version-history":[{"count":1,"href":"https:\/\/gazdasagportal.hu\/index.php\/wp-json\/wp\/v2\/posts\/72503\/revisions"}],"predecessor-version":[{"id":72504,"href":"https:\/\/gazdasagportal.hu\/index.php\/wp-json\/wp\/v2\/posts\/72503\/revisions\/72504"}],"wp:attachment":[{"href":"https:\/\/gazdasagportal.hu\/index.php\/wp-json\/wp\/v2\/media?parent=72503"}],"wp:term":[{"taxonomy":"category","embeddable":true,"href":"https:\/\/gazdasagportal.hu\/index.php\/wp-json\/wp\/v2\/categories?post=72503"},{"taxonomy":"post_tag","embeddable":true,"href":"https:\/\/gazdasagportal.hu\/index.php\/wp-json\/wp\/v2\/tags?post=72503"}],"curies":[{"name":"wp","href":"https:\/\/api.w.org\/{rel}","templated":true}]}}