{"id":72501,"date":"2015-12-27T16:00:33","date_gmt":"2015-12-27T15:00:33","guid":{"rendered":"http:\/\/gazdasagportal.hu\/?p=72501"},"modified":"2015-12-27T16:00:33","modified_gmt":"2015-12-27T15:00:33","slug":"nemet-penzugyminiszter-az-unios-orszagok-jovore-felismerik-hogy-csak-egyutt-tudjak-megoldani-a-menekultvalsagot","status":"publish","type":"post","link":"https:\/\/gazdasagportal.hu\/index.php\/nemet-penzugyminiszter-az-unios-orszagok-jovore-felismerik-hogy-csak-egyutt-tudjak-megoldani-a-menekultvalsagot\/","title":{"rendered":"N\u00e9met p\u00e9nz\u00fcgyminiszter: az uni\u00f3s orsz\u00e1gok j\u00f6v\u0151re felismerik, hogy csak egy\u00fctt tudj\u00e1k megoldani a menek\u00fcltv\u00e1ls\u00e1got"},"content":{"rendered":"<p><strong>Az Eur\u00f3pai Uni\u00f3 tag\u00e1llamai 2016-ban majd bel\u00e1tj\u00e1k, hogy csak k\u00f6z\u00f6sen tudj\u00e1k megoldani a menek\u00fcltv\u00e1ls\u00e1got &#8211; mondta a n\u00e9met p\u00e9nz\u00fcgyminiszter egy vas\u00e1rnapi lapinterj\u00faban, amelyben hangs\u00falyozta, hogy a kelet-eur\u00f3pai tagorsz\u00e1goknak is be kell fogadniuk menek\u00fclteket, de kevesebbet, mint N\u00e9metorsz\u00e1g.<br \/>\n<\/strong><!--more--><\/p>\n<div class=\"ads-in-post1\"><div id=\"gazdasagportal.hu_fullbanner_wideboard\"><\/div>\r\n<\/div>\n    Wolfgang Sch\u00e4uble a Bild am Sonntag c\u00edm\u0171 lapban megjelent interj\u00faban kiemelte, hogy a szolidarit\u00e1st nem lehet &#8222;egym\u00e1s szidalmaz\u00e1s\u00e1val&#8221; biztos\u00edtani, \u00e9s az is &#8222;fontos el\u0151rel\u00e9p\u00e9s&#8221;, hogy &#8222;v\u00e9gre valamennyi tag\u00e1llam meg\u00e9rtette&#8221; az uni\u00f3s k\u00fcls\u0151 hat\u00e1r biztos\u00edt\u00e1s\u00e1nak fontoss\u00e1g\u00e1t.<br \/>\n    A &#8222;k\u00f6vetkez\u0151 \u00e9vre az az el\u0151rejelz\u00e9sem, hogy Eur\u00f3p\u00e1ban \u00e9rv\u00e9nyes\u00fcl majd a felismer\u00e9s, hogy csak egy\u00fctt tudunk megbirk\u00f3zni a menek\u00fcltv\u00e1ls\u00e1ggal&#8221; &#8211; tette hozz\u00e1.<br \/>\n    Felid\u00e9zte, hogy a kilencvenes \u00e9vek elej\u00e9n &#8211; a d\u00e9lszl\u00e1v h\u00e1bor\u00fa kit\u00f6r\u00e9se idej\u00e9n, amikor a legut\u00f3bbi nagy menek\u00fclthull\u00e1m el\u00e9rte N\u00e9metorsz\u00e1got &#8211; a frissen \u00fajraegyes\u00edtett orsz\u00e1g keleti r\u00e9sz\u00e9n, a volt NDK ter\u00fclet\u00e9n fekv\u0151 tartom\u00e1nyok nem akartak menek\u00fcltetek befogadni, \u00e9s arra hivatkoztak, hogy a lakoss\u00e1gnak nincsenek tapasztalatai k\u00fclf\u00f6ldiekkel.<br \/>\n    Wolfgang Sch\u00e4uble elmondta, hogy ebben a helyzetben sz\u00f6vets\u00e9gi bel\u00fcgyminiszterk\u00e9nt \u00fagy d\u00f6nt\u00f6tt, hogy az \u00faj tartom\u00e1nyok nem kaphatnak mentess\u00e9get, nekik is be kell fogadniuk menek\u00fclteket, de &#8222;sz\u00e1zal\u00e9kosan kevesebbet&#8221;, mint a nyugati tartom\u00e1nyok, hogy a lakoss\u00e1g hozz\u00e1szokjon a k\u00fclf\u00f6ldiek jelenl\u00e9t\u00e9hez.<br \/>\n    Mindez &#8222;a mai viszonyokra \u00e1thelyezve azt jelenti, hogy a kelet-eur\u00f3pai orsz\u00e1goknak is be kell fogadniuk menek\u00fclteket, de kevesebbet, mint N\u00e9metorsz\u00e1g&#8221; &#8211; mondta a miniszter.<br \/>\n    A k\u00f6z\u00f6s megold\u00e1s azzal is j\u00e1r, hogy a k\u00fclpolitik\u00e1ban \u00e9s a biztons\u00e1gpolitik\u00e1ban t\u00f6bb feladat h\u00e1rul N\u00e9metorsz\u00e1gra, &#8222;mint amennyit tal\u00e1n szeretn\u00e9nk&#8221;, de tudom\u00e1sul kell venni, hogy jelent\u0151sebb eur\u00f3pai k\u00f6zrem\u0171k\u00f6d\u00e9s n\u00e9lk\u00fcl nem lehet stabiliz\u00e1lni a k\u00f6zel-, \u00e9s a k\u00f6z\u00e9p-keleti t\u00e9rs\u00e9get \u00e9s Afrik\u00e1t &#8211; tette hozz\u00e1 Wolfgang Sch\u00e4uble.<br \/>\n    Kiemelte, hogy fokozatosan \u00f6ssze kell kapcsolni az uni\u00f3s tagorsz\u00e1gok k\u00fcl- \u00e9s biztons\u00e1gpolitik\u00e1j\u00e1t, \u00e9s meg kell c\u00e9lozni egy &#8222;k\u00f6z\u00f6s eur\u00f3pai hadsereg&#8221; kialak\u00edt\u00e1s\u00e1t. A &#8222;nemzeti hadseregekre&#8221; ford\u00edtott forr\u00e1sokat &#8222;k\u00f6z\u00f6sen sokkal hat\u00e9konyabban lehet felhaszn\u00e1lni&#8221; &#8211; jegyezte meg.<br \/>\n    A menek\u00fcltv\u00e1ls\u00e1g n\u00e9metorsz\u00e1gi kezel\u00e9s\u00e9r\u0151l sz\u00f3lva hangs\u00falyozta, hogy komolyan kell venni a lakoss\u00e1g aggodalmait, ugyanakkor ha sikeres az integr\u00e1ci\u00f3, &#8222;k\u00f6z\u00e9pt\u00e1von sok szempontb\u00f3l j\u00f3t tesz nek\u00fcnk&#8221; a menek\u00fcltek jelenl\u00e9te.<br \/>\n    A v\u00e1ls\u00e1g ugyanis megmutatta a &#8222;n\u00e9metek hihetetlen seg\u00edt\u0151k\u00e9szs\u00e9g\u00e9t&#8221;, \u00e9s minden seg\u00edt\u0151 megtapasztalhatta, hogy sz\u00fcks\u00e9g van r\u00e1. Tov\u00e1bb\u00e1 a menek\u00fcltek a munkaer\u0151piacon seg\u00edtenek ellens\u00falyozni a t\u00e1rsadalom el\u00f6reged\u00e9s\u00e9t, \u00e9s hozz\u00e1seg\u00edtik az Eur\u00f3pai Uni\u00f3t a tov\u00e1bbfejl\u0151d\u00e9shez. &#8222;Eg\u00e9sz Eur\u00f3pa meger\u0151s\u00f6dve ker\u00fcl majd ki ebb\u0151l a v\u00e1ls\u00e1gb\u00f3l&#8221; &#8211; mondta Wolfgang Sch\u00e4uble.(MTI)<\/p>\n","protected":false},"excerpt":{"rendered":"<p>Az Eur\u00f3pai Uni\u00f3 tag\u00e1llamai 2016-ban majd bel\u00e1tj\u00e1k, hogy csak k\u00f6z\u00f6sen tudj\u00e1k megoldani a menek\u00fcltv\u00e1ls\u00e1got &#8211; mondta a n\u00e9met p\u00e9nz\u00fcgyminiszter egy vas\u00e1rnapi lapinterj\u00faban, amelyben hangs\u00falyozta, hogy a kelet-eur\u00f3pai tagorsz\u00e1goknak is be kell fogadniuk menek\u00fclteket, de kevesebbet, mint N\u00e9metorsz\u00e1g.<\/p>\n","protected":false},"author":1,"featured_media":0,"comment_status":"open","ping_status":"closed","sticky":false,"template":"","format":"standard","meta":[],"categories":[12],"tags":[],"_links":{"self":[{"href":"https:\/\/gazdasagportal.hu\/index.php\/wp-json\/wp\/v2\/posts\/72501"}],"collection":[{"href":"https:\/\/gazdasagportal.hu\/index.php\/wp-json\/wp\/v2\/posts"}],"about":[{"href":"https:\/\/gazdasagportal.hu\/index.php\/wp-json\/wp\/v2\/types\/post"}],"author":[{"embeddable":true,"href":"https:\/\/gazdasagportal.hu\/index.php\/wp-json\/wp\/v2\/users\/1"}],"replies":[{"embeddable":true,"href":"https:\/\/gazdasagportal.hu\/index.php\/wp-json\/wp\/v2\/comments?post=72501"}],"version-history":[{"count":1,"href":"https:\/\/gazdasagportal.hu\/index.php\/wp-json\/wp\/v2\/posts\/72501\/revisions"}],"predecessor-version":[{"id":72502,"href":"https:\/\/gazdasagportal.hu\/index.php\/wp-json\/wp\/v2\/posts\/72501\/revisions\/72502"}],"wp:attachment":[{"href":"https:\/\/gazdasagportal.hu\/index.php\/wp-json\/wp\/v2\/media?parent=72501"}],"wp:term":[{"taxonomy":"category","embeddable":true,"href":"https:\/\/gazdasagportal.hu\/index.php\/wp-json\/wp\/v2\/categories?post=72501"},{"taxonomy":"post_tag","embeddable":true,"href":"https:\/\/gazdasagportal.hu\/index.php\/wp-json\/wp\/v2\/tags?post=72501"}],"curies":[{"name":"wp","href":"https:\/\/api.w.org\/{rel}","templated":true}]}}