{"id":72499,"date":"2015-12-27T12:32:03","date_gmt":"2015-12-27T11:32:03","guid":{"rendered":"http:\/\/gazdasagportal.hu\/?p=72499"},"modified":"2015-12-27T11:13:16","modified_gmt":"2015-12-27T10:13:16","slug":"sziria-titokban-izraelben-targyalt-az-orosz-elnok-kulonleges-megbizottja","status":"publish","type":"post","link":"https:\/\/gazdasagportal.hu\/index.php\/sziria-titokban-izraelben-targyalt-az-orosz-elnok-kulonleges-megbizottja\/","title":{"rendered":"Sz\u00edria &#8211; Titokban Izraelben t\u00e1rgyalt az orosz eln\u00f6k k\u00fcl\u00f6nleges megb\u00edzottja"},"content":{"rendered":"<p><strong>Titokban Izraelben t\u00e1rgyalt Vlagyimir Putyin orosz eln\u00f6k k\u00fcl\u00f6nleges megb\u00edzottja, Alekszander Lavrentyijev a sz\u00edriai rendez\u00e9sr\u0151l &#8211; k\u00f6z\u00f6lte a H\u00e1\u00e1rec c\u00edm\u0171 izraeli \u00fajs\u00e1g vas\u00e1rnapi sz\u00e1m\u00e1ban.<br \/>\n<\/strong><!--more--><\/p>\n<div class=\"ads-in-post1\"><div id=\"gazdasagportal.hu_fullbanner_wideboard\"><\/div>\r\n<\/div>\n    Az orosz k\u00fcld\u00f6tt n\u00e9pes deleg\u00e1ci\u00f3 \u00e9l\u00e9n l\u00e1togatott Jeruzs\u00e1lembe, ahol magas rang\u00fa izraeli tisztvisel\u0151kkel tan\u00e1cskozott az ENSZ t\u00e1mogat\u00e1s\u00e1val, a sz\u00edriai polg\u00e1rh\u00e1bor\u00fa lez\u00e1r\u00e1sa \u00e9rdek\u00e9ben folytatand\u00f3 diplom\u00e1ciai t\u00e1rgyal\u00e1sokr\u00f3l.<br \/>\n    Putyin sz\u00edriai \u00fcgyekben elj\u00e1r\u00f3 megb\u00edzottja cs\u00fct\u00f6rt\u00f6k\u00f6n kezdett megbesz\u00e9l\u00e9seket titokban Izraelben, miut\u00e1n egy hete az ENSZ Biztons\u00e1gi Tan\u00e1csa elfogadott egy hat\u00e1rozatot a Bass\u00e1r el-Aszad sz\u00edriai eln\u00f6k \u00e9s az ellenz\u00e9ki felkel\u0151 csoportok k\u00f6z\u00f6tti t\u00e1rgyal\u00e1sokr\u00f3l.<br \/>\n    Izrael hivatalosan nem emelt kifog\u00e1st az ENSZ-ben l\u00e9trej\u00f6tt hat\u00e1rozat ellen, de a H\u00e1\u00e1rec szerint Jeruzs\u00e1lemben att\u00f3l tartanak, hogy egy nemzetk\u00f6zi egyezm\u00e9ny meger\u0151s\u00edtheti Ir\u00e1nt \u00e9s a Hezbollah libanoni s\u00edita fegyveres szervezetet, Izrael legf\u0151bb ellens\u00e9geit.<br \/>\n    Benj\u00e1min Netanjahu izraeli minisztereln\u00f6k kedden telefonbesz\u00e9lget\u00e9st folytatott Putyinnal, amelynek sor\u00e1n &#8211; a Kreml k\u00f6zlem\u00e9nye szerint &#8211; az orosz eln\u00f6k kifejtette, hogy semmi sem helyettes\u00edtheti az ENSZ \u00e9gisze alatt l\u00e9trej\u00f6v\u0151 diplom\u00e1ciai megold\u00e1st a sz\u00edriai v\u00e1ls\u00e1g \u00fcgy\u00e9ben.<br \/>\n    Az oroszok l\u00e1togat\u00e1s\u00e1t teljes titokban szervezte a k\u00fcl\u00fcgyminiszt\u00e9rium \u00e9s a minisztereln\u00f6ki hivatal a lap szerint. A k\u00fcl\u00fcgyi t\u00e1rca megtagadta a H\u00e1\u00e1rec k\u00e9rd\u00e9seinek megv\u00e1laszol\u00e1s\u00e1t ebben az \u00fcgyben, \u00e9s azt sem siker\u00fclt megtudni, hogy t\u00f6rt\u00e9nt-e tal\u00e1lkoz\u00f3 az izraeli korm\u00e1nyf\u0151vel.<br \/>\n    Lavrentyijevet Putyin n\u00e9h\u00e1ny hete szem\u00e9lyesen nevezte ki a sz\u00edriai rendez\u00e9s diplom\u00e1ciai \u00fcgyeinek int\u00e9z\u00e9s\u00e9re. A k\u00fcld\u00f6tt az orosz l\u00e9gier\u0151 k\u00fcl\u00f6nrep\u00fcl\u0151g\u00e9p\u00e9n az orosz k\u00fcl\u00fcgy \u00e9s h\u00edrszerz\u00e9s szakembereinek k\u00eds\u00e9ret\u00e9ben \u00e9rkezett Tel-Avivba, ahol a deleg\u00e1ci\u00f3t Joszi Kohen jelenlegi nemzetbiztons\u00e1gi tan\u00e1csad\u00f3 &#8211; a Moszad, az izraeli h\u00edrszerz\u0151 szervezet leend\u0151 igazgat\u00f3ja &#8211; fogadta.<br \/>\n    Izrael c\u00e9lja, hogy a meg\u00e1llapod\u00e1s ut\u00e1n is szabadon \u00fatj\u00e1t \u00e1llja a Sz\u00edri\u00e1b\u00f3l esetleg ellene ind\u00edtott t\u00e1mad\u00e1soknak, valamint a Hezbollahnak sz\u00e1nt fegyversz\u00e1ll\u00edtm\u00e1nyoknak.<br \/>\n    Lavrentyijev l\u00e1togat\u00e1sa csak egy \u00e1llom\u00e1sa volt az orosz diplomat\u00e1nak a t\u00e9rs\u00e9g \u00f6t f\u0151v\u00e1ros\u00e1t c\u00e9lba vev\u0151 k\u00f6r\u00fatj\u00e1nak, amely Bagdadban kezd\u0151d\u00f6tt, Amm\u00e1nban majd Jeruzs\u00e1lemben folytat\u00f3dott. Az orosz diplomat\u00e1k a sz\u00edriai rendez\u00e9s orosz \u00e1ll\u00e1spontj\u00e1nak elfogadtat\u00e1sa \u00e9rdek\u00e9ben Izraelb\u0151l Kair\u00f3ba rep\u00fcltek, ahonnan v\u00e9g\u00fcl az Egyes\u00fclt Arab Emir\u00e1tusok f\u0151v\u00e1ros\u00e1ba, Abu-Dzabiba utaznak a H\u00e1\u00e1rec szerint.(MTI)<\/p>\n","protected":false},"excerpt":{"rendered":"<p>Titokban Izraelben t\u00e1rgyalt Vlagyimir Putyin orosz eln\u00f6k k\u00fcl\u00f6nleges megb\u00edzottja, Alekszander Lavrentyijev a sz\u00edriai rendez\u00e9sr\u0151l &#8211; k\u00f6z\u00f6lte a H\u00e1\u00e1rec c\u00edm\u0171 izraeli \u00fajs\u00e1g vas\u00e1rnapi sz\u00e1m\u00e1ban.<\/p>\n","protected":false},"author":1,"featured_media":0,"comment_status":"open","ping_status":"closed","sticky":false,"template":"","format":"standard","meta":[],"categories":[246],"tags":[],"_links":{"self":[{"href":"https:\/\/gazdasagportal.hu\/index.php\/wp-json\/wp\/v2\/posts\/72499"}],"collection":[{"href":"https:\/\/gazdasagportal.hu\/index.php\/wp-json\/wp\/v2\/posts"}],"about":[{"href":"https:\/\/gazdasagportal.hu\/index.php\/wp-json\/wp\/v2\/types\/post"}],"author":[{"embeddable":true,"href":"https:\/\/gazdasagportal.hu\/index.php\/wp-json\/wp\/v2\/users\/1"}],"replies":[{"embeddable":true,"href":"https:\/\/gazdasagportal.hu\/index.php\/wp-json\/wp\/v2\/comments?post=72499"}],"version-history":[{"count":1,"href":"https:\/\/gazdasagportal.hu\/index.php\/wp-json\/wp\/v2\/posts\/72499\/revisions"}],"predecessor-version":[{"id":72500,"href":"https:\/\/gazdasagportal.hu\/index.php\/wp-json\/wp\/v2\/posts\/72499\/revisions\/72500"}],"wp:attachment":[{"href":"https:\/\/gazdasagportal.hu\/index.php\/wp-json\/wp\/v2\/media?parent=72499"}],"wp:term":[{"taxonomy":"category","embeddable":true,"href":"https:\/\/gazdasagportal.hu\/index.php\/wp-json\/wp\/v2\/categories?post=72499"},{"taxonomy":"post_tag","embeddable":true,"href":"https:\/\/gazdasagportal.hu\/index.php\/wp-json\/wp\/v2\/tags?post=72499"}],"curies":[{"name":"wp","href":"https:\/\/api.w.org\/{rel}","templated":true}]}}