{"id":72497,"date":"2015-12-27T10:40:07","date_gmt":"2015-12-27T09:40:07","guid":{"rendered":"http:\/\/gazdasagportal.hu\/?p=72497"},"modified":"2015-12-27T10:40:07","modified_gmt":"2015-12-27T09:40:07","slug":"evertekelo-a-politikai-foldindulasok-eve-volt-az-idei-esztendo-nagy-britanniaban","status":"publish","type":"post","link":"https:\/\/gazdasagportal.hu\/index.php\/evertekelo-a-politikai-foldindulasok-eve-volt-az-idei-esztendo-nagy-britanniaban\/","title":{"rendered":"\u00c9v\u00e9rt\u00e9kel\u0151 &#8211; A politikai f\u00f6ldindul\u00e1sok \u00e9ve volt az idei esztend\u0151 Nagy-Britanni\u00e1ban"},"content":{"rendered":"<p><strong>Nagy-Britanni\u00e1ban a 2015-\u00f6s \u00e9v a teljesen v\u00e1ratlan \u00e9s f\u00f6ldindul\u00e1sszer\u0171 politikai \u00e1trendez\u0151d\u00e9sek \u00e9ve volt<\/strong><!--more--><\/p>\n<div class=\"ads-in-post1\"><div id=\"gazdasagportal.hu_fullbanner_wideboard\"><\/div>\r\n<\/div>\n<p>    A folyamat a m\u00e1jus 7-\u00e9n tartott parlamenti v\u00e1laszt\u00e1sokkal kezd\u0151d\u00f6tt. Gyakorlatilag senki &#8211; m\u00e9g a k\u00f6zv\u00e9lem\u00e9ny-kutat\u00f3k t\u00f6bbs\u00e9ge sem &#8211; sz\u00e1m\u00edtott ugyanis arra, hogy a Konzervat\u00edv P\u00e1rt, amely 2010 \u00f3ta a Liber\u00e1lis Demokrat\u00e1kkal koal\u00edci\u00f3ban korm\u00e1nyzott, ez\u00fattal abszol\u00fat t\u00f6bbs\u00e9get szerez az als\u00f3h\u00e1zban, \u00e9s ennek alapj\u00e1n \u00f6n\u00e1ll\u00f3an alak\u00edthat korm\u00e1nyt.<br \/>\n    Ilyen v\u00e1ratlan v\u00e1laszt\u00e1si eredm\u00e9ny legut\u00f3bb csaknem negyedsz\u00e1zada, 1992-ben sz\u00fcletett: az akkori v\u00e1laszt\u00e1sok el\u0151tt John Major konzervat\u00edv korm\u00e1ny\u00e1t m\u00e1r mindenki temette, a v\u00e1laszt\u00e1sok m\u00e1snapj\u00e1n azonban Major ism\u00e9t abszol\u00fat t\u00f6bbs\u00e9g birtok\u00e1ban hajtathatott a londoni Buckingham-palot\u00e1ba, hogy \u00fajabb korm\u00e1nyalak\u00edt\u00e1si megb\u00edz\u00e1st kapjon II. Erzs\u00e9bet kir\u00e1lyn\u0151t\u0151l.<br \/>\n    Az idei v\u00e1laszt\u00e1sok m\u00e1sik legnagyobb meglepet\u00e9se a legnagyobb ellenz\u00e9ki er\u0151, a Munk\u00e1sp\u00e1rt 1987 \u00f3ta nem tapasztalt s\u00falyoss\u00e1g\u00fa veres\u00e9ge, illetve a Liber\u00e1lis Demokrat\u00e1k gyakorlatilag teljes megsemmis\u00fcl\u00e9se volt.<br \/>\n    A k\u00f6zv\u00e9lem\u00e9ny-kutat\u00e1sok e k\u00e9t fejlem\u00e9nyt sem jelezt\u00e9k el\u0151re; a felm\u00e9r\u00e9sek m\u00e9g a v\u00e1laszt\u00e1s het\u00e9ben is gyakorlatilag holtversenyt val\u00f3sz\u00edn\u0171s\u00edtettek a konzervat\u00edvok \u00e9s a Labour k\u00f6z\u00f6tt, \u00e9s azt, hogy a toryk ism\u00e9t csak a liber\u00e1lisokkal koal\u00edci\u00f3ban tudnak korm\u00e1nyt alak\u00edtani.<br \/>\n    A brit k\u00f6zv\u00e9lem\u00e9ny-kutat\u00f3 szakma az\u00f3ta is vizsg\u00e1lja, hogy mik\u00e9nt lehetett ennyire elm\u00e9rni a v\u00e1laszt\u00e1sok eredm\u00e9ny\u00e9t.<br \/>\n    F\u00f6ldreng\u00e9sszer\u0171 fejlem\u00e9ny volt m\u00e1jusi a v\u00e1laszt\u00e1sok egyetlen olyan eredm\u00e9nye is, amelyet a k\u00f6zv\u00e9lem\u00e9ny-kutat\u00f3k sikeresen megj\u00f3soltak: a Sk\u00f3cia f\u00fcggetlens\u00e9g\u00e9re t\u00f6rekv\u0151 Sk\u00f3t Nemzeti P\u00e1rt (SNP), amelynek a londoni als\u00f3h\u00e1zban addig hat k\u00e9pvisel\u0151je volt, a Sk\u00f3ci\u00e1nak j\u00e1r\u00f3 59 mand\u00e1tumb\u00f3l 56-ot megszerzett.<br \/>\n    A dr\u00e1mai kimenetel\u0171 idei parlamenti v\u00e1laszt\u00e1sok ut\u00e1n azonnal elkezd\u0151d\u00f6tt elemz\u0151i k\u00f6r\u00f6kben annak latolgat\u00e1sa, hogy a 2020 m\u00e1jus\u00e1ban esed\u00e9kes k\u00f6vetkez\u0151 v\u00e1laszt\u00e1sok idej\u00e9n az Egyes\u00fclt Kir\u00e1lys\u00e1g az Eur\u00f3pai Uni\u00f3, Sk\u00f3cia pedig az Egyes\u00fclt Kir\u00e1lys\u00e1g tagja lesz-e m\u00e9g.<br \/>\n    David Cameron konzervat\u00edv p\u00e1rti minisztereln\u00f6k h\u00e1rom \u00e9ve meghirdetett terve alapj\u00e1n ugyanis a brit korm\u00e1ny 2017 v\u00e9g\u00e9ig n\u00e9pszavaz\u00e1st tervez Nagy-Britannia EU-tags\u00e1g\u00e1r\u00f3l. London a referendum el\u0151tt \u00fajra akarja t\u00e1rgyalni az EU-hoz f\u0171z\u0151d\u0151 viszonyrendszer\u00e9t Br\u00fcsszellel, \u00e9s sz\u00e1nd\u00e9kai szerint a t\u00e1rgyal\u00e1sok egyik k\u00f6zponti eleme az uni\u00f3n bel\u00fcli szabad munkaer\u0151mozg\u00e1s \u00fajraszab\u00e1lyoz\u00e1sa lenne, ak\u00e1r az EU-szerz\u0151d\u00e9sek m\u00f3dos\u00edt\u00e1sa \u00e1r\u00e1n is.<br \/>\n    A folyamat hivatalosan m\u00e1r a m\u00falt h\u00f3napban elkezd\u0151d\u00f6tt, amikor Cameron post\u00e1zta pontokba szedett reformk\u00f6vetel\u00e9seit Br\u00fcsszelnek \u00e9s az EU-t\u00e1rs\u00e1llamok f\u0151v\u00e1rosainak. Az eredeti sz\u00e1nd\u00e9k az volt, hogy az idei utols\u00f3, minap tartott br\u00fcsszeli EU-cs\u00facson megsz\u00fclethet valamilyen r\u00f6gz\u00edtett egyezs\u00e9g legal\u00e1bb azokr\u00f3l a pontokr\u00f3l, amelyekben London \u00e9s a t\u00f6bbi uni\u00f3s tagorsz\u00e1g konszenzusra tud jutni, de a Downing Street m\u00e1r hetekkel kor\u00e1bban elismerte, hogy erre most nincs es\u00e9ly; nem is j\u00f6tt l\u00e9re meg\u00e1llapod\u00e1s. A k\u00f6vetkez\u0151 kijel\u00f6lt d\u00e1tum a febru\u00e1ri EU-cs\u00facs.<br \/>\n    Cameron a mostani \u00e9vz\u00e1r\u00f3 cs\u00facs\u00e9rtekezleten egyenes utal\u00e1st tett arra, hogy ha febru\u00e1rban siker\u00fcl egyezs\u00e9gre jutni, a brit EU-tags\u00e1gr\u00f3l sz\u00f3l\u00f3 n\u00e9pszavaz\u00e1st m\u00e1r 2016-ban meg lehetne tartani.<br \/>\n    A brit EU-n\u00e9pszavaz\u00e1snak ugyanakkor van egy potenci\u00e1lisan ugyanilyen horderej\u0171 j\u00e1rul\u00e9kos k\u00f6vetkezm\u00e9nye: ha ugyanis az EU-referendumon a britek t\u00f6bbs\u00e9ge a kil\u00e9p\u00e9sre voksol, abban az esetben gyakorlatilag teljesen bizonyosra vehet\u0151, hogy \u00fajb\u00f3l napirendre ker\u00fcl a sk\u00f3t f\u00fcggetlens\u00e9gi n\u00e9pszavaz\u00e1s, \u00e9s a sk\u00f3t v\u00e1laszt\u00f3k ez\u00fattal nagy val\u00f3sz\u00edn\u0171s\u00e9ggel meg is szavazn\u00e1k Sk\u00f3cia elszakad\u00e1s\u00e1t. Az \u00fajabb f\u00fcggetlens\u00e9gi n\u00e9pszavaz\u00e1s lehet\u0151s\u00e9g\u00e9re Nicola Sturgeon sk\u00f3t minisztereln\u00f6k, az SNP vezet\u0151je is tett m\u00e1r utal\u00e1st a brit EU-n\u00e9pszavaz\u00e1ssal \u00f6sszef\u00fcgg\u00e9sben. T\u00f6bbsz\u00f6r hangoztatott \u00e1ll\u00e1spontja szerint ha a sk\u00f3tok t\u00f6bbs\u00e9ge a brit EU-n\u00e9pszavaz\u00e1son az EU-tags\u00e1g mellett voksol &#8211; ahogy azt minden k\u00f6zv\u00e9lem\u00e9ny-kutat\u00e1s val\u00f3sz\u00edn\u0171s\u00edti -, mik\u00f6zben az Egyes\u00fclt Kir\u00e1lys\u00e1g \u00f6sszlakoss\u00e1g\u00e1nak t\u00f6bbs\u00e9ge a kil\u00e9p\u00e9sre szavaz, akkor elker\u00fclhetetlenn\u00e9 v\u00e1lhat az \u00fajabb referendum ki\u00edr\u00e1sa a sk\u00f3t f\u00fcggetlens\u00e9gr\u0151l.<br \/>\n    Sk\u00f3ci\u00e1ban tavaly szeptemberben tartottak n\u00e9pszavaz\u00e1st a f\u00fcggetlenn\u00e9 v\u00e1l\u00e1sr\u00f3l. A referendumon az elszakad\u00e1st ellenz\u0151 er\u0151k gy\u0151ztek 55,3 sz\u00e1zal\u00e9kos szavazatar\u00e1nnyal.<br \/>\n    A m\u00e1jusi v\u00e1laszt\u00e1sok ugyancsak f\u00f6ldindul\u00e1sszer\u0171 k\u00f6vetkezm\u00e9nye a Munk\u00e1sp\u00e1rt \u00e9les ir\u00e1nyv\u00e1lt\u00e1sa. A s\u00falyos v\u00e1laszt\u00e1si veres\u00e9g ut\u00e1n lemondott a p\u00e1rt addigi vezet\u0151je \u00e9s minisztereln\u00f6k-jel\u00f6ltje, a 45 \u00e9ves Ed Miliband, akinek hely\u00e9re a szavaz\u00e1sra jogosult csaknem f\u00e9lmilli\u00f3 tag \u00e9s p\u00e1rtol\u00f3 egy igazi politikai veter\u00e1nt v\u00e1lasztott a 66 \u00e9ves Jeremy Corbyn szem\u00e9ly\u00e9ben.<br \/>\n    A Munk\u00e1sp\u00e1rtban a politikai id\u0151sz\u00e1m\u00edt\u00e1st tekintve is nemzed\u00e9kv\u00e1lt\u00e1s t\u00f6rt\u00e9nt, hiszen azok a c\u00e9lkit\u0171z\u00e9sek, amelyek Corbyn politikai alap\u00e1ll\u00e1s\u00e1t sarkalatosan meghat\u00e1rozz\u00e1k, az 1970-es, 1980-as \u00e9vek Munk\u00e1sp\u00e1rtj\u00e1nak hagyom\u00e1nyos &#8222;szocialista&#8221; \u00e9r\u00e1j\u00e1t id\u00e9zik vissza.<br \/>\n    Corbyn politikai programj\u00e1nak fajs\u00falyos elemei k\u00f6z\u00f6tt szerepel p\u00e9ld\u00e1ul a kor\u00e1bbi konzervat\u00edv korm\u00e1nyok idej\u00e9n privatiz\u00e1lt nagy infrastruktur\u00e1lis h\u00e1l\u00f3zatok, k\u00f6zt\u00fck a brit vas\u00fat vissza\u00e1llamos\u00edt\u00e1sa.<br \/>\n    Az \u00fajra\u00e1llamos\u00edt\u00e1si program az egyik legfontosabb olyan t\u00e9nyez\u0151, amellyel kiteljesedik a Labour eddigi legsikeresebb vezet\u0151je, Tony Blair \u00e1ltal k\u00e9t \u00e9vtizede meghirdetett &#8222;\u00daj Munk\u00e1sp\u00e1rt&#8221; &#8211; egyebek mellett \u00e9ppen az \u00e1llamos\u00edt\u00e1s k\u00f6telm\u00e9t elvet\u0151 &#8211; ideol\u00f3gi\u00e1j\u00e1nak Ed Miliband \u00e1ltal m\u00e1r elkezdett le\u00e9p\u00edt\u00e9se.<br \/>\n(MTI)<\/p>\n","protected":false},"excerpt":{"rendered":"<p>Nagy-Britanni\u00e1ban a 2015-\u00f6s \u00e9v a teljesen v\u00e1ratlan \u00e9s f\u00f6ldindul\u00e1sszer\u0171 politikai \u00e1trendez\u0151d\u00e9sek \u00e9ve volt<\/p>\n","protected":false},"author":1,"featured_media":0,"comment_status":"open","ping_status":"closed","sticky":false,"template":"","format":"standard","meta":[],"categories":[246],"tags":[],"_links":{"self":[{"href":"https:\/\/gazdasagportal.hu\/index.php\/wp-json\/wp\/v2\/posts\/72497"}],"collection":[{"href":"https:\/\/gazdasagportal.hu\/index.php\/wp-json\/wp\/v2\/posts"}],"about":[{"href":"https:\/\/gazdasagportal.hu\/index.php\/wp-json\/wp\/v2\/types\/post"}],"author":[{"embeddable":true,"href":"https:\/\/gazdasagportal.hu\/index.php\/wp-json\/wp\/v2\/users\/1"}],"replies":[{"embeddable":true,"href":"https:\/\/gazdasagportal.hu\/index.php\/wp-json\/wp\/v2\/comments?post=72497"}],"version-history":[{"count":1,"href":"https:\/\/gazdasagportal.hu\/index.php\/wp-json\/wp\/v2\/posts\/72497\/revisions"}],"predecessor-version":[{"id":72498,"href":"https:\/\/gazdasagportal.hu\/index.php\/wp-json\/wp\/v2\/posts\/72497\/revisions\/72498"}],"wp:attachment":[{"href":"https:\/\/gazdasagportal.hu\/index.php\/wp-json\/wp\/v2\/media?parent=72497"}],"wp:term":[{"taxonomy":"category","embeddable":true,"href":"https:\/\/gazdasagportal.hu\/index.php\/wp-json\/wp\/v2\/categories?post=72497"},{"taxonomy":"post_tag","embeddable":true,"href":"https:\/\/gazdasagportal.hu\/index.php\/wp-json\/wp\/v2\/tags?post=72497"}],"curies":[{"name":"wp","href":"https:\/\/api.w.org\/{rel}","templated":true}]}}