{"id":72485,"date":"2015-12-26T17:23:19","date_gmt":"2015-12-26T16:23:19","guid":{"rendered":"http:\/\/gazdasagportal.hu\/?p=72485"},"modified":"2015-12-26T11:44:13","modified_gmt":"2015-12-26T10:44:13","slug":"az-iden-ev-vegeig-mintegy-800-milliard-forint-forrast-fizet-ki-az-mvh","status":"publish","type":"post","link":"https:\/\/gazdasagportal.hu\/index.php\/az-iden-ev-vegeig-mintegy-800-milliard-forint-forrast-fizet-ki-az-mvh\/","title":{"rendered":"Az id\u00e9n \u00e9v v\u00e9g\u00e9ig mintegy 800 milli\u00e1rd forint forr\u00e1st fizet ki az MVH"},"content":{"rendered":"<p><strong>Ebben az \u00e9vben mintegy 800 milli\u00e1rd forint forr\u00e1st fizet ki a gazd\u00e1lkod\u00f3knak a Mez\u0151gazdas\u00e1gi \u00e9s Vid\u00e9kfejleszt\u00e9si Hivatal (MVH) &#8211; mondta a hivatal eln\u00f6ke az MTI-nek a 2015-\u00f6s \u00e9v munk\u00e1j\u00e1t \u00e9rt\u00e9kelve.<\/strong><!--more--><\/p>\n<div class=\"ads-in-post1\"><div id=\"gazdasagportal.hu_fullbanner_wideboard\"><\/div>\r\n<\/div>\n<p>    Gyuricza Csaba k\u00f6z\u00f6lte: a mintegy 800 milli\u00e1rd forint \u00f6sszeg\u0171 agr\u00e1r- \u00e9s vid\u00e9kfejleszt\u00e9si t\u00e1mogat\u00e1st az MVH \u00f6sszess\u00e9g\u00e9ben mintegy 160-170 t\u00e1mogat\u00e1si jogc\u00edmre fizette ki. A sz\u00f3ban forg\u00f3 t\u00e1mogat\u00e1si kifizet\u00e9s v\u00e1rhat\u00f3an 15-20 sz\u00e1zal\u00e9kkal haladja majd meg az el\u0151z\u0151 \u00e9vi szintet. Jelezte: a 2015-\u00f6s kifizet\u00e9sek tartalmazz\u00e1k az uni\u00f3 el\u0151z\u0151 &#8211; 2007-2013-as &#8211; p\u00e9nz\u00fcgyi ciklus\u00e1nak lez\u00e1r\u00e1s\u00e1b\u00f3l sz\u00e1rmaz\u00f3 kifizet\u00e9seket is. \u00cdgy &#8211; v\u00e9lekedett az MVH eln\u00f6ke &#8211; lehet\u0151s\u00e9g lesz forr\u00e1sveszt\u00e9s n\u00e9lk\u00fcl lez\u00e1rni az el\u0151z\u0151 programoz\u00e1si id\u0151szakot.<br \/>\n    Eml\u00e9keztetett: el\u0151legk\u00e9nt 8 t\u00e1mogat\u00e1si jogc\u00edmre az \u00e9v v\u00e9g\u00e9ig mintegy 200 milli\u00e1rd forint t\u00e1mogat\u00e1s jut majd el a gazd\u00e1khoz. Eur\u00f3p\u00e1ban egyed\u00fcl\u00e1ll\u00f3 &#8211; h\u00edvta fel a figyelmet az eln\u00f6k -, hogy 8 jogc\u00edmre fizet Magyarorsz\u00e1g el\u0151leget. Ez versenyel\u0151nyt jelent a magyar gazd\u00e1knak az uni\u00f3 K\u00f6z\u00f6s Agr\u00e1rpolitik\u00e1ja (KAP) reformj\u00e1nak els\u0151 \u00e9v\u00e9ben.<br \/>\n    Az el\u0151z\u0151 uni\u00f3s p\u00e9nz\u00fcgyi ciklus elsz\u00e1mol\u00e1sainak lez\u00e1r\u00e1s\u00e1n t\u00fal az MVH-nak 2015-ben el kellett ind\u00edtania az \u00faj Vid\u00e9kfejleszt\u00e9si Program finansz\u00edroz\u00e1s\u00e1val \u00f6sszef\u00fcgg\u0151 tev\u00e9kenys\u00e9g\u00e9t is. A Minisztereln\u00f6ks\u00e9g a Vid\u00e9kfejleszt\u00e9si Program r\u00e9szek\u00e9nt n\u00e9gy felh\u00edv\u00e1st tett k\u00f6zz\u00e9 &#8211; az agr\u00e1r-k\u00f6rnyezetgazd\u00e1lkod\u00e1s, az \u00f6kogazd\u00e1lkod\u00e1s, a LEADER-es helyi fejleszt\u00e9si strat\u00e9gia, valamint a tr\u00e1gyat\u00e1rol\u00f3k \u00e9p\u00edt\u00e9s\u00e9re vonatkoz\u00f3 &#8211; t\u00e1mogat\u00e1si jogc\u00edmk\u00e9nt.<br \/>\n    Gyuricza Csaba besz\u00e9lt arr\u00f3l is, hogy a hivatal els\u0151 sz\u00e1m\u00fa vezet\u0151jek\u00e9nt neh\u00e9z \u00f6r\u00f6ks\u00e9get kellett \u00e1tvennie, amikor 2015 m\u00e1rcius\u00e1ban kinevezt\u00e9k az MVH eln\u00f6k\u00e9v\u00e9, mivel sok nem k\u00edv\u00e1natos \u00fcggyel terhelt id\u0151szakot k\u00f6vet\u0151en vette \u00e1t a hivatal ir\u00e1ny\u00edt\u00e1s\u00e1t. Emellett pedig 2015-ben indult el a KAP-reform nyom\u00e1n az uni\u00f3s \u00faj agr\u00e1rt\u00e1mogat\u00e1si rendszer, amely szint\u00e9n kih\u00edv\u00e1st jelentett az MVH sz\u00e1m\u00e1ra, mivel ez sok v\u00e1ltoz\u00e1ssal j\u00e1rt.<br \/>\n    Eredm\u00e9nynek nevezte, hogy l\u00e9nyeg\u00e9ben nagyobb z\u00f6kken\u0151k n\u00e9lk\u00fcl siker\u00fclt elind\u00edtani Magyarorsz\u00e1gon az \u00faj agr\u00e1rt\u00e1mogat\u00e1si rendszert. Siker\u00fclt kialak\u00edtani a rendszer m\u0171k\u00f6dtet\u00e9s\u00e9hez sz\u00fcks\u00e9ges informatikai h\u00e1tteret. Emellett a hivatal \u00e1talak\u00edtotta ellen\u0151rz\u00e9si rendszer\u00e9t is. Mindez gazda- \u00e9s \u00fcgyf\u00e9lbar\u00e1t m\u00f3don t\u00f6rt\u00e9nt meg &#8211; h\u00fazta al\u00e1 az eln\u00f6k. Hozz\u00e1tette: a gazd\u00e1lkod\u00f3kat folyamatosan t\u00e1j\u00e9koztatt\u00e1k az ellen\u0151rz\u00e9sek \u00faj m\u00f3dszereir\u0151l. Ennek szellem\u00e9ben alak\u00edtott\u00e1k \u00e1t a hivatal teljes inform\u00e1ci\u00f3s \u00e9s \u00fcgyf\u00e9lszolg\u00e1lati rendszer\u00e9t is, ennek l\u00e9nyege a decentraliz\u00e1ci\u00f3 volt. \u00cdgy a gazd\u00e1k egyszer\u0171bben, gyorsabban \u00e9s \u00e1tl\u00e1that\u00f3bb m\u00f3don juthattak inform\u00e1ci\u00f3khoz. \u00dajdons\u00e1gnak nevezte, hogy a gazd\u00e1k t\u00e1mogat\u00e1si k\u00e9relmeik beny\u00fajt\u00e1s\u00e1t k\u00f6vet\u0151en inform\u00e1ci\u00f3t kaptak a k\u00e9relembeny\u00fajt\u00e1sban elk\u00f6vetett hib\u00e1kr\u00f3l. A sz\u00fcks\u00e9ges ellen\u0151rz\u00e9seket az MVH hat\u00e1rid\u0151re elv\u00e9gezte, \u00e9s ennek k\u00f6sz\u00f6nhet\u0151en okt\u00f3ber k\u00f6zep\u00e9n megkezd\u0151dhetett a 2015-\u00f6s t\u00e1mogat\u00e1sok el\u0151legeinek kifizet\u00e9se a gazd\u00e1k sz\u00e1m\u00e1ra.<br \/>\n    A j\u00f6v\u0151 \u00e9vr\u0151l sz\u00f3lva elmondta: az MVH hat\u00e1rid\u0151re, de ink\u00e1bb hat\u00e1rid\u0151 el\u0151tt szeretn\u00e9 kifizetni a gazd\u00e1lkod\u00f3knak a 2015. \u00e9v v\u00e9g\u00e9ig foly\u00f3s\u00edtott \u00f6sszeg tov\u00e1bbi r\u00e9szlet\u00e9t, ami mintegy 35 jogc\u00edmben fizetend\u0151 mintegy 220 milli\u00e1rd forint k\u00f6zvetlen t\u00e1mogat\u00e1st jelent. Jelezte: a Vid\u00e9kfejleszt\u00e9si Programnak v\u00e1rhat\u00f3an mintegy 70 p\u00e1ly\u00e1zati felh\u00edv\u00e1sa lesz 2016-ban, ami szint\u00e9n nagy munk\u00e1t jelent az MVH sz\u00e1m\u00e1ra. Tov\u00e1bb\u00e1 a kifizet\u00e9si rendszer finomhangol\u00e1s\u00e1t is szeretn\u00e9k elv\u00e9gezni a j\u00f6v\u0151 \u00e9vben megteremtve a m\u0171k\u00f6d\u00e9s g\u00f6rd\u00fcl\u00e9kenys\u00e9g\u00e9t biztos\u00edt\u00f3 jogszab\u00e1lyi h\u00e1tteret is, hogy m\u00e9g k\u00f6nnyebb\u00e9 v\u00e1ljon a gazd\u00e1k sz\u00e1m\u00e1ra a t\u00e1mogat\u00e1si k\u00e9relmek beny\u00fajt\u00e1sa.(MTI)<\/p>\n","protected":false},"excerpt":{"rendered":"<p>Ebben az \u00e9vben mintegy 800 milli\u00e1rd forint forr\u00e1st fizet ki a gazd\u00e1lkod\u00f3knak a Mez\u0151gazdas\u00e1gi \u00e9s Vid\u00e9kfejleszt\u00e9si Hivatal (MVH) &#8211; mondta a hivatal eln\u00f6ke az MTI-nek a 2015-\u00f6s \u00e9v munk\u00e1j\u00e1t \u00e9rt\u00e9kelve.<\/p>\n","protected":false},"author":1,"featured_media":0,"comment_status":"open","ping_status":"closed","sticky":false,"template":"","format":"standard","meta":[],"categories":[19],"tags":[],"_links":{"self":[{"href":"https:\/\/gazdasagportal.hu\/index.php\/wp-json\/wp\/v2\/posts\/72485"}],"collection":[{"href":"https:\/\/gazdasagportal.hu\/index.php\/wp-json\/wp\/v2\/posts"}],"about":[{"href":"https:\/\/gazdasagportal.hu\/index.php\/wp-json\/wp\/v2\/types\/post"}],"author":[{"embeddable":true,"href":"https:\/\/gazdasagportal.hu\/index.php\/wp-json\/wp\/v2\/users\/1"}],"replies":[{"embeddable":true,"href":"https:\/\/gazdasagportal.hu\/index.php\/wp-json\/wp\/v2\/comments?post=72485"}],"version-history":[{"count":1,"href":"https:\/\/gazdasagportal.hu\/index.php\/wp-json\/wp\/v2\/posts\/72485\/revisions"}],"predecessor-version":[{"id":72486,"href":"https:\/\/gazdasagportal.hu\/index.php\/wp-json\/wp\/v2\/posts\/72485\/revisions\/72486"}],"wp:attachment":[{"href":"https:\/\/gazdasagportal.hu\/index.php\/wp-json\/wp\/v2\/media?parent=72485"}],"wp:term":[{"taxonomy":"category","embeddable":true,"href":"https:\/\/gazdasagportal.hu\/index.php\/wp-json\/wp\/v2\/categories?post=72485"},{"taxonomy":"post_tag","embeddable":true,"href":"https:\/\/gazdasagportal.hu\/index.php\/wp-json\/wp\/v2\/tags?post=72485"}],"curies":[{"name":"wp","href":"https:\/\/api.w.org\/{rel}","templated":true}]}}