{"id":72479,"date":"2015-12-26T12:39:23","date_gmt":"2015-12-26T11:39:23","guid":{"rendered":"http:\/\/gazdasagportal.hu\/?p=72479"},"modified":"2015-12-26T11:40:07","modified_gmt":"2015-12-26T10:40:07","slug":"hosszu-tavu-lakaspolitikat-igenyelnek-az-agazati-szereplok","status":"publish","type":"post","link":"https:\/\/gazdasagportal.hu\/index.php\/hosszu-tavu-lakaspolitikat-igenyelnek-az-agazati-szereplok\/","title":{"rendered":"Hossz\u00fa t\u00e1v\u00fa lak\u00e1spolitik\u00e1t ig\u00e9nyelnek az \u00e1gazati szerepl\u0151k"},"content":{"rendered":"<p><strong>Hossz\u00fa t\u00e1v\u00fa lak\u00e1spolitik\u00e1ra \u00e9s legal\u00e1bb egy korm\u00e1nyzati, a lak\u00e1s\u00fcgy\u00e9rt felel\u0151s, sz\u00e1mon k\u00e9rhet\u0151 szem\u00e9lyre lenne sz\u00fcks\u00e9g &#8211; fejtette ki Mar\u00e1czi Zsolt, a T\u00e1rsas\u00e1g a Lak\u00e1s\u00e9p\u00edt\u00e9s\u00e9rt, Lak\u00e1sfel\u00faj\u00edt\u00e1s\u00e9rt Egyes\u00fclet (TLE) eln\u00f6ke \u00e9s Borsi L\u00e1szl\u00f3, a Lak\u00e1sv\u00e1s\u00e1r M\u00e9dia Csoport eln\u00f6ke az MTI-nek.<\/strong><!--more--><\/p>\n<div class=\"ads-in-post1\"><div id=\"gazdasagportal.hu_fullbanner_wideboard\"><\/div>\r\n<\/div>\n<p>    A szakemberek elmondt\u00e1k, hogy egy-egy \u00e9vben t\u00edzezern\u00e9l kevesebb lak\u00e1s \u00e9p\u00fcl Magyarorsz\u00e1gon, ami az \u00e1llam m\u00e9rs\u00e9kelt szerepv\u00e1llal\u00e1s\u00e1ra \u00e9s a csal\u00e1dok forr\u00e1shi\u00e1ny\u00e1ra, bizonytalan j\u00f6v\u0151k\u00e9p\u00e9re vezethet\u0151 vissza.     Mar\u00e1czi Zsolt szerint ki kell dolgozni a korm\u00e1nyzati lak\u00e1s\u00e9p\u00edt\u00e9si koncepci\u00f3t, amely kit\u0171zi az \u00e9ves c\u00e9lsz\u00e1mot, \u00e9s ehhez kell rendelni a t\u00e1mogat\u00e1si eszk\u00f6z\u00f6ket.     Kifejtette, eddig a TLE c\u00e9lkit\u0171z\u00e9se az volt, hogy a t\u00e1mogat\u00e1sokkal legal\u00e1bb a lak\u00e1sok \u00e1r\u00e1ban megjelen\u0151 27 sz\u00e1zal\u00e9kos \u00e1fa megt\u00e9r\u00fclj\u00f6n a v\u00e1s\u00e1rl\u00f3knak. \u00dagy v\u00e9lte, azzal, hogy a korm\u00e1ny a j\u00f6v\u0151 \u00e9v elej\u00e9t\u0151l 5 sz\u00e1zal\u00e9kra cs\u00f6kkentette az \u00faj lak\u00e1sok forgalmi ad\u00f3j\u00e1t, figyelembe v\u00e9ve az egy\u00e9b t\u00e1mogat\u00e1sokat is, ez megt\u00f6rt\u00e9nt.     Borsi L\u00e1szl\u00f3 \u00fagy v\u00e9lte, hogy az alacsony \u00e1fakulcs miatti ad\u00f3kies\u00e9s n\u00e9h\u00e1ny ezer plusz lak\u00e1s meg\u00e9p\u00edt\u00e9s\u00e9vel m\u00e1r kompenz\u00e1l\u00f3dik, \u00e9s akkor m\u00e9g nem esett sz\u00f3 a j\u00e1rul\u00e9kos el\u0151ny\u00f6kr\u0151l, a jobb lak\u00e1sk\u00f6r\u00fclm\u00e9nyek miatt a t\u00e1rsadalmi el\u00e9gedetts\u00e9g n\u00f6veked\u00e9s\u00e9r\u0151l, \u00e9s a kapcsol\u00f3d\u00f3 \u00e1gazatokban l\u00e9trej\u00f6v\u0151 \u00faj munkahelyekr\u0151l.     Mar\u00e1czi Zsolt kifejtette: egyebek mellett a lak\u00e1s\u00e9p\u00edt\u00e9sek, lak\u00e1sfel\u00faj\u00edt\u00e1sok \u00e9s b\u00e9rlak\u00e1s\u00e9p\u00edt\u00e9sek sz\u00e1ma a mindenkori korm\u00e1ny teljes\u00edtm\u00e9ny\u00e9nek egyik alapvet\u0151 fokm\u00e9r\u0151je, mert ez mutatja a j\u00f6v\u0151 ir\u00e1nti elk\u00f6telezetts\u00e9g\u00e9t.     Hozz\u00e1tette, az \u00e1llami t\u00e1mogat\u00e1s mellett a lak\u00e1s\u00e9p\u00edt\u00e9s tov\u00e1bbi \u00f6szt\u00f6nz\u0151je az alacsony kamatoz\u00e1s\u00fa, 2-3 sz\u00e1zal\u00e9kos hitel lehet, a kett\u0151 egy\u00fctt sem tud azonban mindenkit lak\u00e1shoz juttatni, ez\u00e9rt sz\u00fcks\u00e9ges az \u00e1llami b\u00e9rlak\u00e1s\u00e9p\u00edt\u00e9s elind\u00edt\u00e1sa. Ebb\u0151l \u00e9vente legal\u00e1bb \u00f6tezerre lenne sz\u00fcks\u00e9g &#8211; mondta a TLE eln\u00f6ke, aki szerint a fiatalok alapvet\u0151en az\u00e9rt mennek k\u00fclf\u00f6ldre, mert az ottani kereset\u00fckb\u0151l jobb \u00e9letet \u00e9s lakhat\u00e1st tudnak biztos\u00edtani maguknak.     Mindk\u00e9t szak\u00e9rt\u0151 hangs\u00falyozta, hogy a lak\u00e1s\u00e9p\u00edt\u00e9sek, fel\u00faj\u00edt\u00e1sok, b\u00e9rlak\u00e1s\u00e9p\u00edt\u00e9sek kezel\u00e9s\u00e9re a korm\u00e1nyban egy er\u0151s poz\u00edci\u00f3val b\u00edr\u00f3 szem\u00e9lyre lenne sz\u00fcks\u00e9g. Az ide\u00e1lis egy miniszter lenne, de m\u00e1r el\u0151rel\u00e9p\u00e9s lenne egy korm\u00e1nybiztos kinevez\u00e9se is.     Borsi L\u00e1szl\u00f3 kiemelte, hogy a b\u0151 4 milli\u00f3s lak\u00e1s\u00e1llom\u00e1ny 6-7 sz\u00e1zal\u00e9ka v\u00e9gtelen\u00fcl elavult, ezeket nem \u00e9rdemes fel\u00faj\u00edtani, viszont sz\u00fcks\u00e9ges a folyamatos bont\u00e1suk \u00e9s a hely\u00fckre t\u00f6rt\u00e9n\u0151 \u00fajak \u00e9p\u00edt\u00e9se. Magyarorsz\u00e1gon ugyanis nem mennyis\u00e9gi lak\u00e1shi\u00e1ny van, \u00e1tlagosan 2,5 ember jut 1 lak\u00e1sra, ami nemzetk\u00f6zi \u00f6sszehasonl\u00edt\u00e1sban is meg\u00e1llja a hely\u00e9t. Viszont sok a rossz min\u0151s\u00e9g\u0171 lak\u00e1s, \u00e9s csup\u00e1n 8-9 sz\u00e1zal\u00e9k a b\u00e9rlak\u00e1sok ar\u00e1nya &#8211; mondta. Ahhoz, hogy javuljon a lak\u00e1s\u00e1llom\u00e1ny min\u0151s\u00e9ge, \u00e9vi 40 ezer \u00faj lak\u00e1st kellene \u00e9p\u00edteni.<br \/>\n    Borsi L\u00e1szl\u00f3 elmondta: ha az 5 sz\u00e1zal\u00e9kos \u00e1fa \u00e9s a 10 milli\u00f3 forintos vissza nem t\u00e9r\u00edtend\u0151 t\u00e1mogat\u00e1s &#8211; amit h\u00e1rom gyerek v\u00e1llal\u00e1sa eset\u00e9n kapnak a csal\u00e1dok &#8211; tov\u00e1bb\u00e1 a 2-3 sz\u00e1zal\u00e9kos kamatoz\u00e1s\u00fa hitel beind\u00edtja az \u00e9p\u00edt\u00e9si piacot, az \u00faj projektek lak\u00e1sai el\u0151\u00e9rt\u00e9kes\u00edt\u00e9sben m\u00e1r megjelenhetnek a j\u00f6v\u0151 \u00e9vi lak\u00e1sv\u00e1s\u00e1r ki\u00e1ll\u00edt\u00e1s k\u00edn\u00e1lat\u00e1ban is.(MTI)<\/p>\n","protected":false},"excerpt":{"rendered":"<p>Hossz\u00fa t\u00e1v\u00fa lak\u00e1spolitik\u00e1ra \u00e9s legal\u00e1bb egy korm\u00e1nyzati, a lak\u00e1s\u00fcgy\u00e9rt felel\u0151s, sz\u00e1mon k\u00e9rhet\u0151 szem\u00e9lyre lenne sz\u00fcks\u00e9g &#8211; fejtette ki Mar\u00e1czi Zsolt, a T\u00e1rsas\u00e1g a Lak\u00e1s\u00e9p\u00edt\u00e9s\u00e9rt, Lak\u00e1sfel\u00faj\u00edt\u00e1s\u00e9rt Egyes\u00fclet (TLE) eln\u00f6ke \u00e9s Borsi L\u00e1szl\u00f3, a Lak\u00e1sv\u00e1s\u00e1r M\u00e9dia Csoport eln\u00f6ke az MTI-nek.<\/p>\n","protected":false},"author":1,"featured_media":0,"comment_status":"open","ping_status":"closed","sticky":false,"template":"","format":"standard","meta":[],"categories":[19],"tags":[],"_links":{"self":[{"href":"https:\/\/gazdasagportal.hu\/index.php\/wp-json\/wp\/v2\/posts\/72479"}],"collection":[{"href":"https:\/\/gazdasagportal.hu\/index.php\/wp-json\/wp\/v2\/posts"}],"about":[{"href":"https:\/\/gazdasagportal.hu\/index.php\/wp-json\/wp\/v2\/types\/post"}],"author":[{"embeddable":true,"href":"https:\/\/gazdasagportal.hu\/index.php\/wp-json\/wp\/v2\/users\/1"}],"replies":[{"embeddable":true,"href":"https:\/\/gazdasagportal.hu\/index.php\/wp-json\/wp\/v2\/comments?post=72479"}],"version-history":[{"count":1,"href":"https:\/\/gazdasagportal.hu\/index.php\/wp-json\/wp\/v2\/posts\/72479\/revisions"}],"predecessor-version":[{"id":72480,"href":"https:\/\/gazdasagportal.hu\/index.php\/wp-json\/wp\/v2\/posts\/72479\/revisions\/72480"}],"wp:attachment":[{"href":"https:\/\/gazdasagportal.hu\/index.php\/wp-json\/wp\/v2\/media?parent=72479"}],"wp:term":[{"taxonomy":"category","embeddable":true,"href":"https:\/\/gazdasagportal.hu\/index.php\/wp-json\/wp\/v2\/categories?post=72479"},{"taxonomy":"post_tag","embeddable":true,"href":"https:\/\/gazdasagportal.hu\/index.php\/wp-json\/wp\/v2\/tags?post=72479"}],"curies":[{"name":"wp","href":"https:\/\/api.w.org\/{rel}","templated":true}]}}