{"id":72470,"date":"2015-12-25T18:08:16","date_gmt":"2015-12-25T17:08:16","guid":{"rendered":"http:\/\/gazdasagportal.hu\/?p=72470"},"modified":"2015-12-25T14:39:09","modified_gmt":"2015-12-25T13:39:09","slug":"nemetorszagban-tuz-utott-ki-egy-menekultszallasnak-szant-epuletben","status":"publish","type":"post","link":"https:\/\/gazdasagportal.hu\/index.php\/nemetorszagban-tuz-utott-ki-egy-menekultszallasnak-szant-epuletben\/","title":{"rendered":"N\u00e9metorsz\u00e1gban t\u0171z \u00fct\u00f6tt ki egy menek\u00fcltsz\u00e1ll\u00e1snak sz\u00e1nt \u00e9p\u00fcletben"},"content":{"rendered":"<p><strong>T\u0171z \u00fct\u00f6tt ki p\u00e9ntekre virrad\u00f3 \u00e9jjel egy menek\u00fcltsz\u00e1ll\u00e1snak sz\u00e1nt n\u00e9metorsz\u00e1gi \u00e9p\u00fcletben, a Baden-W\u00fcrttemberg tartom\u00e1nyi Schw\u00e4bisch Gm\u00fcndben.<\/strong><!--more--><\/p>\n<div class=\"ads-in-post1\"><div id=\"gazdasagportal.hu_fullbanner_wideboard\"><\/div>\r\n<\/div>\n<p>    Az illet\u00e9kes aaleni rend\u0151rkapit\u00e1nys\u00e1g k\u00f6zlem\u00e9nye szerint a m\u00e9g \u00e9p\u00fcl\u0151 Schw\u00e4bisch Gm\u00fcnd-i befogad\u00f3\u00e1llom\u00e1s ter\u00fclet\u00e9n keletkezett t\u00fczet kar\u00e1csony napj\u00e1n r\u00f6viddel hajnali f\u00e9l n\u00e9gy el\u0151tt fedezte fel egy k\u00f6zeli \u00fczem t\u0171zolt\u00f3 j\u00e1r\u0151re. A v\u00e1ros sz\u00e9l\u00e9n fekv\u0151 telken h\u00e1rom nagyobb fah\u00e1z \u00e9p\u00fcl, ezek egyik\u00e9b\u0151l csaptak fel a l\u00e1ngok, amelyeket ugyan siker\u00fclt hamar eloltani, de \u00edgy is k\u00f6r\u00fclbel\u00fcl 20 ezer eur\u00f3 \u00e9rt\u00e9k\u0171 k\u00e1r keletkezett.<br \/>\n    A rend\u0151rs\u00e9g szerint val\u00f3sz\u00edn\u0171leg sz\u00e1nd\u00e9kos gy\u00fajtogat\u00e1s t\u00f6rt\u00e9nt.<br \/>\n    A sz\u00e1ll\u00e1sra a tervek szerint tavasszal nagyj\u00e1b\u00f3l 120 mened\u00e9kk\u00e9r\u0151t k\u00f6lt\u00f6ztetnek majd &#8211; \u00e1ll a k\u00f6zlem\u00e9nyben.<br \/>\n    A sz\u00f6vets\u00e9gi b\u0171n\u00fcgyi hivatal (BKA) legut\u00f3bbi \u00f6sszes\u00edt\u00e9se szerint id\u00e9n december 21-ig 875 k\u00fcl\u00f6nb\u00f6z\u0151 atrocit\u00e1s, t\u00e1mad\u00e1s t\u00f6rt\u00e9nt mened\u00e9kk\u00e9r\u0151k, menek\u00fcltek n\u00e9metorsz\u00e1gi sz\u00e1ll\u00e1sai ellen. Tavaly 199 esetet jegyeztek fel. A gy\u00fajtogat\u00e1sok sz\u00e1ma a tavalyi 6-r\u00f3l 77-re emelkedett.(MTI)<\/p>\n","protected":false},"excerpt":{"rendered":"<p>T\u0171z \u00fct\u00f6tt ki p\u00e9ntekre virrad\u00f3 \u00e9jjel egy menek\u00fcltsz\u00e1ll\u00e1snak sz\u00e1nt n\u00e9metorsz\u00e1gi \u00e9p\u00fcletben, a Baden-W\u00fcrttemberg tartom\u00e1nyi Schw\u00e4bisch Gm\u00fcndben.<\/p>\n","protected":false},"author":1,"featured_media":0,"comment_status":"open","ping_status":"closed","sticky":false,"template":"","format":"standard","meta":[],"categories":[12],"tags":[],"_links":{"self":[{"href":"https:\/\/gazdasagportal.hu\/index.php\/wp-json\/wp\/v2\/posts\/72470"}],"collection":[{"href":"https:\/\/gazdasagportal.hu\/index.php\/wp-json\/wp\/v2\/posts"}],"about":[{"href":"https:\/\/gazdasagportal.hu\/index.php\/wp-json\/wp\/v2\/types\/post"}],"author":[{"embeddable":true,"href":"https:\/\/gazdasagportal.hu\/index.php\/wp-json\/wp\/v2\/users\/1"}],"replies":[{"embeddable":true,"href":"https:\/\/gazdasagportal.hu\/index.php\/wp-json\/wp\/v2\/comments?post=72470"}],"version-history":[{"count":1,"href":"https:\/\/gazdasagportal.hu\/index.php\/wp-json\/wp\/v2\/posts\/72470\/revisions"}],"predecessor-version":[{"id":72471,"href":"https:\/\/gazdasagportal.hu\/index.php\/wp-json\/wp\/v2\/posts\/72470\/revisions\/72471"}],"wp:attachment":[{"href":"https:\/\/gazdasagportal.hu\/index.php\/wp-json\/wp\/v2\/media?parent=72470"}],"wp:term":[{"taxonomy":"category","embeddable":true,"href":"https:\/\/gazdasagportal.hu\/index.php\/wp-json\/wp\/v2\/categories?post=72470"},{"taxonomy":"post_tag","embeddable":true,"href":"https:\/\/gazdasagportal.hu\/index.php\/wp-json\/wp\/v2\/tags?post=72470"}],"curies":[{"name":"wp","href":"https:\/\/api.w.org\/{rel}","templated":true}]}}