{"id":72464,"date":"2015-12-25T12:12:43","date_gmt":"2015-12-25T11:12:43","guid":{"rendered":"http:\/\/gazdasagportal.hu\/?p=72464"},"modified":"2015-12-25T11:13:57","modified_gmt":"2015-12-25T10:13:57","slug":"a-nemzeti-akkreditalo-hatosag-lesz-az-akkreditacios-szervezet","status":"publish","type":"post","link":"https:\/\/gazdasagportal.hu\/index.php\/a-nemzeti-akkreditalo-hatosag-lesz-az-akkreditacios-szervezet\/","title":{"rendered":"A Nemzeti Akkredit\u00e1l\u00f3 Hat\u00f3s\u00e1g lesz az akkredit\u00e1ci\u00f3s szervezet"},"content":{"rendered":"<p><strong>A j\u00f6v\u0151 \u00e9v elej\u00e9t\u0151l a Nemzeti Akkredit\u00e1l\u00f3 Hat\u00f3s\u00e1got jel\u00f6lte ki a korm\u00e1ny akkredit\u00e1l\u00f3 szervnek, ez az ipar\u00fcgyek\u00e9rt felel\u0151s miniszter ir\u00e1ny\u00edt\u00e1sa al\u00e1 tartoz\u00f3, k\u00f6zponti hivatalk\u00e9nt m\u0171k\u00f6d\u0151 k\u00f6zponti k\u00f6lts\u00e9gvet\u00e9si szerv lesz &#8211; tartalmazza a Magyar K\u00f6zl\u00f6ny legut\u00f3bbi sz\u00e1m\u00e1ban megjelent korm\u00e1nyrendelet, amelyet a m\u00f3dosult akkredit\u00e1ci\u00f3s t\u00f6rv\u00e9ny felhatalmaz\u00e1sa alapj\u00e1n fogadott el a kabinet.<\/strong><!--more--><\/p>\n<div class=\"ads-in-post1\"><div id=\"gazdasagportal.hu_fullbanner_wideboard\"><\/div>\r\n<\/div>\n<p>    Az \u00e9v k\u00f6zep\u00e9n elfogadott, majd az \u00e9v v\u00e9g\u00e9n m\u00f3dos\u00edtott jogszab\u00e1ly alapj\u00e1n megsz\u0171nik az Akkredit\u00e1l\u00f3 Test\u00fclet, hely\u00e9t az eml\u00edtett hat\u00f3s\u00e1g veszi \u00e1t, \u00e9s v\u00e1ltozik az akkredit\u00e1ci\u00f3s elj\u00e1r\u00e1s is.<br \/>\n    A hat\u00f3s\u00e1got f\u0151igazgat\u00f3 vezeti, akinek a munk\u00e1j\u00e1t f\u0151igazgat\u00f3-helyettes seg\u00edti. A f\u0151igazgat\u00f3-helyettest a f\u0151igazgat\u00f3 javaslat\u00e1ra a miniszter nevezi ki \u00e9s menti fel, felette az egy\u00e9b munk\u00e1ltat\u00f3i jogokat a f\u0151igazgat\u00f3 gyakorolja.<br \/>\n    A hat\u00f3s\u00e1g a honlapj\u00e1n k\u00f6zz\u00e9teszi az akkredit\u00e1lt szervezeteknek a nyilv\u00e1ntart\u00e1sban foglalt nyilv\u00e1nos adatait, tev\u00e9kenys\u00e9g\u00fck r\u00f6vid le\u00edr\u00e1s\u00e1t \u00e9s az akkredit\u00e1lt m\u0171szaki ter\u00fclet megjel\u00f6l\u00e9s\u00e9t, mik\u00e9nt a nemzeti akkredit\u00e1l\u00e1sr\u00f3l sz\u00f3l\u00f3 t\u00f6rv\u00e9nyben meghat\u00e1rozott, az akkredit\u00e1l\u00e1ssal \u00f6sszef\u00fcgg\u0151 jogszab\u00e1lyokat \u00e9s dokumentumokat, t\u00e1j\u00e9koztat\u00f3kat.<br \/>\n    A f\u0151igazgat\u00f3 nevezi ki az akkredit\u00e1l\u00f3 bizotts\u00e1g tagjait \u00e9s eln\u00f6k\u00e9t, hat\u00e1rozatlan id\u0151re. A test\u00fcletnek legfeljebb 22 tagja lehet, \u00e9s minden &#8211; a t\u00f6rv\u00e9nyben meghat\u00e1rozott &#8211; akkredit\u00e1l\u00e1si ter\u00fcletnek legal\u00e1bb k\u00e9t szak\u00e9rt\u0151je kell, hogy szerepeljen benne. A bizotts\u00e1g legal\u00e1bb hetente \u00fcl\u00e9sezik, d\u00f6nt\u00e9seit egyszer\u0171 sz\u00f3t\u00f6bbs\u00e9ggel hozza, szavazategyenl\u0151s\u00e9g eset\u00e9n az eln\u00f6k szavazata d\u00f6nt.<br \/>\n    A bizotts\u00e1g tagjait d\u00edjaz\u00e1s illeti meg, amely nem haladhatja meg az elj\u00e1r\u00e1s\u00e9rt fizetett igazgat\u00e1si szolg\u00e1ltat\u00e1si d\u00edj 1, \u00f6sszesen az elj\u00e1r\u00e1s\u00e9rt fizetett igazgat\u00e1si szolg\u00e1ltat\u00e1si d\u00edj 4,5 sz\u00e1zal\u00e9k\u00e1t.<br \/>\n    A rendelet megszabja, hogy a hat\u00f3s\u00e1g mik\u00e9nt nevezheti ki az akkredit\u00e1l\u00e1si elj\u00e1r\u00e1s \u00e9rt\u00e9kel\u00e9si szakasz\u00e1ban m\u0171k\u00f6d\u0151 \u00e9rt\u00e9kel\u0151 csoportok tagjait szak\u00e9rt\u0151kb\u0151l, min\u0151s\u00edt\u0151kb\u0151l \u00e9s az akkredit\u00e1l\u00e1si k\u00e9relemmel \u00e9rintett ter\u00fcleten szak\u00e9rtelemmel rendelkez\u0151 szem\u00e9lyekb\u0151l.<br \/>\n     A korm\u00e1ny a nemzeti akkredit\u00e1l\u00e1s hat\u00e9kony m\u0171k\u00f6d\u00e9s\u00e9nek el\u0151seg\u00edt\u00e9se \u00e9rdek\u00e9ben rendelkezett az Akkredit\u00e1l\u00e1si Tan\u00e1cs l\u00e9trehoz\u00e1s\u00e1r\u00f3l is, amely a korm\u00e1ny javaslattev\u0151, tan\u00e1csad\u00f3 \u00e9s v\u00e9lem\u00e9nyez\u0151 szerve. Abban megh\u00edvottk\u00e9nt tan\u00e1cskoz\u00e1si joggal r\u00e9szt vesz a Nemzeti Akkredit\u00e1l\u00f3 Hat\u00f3s\u00e1g f\u0151igazgat\u00f3ja.<br \/>\n    A tan\u00e1cs javaslatokat fogalmaz meg az akkredit\u00e1l\u00e1si elj\u00e1r\u00e1s hat\u00e9konyabb\u00e1 t\u00e9tel\u00e9re, feladata az akkredit\u00e1l\u00e1sban \u00e9rdekeltek k\u00e9pviselete. Az akkredit\u00e1l\u00e1si elj\u00e1r\u00e1sokban javaslattev\u0151, tan\u00e1csad\u00f3 \u00e9s v\u00e9lem\u00e9nyez\u0151 jogk\u00f6rrel nem rendelkezik.<br \/>\n    A tan\u00e1csba egy-egy tagot deleg\u00e1lhatnak a vizsg\u00e1l\u00f3laborat\u00f3riumok, a mintavev\u0151 szervezetek, a kalibr\u00e1l\u00f3 laborat\u00f3riumok, a j\u00e1rtass\u00e1gi vizsg\u00e1latot szervez\u0151 szervezetek, a term\u00e9ktan\u00fas\u00edt\u00f3 szervezetek, az ir\u00e1ny\u00edt\u00e1si rendszereket tan\u00fas\u00edt\u00f3 szervezetek, a szem\u00e9lyzettan\u00fas\u00edt\u00f3, a hat\u00f3s\u00e1gok kiv\u00e9tel\u00e9vel az ellen\u0151rz\u0151, a referenciaanyag-gy\u00e1rt\u00f3, a k\u00f6rnyezetv\u00e9delmi vezet\u00e9si \u00e9s hiteles\u00edt\u00e9si rendszert hiteles\u00edt\u0151 szervezetek vagy term\u00e9szetes szem\u00e9lyek, az \u00fcvegh\u00e1zhat\u00e1s\u00fa g\u00e1zok k\u00f6z\u00f6ss\u00e9gi kereskedelmi rendszer\u00e9ben \u00e9s az er\u0151fesz\u00edt\u00e9s-megoszt\u00e1si hat\u00e1rozat v\u00e9grehajt\u00e1s\u00e1ban t\u00f6rt\u00e9n\u0151 r\u00e9szv\u00e9telr\u0151l sz\u00f3l\u00f3 t\u00f6rv\u00e9ny szerinti hiteles\u00edt\u0151 szervezetek \u00e9s az Akkredit\u00e1lt Szervezetek Klasztere. Tagjait az ipar\u00fcgyek\u00e9rt felel\u0151 miniszter nevezi ki hat\u00e1rozatlan id\u0151re.(MTI)<\/p>\n","protected":false},"excerpt":{"rendered":"<p>A j\u00f6v\u0151 \u00e9v elej\u00e9t\u0151l a Nemzeti Akkredit\u00e1l\u00f3 Hat\u00f3s\u00e1got jel\u00f6lte ki a korm\u00e1ny akkredit\u00e1l\u00f3 szervnek, ez az ipar\u00fcgyek\u00e9rt felel\u0151s miniszter ir\u00e1ny\u00edt\u00e1sa al\u00e1 tartoz\u00f3, k\u00f6zponti hivatalk\u00e9nt m\u0171k\u00f6d\u0151 k\u00f6zponti k\u00f6lts\u00e9gvet\u00e9si szerv lesz &#8211; tartalmazza a Magyar K\u00f6zl\u00f6ny legut\u00f3bbi sz\u00e1m\u00e1ban megjelent korm\u00e1nyrendelet, amelyet a m\u00f3dosult akkredit\u00e1ci\u00f3s t\u00f6rv\u00e9ny felhatalmaz\u00e1sa alapj\u00e1n fogadott el a kabinet.<\/p>\n","protected":false},"author":1,"featured_media":0,"comment_status":"open","ping_status":"closed","sticky":false,"template":"","format":"standard","meta":[],"categories":[19],"tags":[],"_links":{"self":[{"href":"https:\/\/gazdasagportal.hu\/index.php\/wp-json\/wp\/v2\/posts\/72464"}],"collection":[{"href":"https:\/\/gazdasagportal.hu\/index.php\/wp-json\/wp\/v2\/posts"}],"about":[{"href":"https:\/\/gazdasagportal.hu\/index.php\/wp-json\/wp\/v2\/types\/post"}],"author":[{"embeddable":true,"href":"https:\/\/gazdasagportal.hu\/index.php\/wp-json\/wp\/v2\/users\/1"}],"replies":[{"embeddable":true,"href":"https:\/\/gazdasagportal.hu\/index.php\/wp-json\/wp\/v2\/comments?post=72464"}],"version-history":[{"count":1,"href":"https:\/\/gazdasagportal.hu\/index.php\/wp-json\/wp\/v2\/posts\/72464\/revisions"}],"predecessor-version":[{"id":72465,"href":"https:\/\/gazdasagportal.hu\/index.php\/wp-json\/wp\/v2\/posts\/72464\/revisions\/72465"}],"wp:attachment":[{"href":"https:\/\/gazdasagportal.hu\/index.php\/wp-json\/wp\/v2\/media?parent=72464"}],"wp:term":[{"taxonomy":"category","embeddable":true,"href":"https:\/\/gazdasagportal.hu\/index.php\/wp-json\/wp\/v2\/categories?post=72464"},{"taxonomy":"post_tag","embeddable":true,"href":"https:\/\/gazdasagportal.hu\/index.php\/wp-json\/wp\/v2\/tags?post=72464"}],"curies":[{"name":"wp","href":"https:\/\/api.w.org\/{rel}","templated":true}]}}