{"id":72446,"date":"2015-12-24T15:15:18","date_gmt":"2015-12-24T14:15:18","guid":{"rendered":"http:\/\/gazdasagportal.hu\/?p=72446"},"modified":"2015-12-24T15:15:18","modified_gmt":"2015-12-24T14:15:18","slug":"harom-merenylet-tortent-karacsony-elott-izraelben","status":"publish","type":"post","link":"https:\/\/gazdasagportal.hu\/index.php\/harom-merenylet-tortent-karacsony-elott-izraelben\/","title":{"rendered":"H\u00e1rom mer\u00e9nylet t\u00f6rt\u00e9nt kar\u00e1csony el\u0151tt Izraelben"},"content":{"rendered":"<p><strong>Az izraeli biztons\u00e1gi er\u0151k h\u00e1rom palesztin mer\u00e9nyl\u0151t \u00f6ltek meg cs\u00fct\u00f6rt\u00f6k\u00f6n, ily m\u00f3don meghi\u00fas\u00edtva h\u00e1rom mer\u00e9nyletet, illetve mer\u00e9nyletk\u00eds\u00e9rletet.<\/strong><!--more--><\/p>\n<div class=\"ads-in-post1\"><div id=\"gazdasagportal.hu_fullbanner_wideboard\"><\/div>\r\n<\/div>\n<p>    Az egyik incidensben egy palesztin Jeruzs\u00e1lemt\u0151l \u00e9szakra, egy ciszjord\u00e1niai keresztez\u0151d\u00e9sben aut\u00f3j\u00e1val sz\u00e1nd\u00e9kosan az \u00fat mellett \u00e1ll\u00f3 katon\u00e1k k\u00f6z\u00e9 hajtott. Egy katona k\u00f6nnyebben megs\u00e9r\u00fclt, a mer\u00e9nyl\u0151t a biztons\u00e1giak lel\u0151tt\u00e9k &#8211; \u00e9rtes\u00fclt a Ynet, a Jedi\u00f3t Ahron\u00f3t c\u00edm\u0171 \u00fajs\u00e1g honlapja.<br \/>\n    Kor\u00e1bban Ciszjord\u00e1nia Ariel nev\u0171 telepesv\u00e1rosa mellett az ipari negyedben egy m\u00e1sik palesztin k\u00e9ssel megsebes\u00edtett k\u00e9t biztons\u00e1gi \u0151rt, amire az \u0151r\u00f6k lel\u0151tt\u00e9k a t\u00e1mad\u00f3t. Ebben a k\u00e9sel\u00e9sben az egyik \u0151r s\u00falyosabb, a m\u00e1sik k\u00f6zepes s\u00e9r\u00fcl\u00e9seket szenvedett.<br \/>\n    Reggel, a cs\u00fct\u00f6rt\u00f6ki els\u0151 incidensben egy palesztin csavarh\u00faz\u00f3val t\u00e1madt Hebronban egy \u00fatellen\u0151rz\u0151 pontn\u00e1l az ott szolg\u00e1latot teljes\u00edt\u0151 izraeli katon\u00e1kra. \u0150t is lel\u0151tt\u00e9k a helysz\u00ednen.<br \/>\n    Mindh\u00e1rom eset az 1967-ben elfoglalt Ciszjord\u00e1ni\u00e1ban t\u00f6rt\u00e9nt.<br \/>\n    A palesztinok haragj\u00e1t az a szerda este a t\u00edzes izraeli t\u00e9v\u00e9csatorn\u00e1n bemutatott esk\u00fcv\u0151i vide\u00f3felv\u00e9tel is kiv\u00e1lthatta, illetve fokozhatta, amelyen vall\u00e1sos sz\u00e9ls\u0151s\u00e9ges fiatalok egy terrormer\u00e9nyletben ny\u00e1ron meggyilkolt palesztin csal\u00e1d trag\u00e9di\u00e1j\u00e1t \u00fcnnepelt\u00e9k.<br \/>\n    J\u00falius v\u00e9g\u00e9n zsid\u00f3 terrorist\u00e1k egy gy\u00fajt\u00f3bomb\u00e1val felgy\u00fajtott\u00e1k a Duma nev\u0171 palesztin faluban egy helyi k\u00e9tgyermekes csal\u00e1d lak\u00f3h\u00e1z\u00e1t, a sz\u00fcl\u0151k \u00e9s egyik kisfi\u00fak hal\u00e1l\u00e1t okozva.<br \/>\n    A minden bizonnyal zsid\u00f3 mer\u00e9nyl\u0151ket mindeddig nem \u00edt\u00e9lt\u00e9k el, de a Sin Bet belbiztons\u00e1gi szolg\u00e1lat az ut\u00f3bbi hetekben el\u0151rel\u00e9p\u00e9sr\u0151l sz\u00e1molt be. Letart\u00f3ztattak \u00e9s kihallgattak t\u00f6bb sz\u00e9ls\u0151s\u00e9ges telepest, de v\u00e1demel\u00e9s bizony\u00edt\u00e9kok hi\u00e1ny\u00e1ban mindeddig nem t\u00f6rt\u00e9nt ellen\u00fck.<br \/>\n    A sz\u00e9ls\u0151s\u00e9ges jobboldali csoportok az elfogottak k\u00ednz\u00e1s\u00e1val v\u00e1dolj\u00e1k az izraeli hat\u00f3s\u00e1gokat, amit cs\u00fct\u00f6rt\u00f6k\u00f6n mind Benj\u00e1min Netanjahu minisztereln\u00f6k, mind Ajelet Saked igazs\u00e1g\u00fcgy-miniszter visszautas\u00edtott.<br \/>\n    A t\u00e9v\u00e9ben bemutatott felv\u00e9telen az esk\u00fcv\u0151 r\u00e9sztvev\u0151i k\u00e9sekkel \u00e9s fegyverekkel hadon\u00e1sznak, \u00e9s valaki k\u00e9st sz\u00far a h\u00e1zt\u0171zben odaveszett palesztin kisfi\u00fa f\u00e9nyk\u00e9p\u00e9be. Az izraeli rend\u0151rs\u00e9g vizsg\u00e1latot ind\u00edtott az esk\u00fcv\u0151n t\u00f6rt\u00e9ntek \u00fcgy\u00e9ben.<br \/>\n    Izraelben \u00e9s a palesztin ter\u00fcleteken m\u00e1r harmadik h\u00f3napja szinte napi rendszeress\u00e9ggel ism\u00e9tl\u0151dnek a mer\u00e9nyletek, valamint az \u00f6sszet\u0171z\u00e9sek az izraeli rendfenntart\u00f3kkal.<br \/>\n    Okt\u00f3ber elseje \u00f3ta 123 palesztin vesztette \u00e9let\u00e9t \u00e1ltal\u00e1ban az izraeli biztons\u00e1giakkal t\u00f6rt\u00e9n\u0151 \u00f6sszecsap\u00e1sokban, illetve k\u00f6z\u00fcl\u00fck hetven\u00f6ten mer\u00e9nyletek elk\u00f6vet\u00e9se k\u00f6zben. Az er\u0151szakhull\u00e1mban a m\u00e1sik oldalon eddig h\u00fasz izraeli, egy amerikai turista \u00e9s egy eritreai menek\u00fclt halt meg.<br \/>\n    A t\u00e1mad\u00e1sok k\u00f6zvetlen oka az volt, hogy a palesztin hivatalos \u00e9s k\u00f6z\u00f6ss\u00e9gi m\u00e9di\u00e1ban megjelent felt\u00e9telez\u00e9s szerint az izraeli korm\u00e1ny megpr\u00f3b\u00e1lja megv\u00e1ltoztatni a l\u00e1togat\u00e1si rendet Jeruzs\u00e1lem \u00f3v\u00e1ros\u00e1ban a Mecsetek ter\u00e9n. Izrael szerint az er\u0151szakcselekm\u00e9nyeket palesztin vezet\u0151k nyilatkozatai is sz\u00edtj\u00e1k, m\u00edg palesztin forr\u00e1sok szerint a t\u00e1mad\u00e1sok h\u00e1tter\u00e9ben az elkeseredetts\u00e9g \u00e1ll, hogy elveszni l\u00e1tj\u00e1k a rem\u00e9nyt egy \u00f6n\u00e1ll\u00f3 palesztin \u00e1llam l\u00e9trej\u00f6tt\u00e9re.(MTI)<\/p>\n","protected":false},"excerpt":{"rendered":"<p>Az izraeli biztons\u00e1gi er\u0151k h\u00e1rom palesztin mer\u00e9nyl\u0151t \u00f6ltek meg cs\u00fct\u00f6rt\u00f6k\u00f6n, ily m\u00f3don meghi\u00fas\u00edtva h\u00e1rom mer\u00e9nyletet, illetve mer\u00e9nyletk\u00eds\u00e9rletet.<\/p>\n","protected":false},"author":1,"featured_media":0,"comment_status":"open","ping_status":"closed","sticky":false,"template":"","format":"standard","meta":[],"categories":[16],"tags":[],"_links":{"self":[{"href":"https:\/\/gazdasagportal.hu\/index.php\/wp-json\/wp\/v2\/posts\/72446"}],"collection":[{"href":"https:\/\/gazdasagportal.hu\/index.php\/wp-json\/wp\/v2\/posts"}],"about":[{"href":"https:\/\/gazdasagportal.hu\/index.php\/wp-json\/wp\/v2\/types\/post"}],"author":[{"embeddable":true,"href":"https:\/\/gazdasagportal.hu\/index.php\/wp-json\/wp\/v2\/users\/1"}],"replies":[{"embeddable":true,"href":"https:\/\/gazdasagportal.hu\/index.php\/wp-json\/wp\/v2\/comments?post=72446"}],"version-history":[{"count":1,"href":"https:\/\/gazdasagportal.hu\/index.php\/wp-json\/wp\/v2\/posts\/72446\/revisions"}],"predecessor-version":[{"id":72447,"href":"https:\/\/gazdasagportal.hu\/index.php\/wp-json\/wp\/v2\/posts\/72446\/revisions\/72447"}],"wp:attachment":[{"href":"https:\/\/gazdasagportal.hu\/index.php\/wp-json\/wp\/v2\/media?parent=72446"}],"wp:term":[{"taxonomy":"category","embeddable":true,"href":"https:\/\/gazdasagportal.hu\/index.php\/wp-json\/wp\/v2\/categories?post=72446"},{"taxonomy":"post_tag","embeddable":true,"href":"https:\/\/gazdasagportal.hu\/index.php\/wp-json\/wp\/v2\/tags?post=72446"}],"curies":[{"name":"wp","href":"https:\/\/api.w.org\/{rel}","templated":true}]}}