{"id":72413,"date":"2015-12-23T16:41:37","date_gmt":"2015-12-23T15:41:37","guid":{"rendered":"http:\/\/gazdasagportal.hu\/?p=72413"},"modified":"2015-12-23T15:42:53","modified_gmt":"2015-12-23T14:42:53","slug":"quaestor-jogeros-tarsoly-csaba-elozetes-letartoztatasanak-meghosszabbitasa","status":"publish","type":"post","link":"https:\/\/gazdasagportal.hu\/index.php\/quaestor-jogeros-tarsoly-csaba-elozetes-letartoztatasanak-meghosszabbitasa\/","title":{"rendered":"Quaestor &#8211; Joger\u0151s Tarsoly Csaba el\u0151zetes letart\u00f3ztat\u00e1s\u00e1nak meghosszabb\u00edt\u00e1sa"},"content":{"rendered":"<p><strong>Joger\u0151sen meghosszabb\u00edtott\u00e1k Tarsoly Csab\u00e1nak, a Quaestor-c\u00e9gcsoport vezet\u0151j\u00e9nek el\u0151zetes letart\u00f3ztat\u00e1s\u00e1t, miut\u00e1n a m\u00e1sodfokon elj\u00e1r\u00f3 F\u0151v\u00e1rosi T\u00f6rv\u00e9nysz\u00e9k szerdai v\u00e9gz\u00e9s\u00e9vel helybenhagyta a Budai K\u00f6zponti Ker\u00fcleti B\u00edr\u00f3s\u00e1g erre vonatkoz\u00f3 december 15-i d\u00f6nt\u00e9s\u00e9t.<\/strong><!--more--><\/p>\n<div class=\"ads-in-post1\"><div id=\"gazdasagportal.hu_fullbanner_wideboard\"><\/div>\r\n<\/div>\n<p>    A F\u0151v\u00e1rosi T\u00f6rv\u00e9nysz\u00e9k sajt\u00f3oszt\u00e1lya szerd\u00e1n azt k\u00f6z\u00f6lte az MTI-vel, hogy a m\u00e1sodfok\u00fa b\u00edr\u00f3s\u00e1g r\u00e9szben megv\u00e1ltoztatta a Budai K\u00f6zponti Ker\u00fcleti B\u00edr\u00f3s\u00e1g kor\u00e1bbi d\u00f6nt\u00e9s\u00e9t, \u00e9s T.-n\u00e9 R. Erika gyan\u00fas\u00edtottal szemben lakhelyelhagy\u00e1si tilalom helyett h\u00e1zi \u0151rizetet rendelt el. Az els\u0151fok\u00fa b\u00edr\u00f3s\u00e1g T. Csaba Istv\u00e1nra \u00e9s M. Zsoltra vonatkoz\u00f3 d\u00f6nt\u00e9s\u00e9t ugyanakkor helybenhagyt\u00e1k, \u00edgy a gyan\u00fas\u00edtottak el\u0151zetes letart\u00f3ztat\u00e1sban maradnak 2016. m\u00e1rcius 29-ig.<br \/>\n    A K\u00e9szenl\u00e9ti Rend\u0151rs\u00e9g Nemzeti Nyomoz\u00f3 Iroda Korrupci\u00f3s \u00e9s Gazdas\u00e1gi B\u0171n\u00f6z\u00e9s Elleni F\u0151oszt\u00e1lya k\u00fcl\u00f6n\u00f6sen nagy k\u00e1rt okoz\u00f3 b\u0171nszervezetben elk\u00f6vetett csal\u00e1s \u00e9s m\u00e1s b\u0171ncselekm\u00e9nyek miatt folytat elj\u00e1r\u00e1st a gyan\u00fas\u00edtottakkal szemben.<br \/>\n    Az els\u0151fok\u00fa v\u00e9gz\u00e9s ellen T.-n\u00e9 R. Erika h\u00e1zi \u0151rizet\u00e9nek elrendel\u00e9se v\u00e9gett az \u00fcgy\u00e9sz jelentett be fellebbez\u00e9st, m\u00edg T. Csaba Istv\u00e1n \u00e9s M. Zsolt, valamint v\u00e9d\u0151ik a k\u00e9nyszerint\u00e9zked\u00e9s megsz\u00fcntet\u00e9s\u00e9\u00e9rt, illet\u0151leg enyh\u00e9bb k\u00e9nyszerint\u00e9zked\u00e9s elrendel\u00e9s\u00e9\u00e9rt fellebbeztek.<br \/>\n    A m\u00e1sodfok\u00fa b\u00edr\u00f3s\u00e1g szerint az \u00fcgy\u00e9sz fellebbez\u00e9se megalapozott, m\u00edg a m\u00e1sik k\u00e9t gyan\u00fas\u00edtott\u00e9 \u00e9s v\u00e9d\u0151ik\u00e9 nem helyt\u00e1ll\u00f3.<br \/>\n    A t\u00f6rv\u00e9nysz\u00e9k indokol\u00e1s\u00e1ban utalt r\u00e1: az els\u0151fok\u00fa b\u00edr\u00f3s\u00e1g t\u00f6rv\u00e9nyesen hivatkozott arra, hogy a gyan\u00fas\u00edtottak terh\u00e9re r\u00f3tt b\u0171ncselekm\u00e9nyek t\u00e9ny\u00e1ll\u00e1sa \u00e9s min\u0151s\u00edt\u00e9se nem v\u00e1ltozott.<br \/>\n    Az el\u0151zetes letart\u00f3ztat\u00e1s \u00e1ltal\u00e1nos felt\u00e9telei &#8211; mint a szabads\u00e1gveszt\u00e9ssel fenyegetetts\u00e9g \u00e9s a megalapozott gyan\u00fa &#8211; tov\u00e1bbra is fenn\u00e1llnak valamennyi gyan\u00fas\u00edtott vonatkoz\u00e1s\u00e1ban &#8211; \u00edrt\u00e1k.<br \/>\n    A t\u00f6rv\u00e9nysz\u00e9k r\u00e1mutatott: a ker\u00fcleti b\u00edr\u00f3s\u00e1g helyesen \u00e1llap\u00edtotta meg, hogy T.-n\u00e9 R. Erika eset\u00e9ben fenn\u00e1llnak az enyh\u00e9bb k\u00e9nyszerint\u00e9zked\u00e9s alkalmaz\u00e1s\u00e1nak felt\u00e9telei, azonban a terh\u00e9re r\u00f3tt cselekm\u00e9nyek jelleg\u00e9t \u00e9s s\u00falyoss\u00e1g\u00e1t is figyelembe v\u00e9ve vele szemben nem elegend\u0151 a lakhelyelhagy\u00e1si tilalom a k\u00e9nyszerint\u00e9zked\u00e9s c\u00e9lj\u00e1nak el\u00e9r\u00e9s\u00e9hez. A m\u00e1sodfok\u00fa b\u00edr\u00f3s\u00e1g ez\u00e9rt egyet\u00e9rtett az \u00fcgy\u00e9sz ind\u00edtv\u00e1ny\u00e1ban foglaltakkal, \u00e9s T.-n\u00e9 R. Erika h\u00e1zi \u0151rizet\u00e9t rendelte el, mert a gyan\u00fas\u00edtott szem\u00e9lyi k\u00f6r\u00fclm\u00e9nyeire is tekintettel a legszigor\u00fabb k\u00e9nyszerint\u00e9zked\u00e9s fenntart\u00e1sa nem sz\u00fcks\u00e9ges &#8211; olvashat\u00f3 a k\u00f6zlem\u00e9nyben.<br \/>\n    A Quaestor-\u00fcgy h\u00e1rom gyan\u00fas\u00edtottj\u00e1nak el\u0151zetes letart\u00f3ztat\u00e1s\u00e1t a Budai K\u00f6zponti Ker\u00fcleti B\u00edr\u00f3s\u00e1g szeptember 23-\u00e1n megsz\u00fcntette, \u00e9s h\u00e1zi \u0151rizet\u00fcket rendelte el. A d\u00f6nt\u00e9s ellen azonban az \u00fcgy\u00e9szs\u00e9g fellebbez\u00e9st ny\u00fajtott be, a F\u0151v\u00e1rosi T\u00f6rv\u00e9nysz\u00e9k pedig szeptember 29-\u00e9n m\u00e1sodfokon, joger\u0151sen megv\u00e1ltoztatta azt, \u00edgy a gyan\u00fas\u00edtottak m\u00e9gis el\u0151zetes letart\u00f3ztat\u00e1sban maradtak.<br \/>\n    A jegybank m\u00e1rcius 10-\u00e9n f\u00fcggesztette fel r\u00e9szlegesen a Quaestor \u00c9rt\u00e9kpap\u00edr Zrt. tev\u00e9kenys\u00e9gi enged\u00e9ly\u00e9t, \u00e9s fel\u00fcgyeleti biztost rendelt ki az \u00e9szlelt szab\u00e1lytalans\u00e1gok miatt. El\u0151z\u0151 este a Quaestor-csoport k\u00f6tv\u00e9nykibocs\u00e1t\u00f3 c\u00e9ge, a Quaestor Financial Hrurira Kft. \u00f6ncs\u0151d\u00f6t jelentett. A jegybank vizsg\u00e1lata szerint a Quaestor \u00c9rt\u00e9kpap\u00edr Zrt. mintegy 210 milli\u00e1rdos v\u00e1llalati k\u00f6tv\u00e9nykibocs\u00e1t\u00e1s\u00e1b\u00f3l 150 milli\u00e1rd fikt\u00edv volt. Az \u00fcgyben nyomoz\u00e1s indult, amelyben m\u00e1rcius v\u00e9g\u00e9n letart\u00f3ztattak h\u00e1rom gyan\u00fas\u00edtottat, k\u00f6zt\u00fck Tarsoly Csab\u00e1t, a c\u00e9gcsoport vezet\u0151j\u00e9t.(MTI)<\/p>\n","protected":false},"excerpt":{"rendered":"<p>Joger\u0151sen meghosszabb\u00edtott\u00e1k Tarsoly Csab\u00e1nak, a Quaestor-c\u00e9gcsoport vezet\u0151j\u00e9nek el\u0151zetes letart\u00f3ztat\u00e1s\u00e1t, miut\u00e1n a m\u00e1sodfokon elj\u00e1r\u00f3 F\u0151v\u00e1rosi T\u00f6rv\u00e9nysz\u00e9k szerdai v\u00e9gz\u00e9s\u00e9vel helybenhagyta a Budai K\u00f6zponti Ker\u00fcleti B\u00edr\u00f3s\u00e1g erre vonatkoz\u00f3 december 15-i d\u00f6nt\u00e9s\u00e9t.<\/p>\n","protected":false},"author":1,"featured_media":0,"comment_status":"open","ping_status":"closed","sticky":false,"template":"","format":"standard","meta":[],"categories":[19],"tags":[],"_links":{"self":[{"href":"https:\/\/gazdasagportal.hu\/index.php\/wp-json\/wp\/v2\/posts\/72413"}],"collection":[{"href":"https:\/\/gazdasagportal.hu\/index.php\/wp-json\/wp\/v2\/posts"}],"about":[{"href":"https:\/\/gazdasagportal.hu\/index.php\/wp-json\/wp\/v2\/types\/post"}],"author":[{"embeddable":true,"href":"https:\/\/gazdasagportal.hu\/index.php\/wp-json\/wp\/v2\/users\/1"}],"replies":[{"embeddable":true,"href":"https:\/\/gazdasagportal.hu\/index.php\/wp-json\/wp\/v2\/comments?post=72413"}],"version-history":[{"count":1,"href":"https:\/\/gazdasagportal.hu\/index.php\/wp-json\/wp\/v2\/posts\/72413\/revisions"}],"predecessor-version":[{"id":72414,"href":"https:\/\/gazdasagportal.hu\/index.php\/wp-json\/wp\/v2\/posts\/72413\/revisions\/72414"}],"wp:attachment":[{"href":"https:\/\/gazdasagportal.hu\/index.php\/wp-json\/wp\/v2\/media?parent=72413"}],"wp:term":[{"taxonomy":"category","embeddable":true,"href":"https:\/\/gazdasagportal.hu\/index.php\/wp-json\/wp\/v2\/categories?post=72413"},{"taxonomy":"post_tag","embeddable":true,"href":"https:\/\/gazdasagportal.hu\/index.php\/wp-json\/wp\/v2\/tags?post=72413"}],"curies":[{"name":"wp","href":"https:\/\/api.w.org\/{rel}","templated":true}]}}