{"id":72409,"date":"2015-12-23T14:59:08","date_gmt":"2015-12-23T13:59:08","guid":{"rendered":"http:\/\/gazdasagportal.hu\/?p=72409"},"modified":"2015-12-23T14:59:08","modified_gmt":"2015-12-23T13:59:08","slug":"mnb-egyhangulag-kamattartasra-szavaztak-a-monetaris-tanacs-tagjai","status":"publish","type":"post","link":"https:\/\/gazdasagportal.hu\/index.php\/mnb-egyhangulag-kamattartasra-szavaztak-a-monetaris-tanacs-tagjai\/","title":{"rendered":"MNB: egyhang\u00falag kamattart\u00e1sra szavaztak a monet\u00e1ris tan\u00e1cs tagjai"},"content":{"rendered":"<p><strong>Egyhang\u00falag az alapkamat 1,35 sz\u00e1zal\u00e9kon tart\u00e1s\u00e1ra szavaztak a Magyar Nemzeti Bank (MNB) Monet\u00e1ris Tan\u00e1cs\u00e1nak tagjai a test\u00fclet legut\u00f3bbi, december 15-i kamatd\u00f6nt\u0151 \u00fcl\u00e9s\u00e9n.<\/strong><!--more--><\/p>\n<div class=\"ads-in-post1\"><div id=\"gazdasagportal.hu_fullbanner_wideboard\"><\/div>\r\n<\/div>\n<p>    Az \u00fcl\u00e9s szerd\u00e1n k\u00f6zz\u00e9tett, r\u00f6vid\u00edtett jegyz\u0151k\u00f6nyve szerint a tagok egyet\u00e9rtettek abban, hogy az infl\u00e1ci\u00f3s c\u00e9l fenntarthat\u00f3 m\u00f3don az alapkamat tart\u00f3s tart\u00e1sa mellett nem hagyom\u00e1nyos, c\u00e9lzott monet\u00e1ris politikai eszk\u00f6z\u00f6kkel \u00e9rhet\u0151 el.<br \/>\n    N\u00e9h\u00e1nyan hozz\u00e1tett\u00e9k, hogy ezek a programok hat\u00e9konyan tudj\u00e1k szolg\u00e1lni a monet\u00e1ris kond\u00edci\u00f3k tov\u00e1bbi laz\u00edt\u00e1s\u00e1t, k\u00fcl\u00f6n\u00f6sen a hossz\u00fa hozamok cs\u00f6kken\u00e9s\u00e9t. Egy tan\u00e1cstag megjegyezte, hogy a nem konvencion\u00e1lis eszk\u00f6z\u00f6k bizonyos esetekben a jegybank tov\u00e1bbi c\u00e9ljainak teljes\u00fcl\u00e9s\u00e9t is t\u00e1mogatj\u00e1k. Ennek jegy\u00e9ben a tan\u00e1cs tagjai kiemelt figyelemmel vizsg\u00e1lj\u00e1k a potenci\u00e1lisan alkalmazhat\u00f3 eszk\u00f6z\u00f6k k\u00f6r\u00e9t.     A tan\u00e1cs szerint a kamatd\u00f6nt\u00e9s \u00f6sszhangban van a jegybank kor\u00e1bbi magatart\u00e1s\u00e1val \u00e9s kommunik\u00e1ci\u00f3j\u00e1val, valamint a piaci v\u00e1rakoz\u00e1sokkal is, \u00edgy er\u0151s\u00edti a jegybank hiteless\u00e9g\u00e9t \u00e9s kisz\u00e1m\u00edthat\u00f3s\u00e1g\u00e1t.<br \/>\n    A jegybanki el\u0151rejelz\u00e9sek felt\u00e9teleinek teljes\u00fcl\u00e9se mellett az alapkamat aktu\u00e1lis szintje \u00e9s a laza monet\u00e1ris kond\u00edci\u00f3k tart\u00f3s, a teljes el\u0151rejelz\u00e9si id\u0151horizonton val\u00f3 fenntart\u00e1sa \u00f6sszhangban van a 3 sz\u00e1zal\u00e9kos infl\u00e1ci\u00f3s c\u00e9l k\u00f6z\u00e9pt\u00e1v\u00fa el\u00e9r\u00e9s\u00e9vel \u00e9s a re\u00e1lgazdas\u00e1g ennek megfelel\u0151 m\u00e9rt\u00e9k\u0171 \u00f6szt\u00f6nz\u00e9s\u00e9vel &#8211; \u00e1ll a jegyz\u0151k\u00f6nyvben.<br \/>\n    A tan\u00e1cs meg\u00edt\u00e9l\u00e9se szerint folytat\u00f3dik a magyar gazdas\u00e1g n\u00f6veked\u00e9se. A gazdas\u00e1got v\u00e1ltozatlanul kihaszn\u00e1latlan kapacit\u00e1sok jellemzik, \u00edgy a hazai re\u00e1lgazdas\u00e1gi k\u00f6rnyezet dezinfl\u00e1ci\u00f3s hat\u00e1s\u00fa marad. Az infl\u00e1ci\u00f3 tov\u00e1bbra is sz\u00e1mottev\u0151en a jegybanki c\u00e9l alatt alakul, az infl\u00e1ci\u00f3 csak az el\u0151rejelz\u00e9si id\u0151szak v\u00e9g\u00e9re \u00e9rhet az infl\u00e1ci\u00f3s c\u00e9l k\u00f6zel\u00e9be.<br \/>\n    T\u00f6bb tan\u00e1cstag is kifejtette, hogy a c\u00e9l fenntarthat\u00f3 el\u00e9r\u00e9se alatt azt \u00e9rti, hogy az infl\u00e1ci\u00f3 nemcsak r\u00f6vid ideig k\u00f6zel\u00edti meg a c\u00e9l\u00e9rt\u00e9ket, hanem tart\u00f3san az \u00e1rstabilit\u00e1si c\u00e9l k\u00f6zel\u00e9ben alakul. Ez\u00e9rt ennek \u00e9rdek\u00e9ben szil\u00e1rd gazdas\u00e1gi n\u00f6veked\u00e9sre \u00e9s tart\u00f3san laza &#8211; sz\u00fcks\u00e9g eset\u00e9n a jelenlegin\u00e9l is laz\u00e1bb &#8211; monet\u00e1ris kond\u00edci\u00f3k fenntart\u00e1s\u00e1ra van sz\u00fcks\u00e9g.<br \/>\n    N\u00e9h\u00e1nyan r\u00e1mutattak, hogy a v\u00e1ls\u00e1g ut\u00e1ni makrogazdas\u00e1gi k\u00f6rnyezetben a gazdas\u00e1gi szerepl\u0151k historikusan alacsony infl\u00e1ci\u00f3s v\u00e1rakoz\u00e1sai miatt nagyobb az infl\u00e1ci\u00f3s c\u00e9l alull\u00f6v\u00e9s\u00e9nek, mint t\u00fall\u00f6v\u00e9s\u00e9nek kock\u00e1zata.<br \/>\n    A jegyz\u0151k\u00f6nyvb\u0151l kider\u00fcl: a piaci hozamv\u00e1rakoz\u00e1sok az alapkamat tart\u00f3s tart\u00e1s\u00e1ra vonatkoz\u00f3 jegybanki ir\u00e1nymutat\u00e1ssal \u00f6sszhangban alakultak. A jegybank \u00e1ltal bevezetett nem hagyom\u00e1nyos, c\u00e9lzott monet\u00e1ris politikai eszk\u00f6z\u00f6k is a hossz\u00fa hozamok cs\u00f6kken\u00e9s\u00e9nek \u00e9s ez\u00e1ltal a monet\u00e1ris kond\u00edci\u00f3k laz\u00edt\u00e1s\u00e1nak ir\u00e1ny\u00e1ba hatnak. Az el\u0151retekint\u0151 p\u00e9nzpiaci re\u00e1lkamatok negat\u00edv tartom\u00e1nyban vannak, \u00e9s az infl\u00e1ci\u00f3 emelked\u00e9s\u00e9vel tov\u00e1bb s\u00fcllyednek.<br \/>\n    A tan\u00e1cs k\u00f6vetkez\u0151 kamatmeghat\u00e1roz\u00f3 \u00fcl\u00e9s\u00e9t 2016. janu\u00e1r 26-\u00e1n tartja. (MTI)<\/p>\n","protected":false},"excerpt":{"rendered":"<p>Egyhang\u00falag az alapkamat 1,35 sz\u00e1zal\u00e9kon tart\u00e1s\u00e1ra szavaztak a Magyar Nemzeti Bank (MNB) Monet\u00e1ris Tan\u00e1cs\u00e1nak tagjai a test\u00fclet legut\u00f3bbi, december 15-i kamatd\u00f6nt\u0151 \u00fcl\u00e9s\u00e9n.<\/p>\n","protected":false},"author":1,"featured_media":0,"comment_status":"open","ping_status":"closed","sticky":false,"template":"","format":"standard","meta":[],"categories":[19],"tags":[],"_links":{"self":[{"href":"https:\/\/gazdasagportal.hu\/index.php\/wp-json\/wp\/v2\/posts\/72409"}],"collection":[{"href":"https:\/\/gazdasagportal.hu\/index.php\/wp-json\/wp\/v2\/posts"}],"about":[{"href":"https:\/\/gazdasagportal.hu\/index.php\/wp-json\/wp\/v2\/types\/post"}],"author":[{"embeddable":true,"href":"https:\/\/gazdasagportal.hu\/index.php\/wp-json\/wp\/v2\/users\/1"}],"replies":[{"embeddable":true,"href":"https:\/\/gazdasagportal.hu\/index.php\/wp-json\/wp\/v2\/comments?post=72409"}],"version-history":[{"count":1,"href":"https:\/\/gazdasagportal.hu\/index.php\/wp-json\/wp\/v2\/posts\/72409\/revisions"}],"predecessor-version":[{"id":72410,"href":"https:\/\/gazdasagportal.hu\/index.php\/wp-json\/wp\/v2\/posts\/72409\/revisions\/72410"}],"wp:attachment":[{"href":"https:\/\/gazdasagportal.hu\/index.php\/wp-json\/wp\/v2\/media?parent=72409"}],"wp:term":[{"taxonomy":"category","embeddable":true,"href":"https:\/\/gazdasagportal.hu\/index.php\/wp-json\/wp\/v2\/categories?post=72409"},{"taxonomy":"post_tag","embeddable":true,"href":"https:\/\/gazdasagportal.hu\/index.php\/wp-json\/wp\/v2\/tags?post=72409"}],"curies":[{"name":"wp","href":"https:\/\/api.w.org\/{rel}","templated":true}]}}