{"id":72403,"date":"2015-12-23T11:50:01","date_gmt":"2015-12-23T10:50:01","guid":{"rendered":"http:\/\/gazdasagportal.hu\/?p=72403"},"modified":"2015-12-23T11:50:01","modified_gmt":"2015-12-23T10:50:01","slug":"paksi-bovites-a-rothschild-tanulmany-alatamasztja-a-magyar-kormany-allaspontjat","status":"publish","type":"post","link":"https:\/\/gazdasagportal.hu\/index.php\/paksi-bovites-a-rothschild-tanulmany-alatamasztja-a-magyar-kormany-allaspontjat\/","title":{"rendered":"Paksi b\u0151v\u00edt\u00e9s &#8211; A Rothschild-tanulm\u00e1ny al\u00e1t\u00e1masztja a magyar korm\u00e1ny \u00e1ll\u00e1spontj\u00e1t"},"content":{"rendered":"<p><strong>A Rothschild nemzetk\u00f6zi bankh\u00e1z \u00e1ltal k\u00e9sz\u00edtett tanulm\u00e1ny al\u00e1t\u00e1masztja a magyar korm\u00e1ny \u00e1ll\u00e1spontj\u00e1t, a Paks II. beruh\u00e1z\u00e1s megt\u00e9r\u00fcl, megfelel\u0151 mennyis\u00e9g\u0171 villamosenergi\u00e1t lehet el\u0151\u00e1ll\u00edtani, alacsony \u00f6nk\u00f6lts\u00e9g mellett &#8211; mondta Asz\u00f3di Attila, a paksi atomer\u0151m\u0171 teljes\u00edtm\u00e9ny\u00e9nek fenntart\u00e1s\u00e1\u00e9rt felel\u0151s korm\u00e1nybiztos szerd\u00e1n az M1 aktu\u00e1lis csatorn\u00e1n.<\/strong><!--more--><\/p>\n<div class=\"ads-in-post1\"><div id=\"gazdasagportal.hu_fullbanner_wideboard\"><\/div>\r\n<\/div>\n<p>    Hozz\u00e1tette: v\u00e1rhat\u00f3an a piaci \u00e1rak is \u00fagy alakulnak majd, hogy nem lesz sz\u00fcks\u00e9g \u00e1llami t\u00e1mogat\u00e1sra az er\u0151m\u0171t\u00e1rsas\u00e1gok m\u0171k\u00f6d\u00e9s\u00e9hez.<br \/>\n    Asz\u00f3di Attila az idei \u00e9v eredm\u00e9nyei k\u00f6z\u00f6tt eml\u00edtette az er\u0151m\u0171 k\u00f6r\u00fcli telep\u00fcl\u00e9seken folytatott nagy t\u00e1j\u00e9koztat\u00f3 kamp\u00e1nyt, a m\u00e1jusi k\u00f6zmeghallgat\u00e1st Pakson, valamint a nemzetk\u00f6zi k\u00f6zv\u00e9lem\u00e9ny inform\u00e1l\u00e1s\u00e1t a projekt v\u00e1rhat\u00f3 k\u00f6rnyezetv\u00e9delmi hat\u00e1sair\u00f3l. Mindemellett a k\u00f6rnyezetv\u00e9delmi enged\u00e9lyez\u00e9s m\u00e1r az utols\u00f3 szakaszban j\u00e1r, ak\u00e1r n\u00e9h\u00e1ny h\u00e9ten bel\u00fcl megkaphatja a projekt a hozz\u00e1j\u00e1rul\u00e1st &#8211; mondta.<br \/>\n    A korm\u00e1nybiztos megism\u00e9telte, hogy az er\u0151m\u0171h\u00f6z kapcsol\u00f3d\u00f3 br\u00fcsszeli \u00f6t elj\u00e1r\u00e1sb\u00f3l h\u00e1rom eset\u00e9ben Magyarorsz\u00e1g megszerezte a j\u00f3v\u00e1hagy\u00e1st. A bizotts\u00e1g elfogadta a projektet energiapolitikai, ell\u00e1t\u00e1sbiztons\u00e1gi \u00e9s kl\u00edmav\u00e9delmi szempontb\u00f3l, az Eur\u00f3pai Bizotts\u00e1g alatt m\u0171k\u00f6d\u0151 uni\u00f3s szerv, az Euratom Ell\u00e1t\u00e1si \u00dcgyn\u00f6ks\u00e9g pedig al\u00e1\u00edrta az \u00fczemanyag-ell\u00e1t\u00e1si szerz\u0151d\u00e9st.<br \/>\n    Kiemelte, hogy a keretrendszer adott, meg kell m\u00e9g besz\u00e9lni egyebek mellett a versenyjogi k\u00e9rd\u00e9seket, a beszerz\u00e9si \u00fcgyeket. A korm\u00e1nybiztos \u00fagy v\u00e9lte, hogy a 2016-os \u00e9v elegend\u0151 lesz arra, hogy a bizotts\u00e1ggal is lerendezz\u00e9k a k\u00e9rd\u00e9seket \u00e9s rem\u00e9lhet\u0151leg a telephelyenged\u00e9ly is rendelkez\u00e9sre \u00e1ll majd.<br \/>\n    A k\u00f6rnyezetv\u00e9delmi enged\u00e9lyez\u00e9s felf\u00fcggeszt\u00e9s\u00e9re ind\u00edtott Greenpeace-k\u00e9relemre \u00fagy reag\u00e1lt: a k\u00f6rnyezeti hat\u00e1stanulm\u00e1nyban minden a t\u00f6rv\u00e9ny \u00e1ltal el\u0151\u00edrt inform\u00e1ci\u00f3 szerepel, a lakoss\u00e1gi konzult\u00e1ci\u00f3, illetve a nemzetk\u00f6zi k\u00f6zmeghallgat\u00e1s sor\u00e1n minden felmer\u00fclt k\u00e9rd\u00e9sre v\u00e1laszt adtak, tov\u00e1bb\u00e1 minden inform\u00e1ci\u00f3, ami a projektnek ebben a szakasz\u00e1ban sz\u00fcks\u00e9ges, rendelkez\u00e9sre \u00e1ll, ami alapj\u00e1n d\u00f6nt\u00e9st lehet hozni.(MTI)<\/p>\n","protected":false},"excerpt":{"rendered":"<p>A Rothschild nemzetk\u00f6zi bankh\u00e1z \u00e1ltal k\u00e9sz\u00edtett tanulm\u00e1ny al\u00e1t\u00e1masztja a magyar korm\u00e1ny \u00e1ll\u00e1spontj\u00e1t, a Paks II. beruh\u00e1z\u00e1s megt\u00e9r\u00fcl, megfelel\u0151 mennyis\u00e9g\u0171 villamosenergi\u00e1t lehet el\u0151\u00e1ll\u00edtani, alacsony \u00f6nk\u00f6lts\u00e9g mellett &#8211; mondta Asz\u00f3di Attila, a paksi atomer\u0151m\u0171 teljes\u00edtm\u00e9ny\u00e9nek fenntart\u00e1s\u00e1\u00e9rt felel\u0151s korm\u00e1nybiztos szerd\u00e1n az M1 aktu\u00e1lis csatorn\u00e1n.<\/p>\n","protected":false},"author":1,"featured_media":0,"comment_status":"open","ping_status":"closed","sticky":false,"template":"","format":"standard","meta":[],"categories":[19],"tags":[],"_links":{"self":[{"href":"https:\/\/gazdasagportal.hu\/index.php\/wp-json\/wp\/v2\/posts\/72403"}],"collection":[{"href":"https:\/\/gazdasagportal.hu\/index.php\/wp-json\/wp\/v2\/posts"}],"about":[{"href":"https:\/\/gazdasagportal.hu\/index.php\/wp-json\/wp\/v2\/types\/post"}],"author":[{"embeddable":true,"href":"https:\/\/gazdasagportal.hu\/index.php\/wp-json\/wp\/v2\/users\/1"}],"replies":[{"embeddable":true,"href":"https:\/\/gazdasagportal.hu\/index.php\/wp-json\/wp\/v2\/comments?post=72403"}],"version-history":[{"count":1,"href":"https:\/\/gazdasagportal.hu\/index.php\/wp-json\/wp\/v2\/posts\/72403\/revisions"}],"predecessor-version":[{"id":72404,"href":"https:\/\/gazdasagportal.hu\/index.php\/wp-json\/wp\/v2\/posts\/72403\/revisions\/72404"}],"wp:attachment":[{"href":"https:\/\/gazdasagportal.hu\/index.php\/wp-json\/wp\/v2\/media?parent=72403"}],"wp:term":[{"taxonomy":"category","embeddable":true,"href":"https:\/\/gazdasagportal.hu\/index.php\/wp-json\/wp\/v2\/categories?post=72403"},{"taxonomy":"post_tag","embeddable":true,"href":"https:\/\/gazdasagportal.hu\/index.php\/wp-json\/wp\/v2\/tags?post=72403"}],"curies":[{"name":"wp","href":"https:\/\/api.w.org\/{rel}","templated":true}]}}