{"id":72401,"date":"2015-12-23T11:39:55","date_gmt":"2015-12-23T10:39:55","guid":{"rendered":"http:\/\/gazdasagportal.hu\/?p=72401"},"modified":"2015-12-23T11:39:55","modified_gmt":"2015-12-23T10:39:55","slug":"a-sztrajkfenyegetes-hatasara-megegyezett-a-beremelesrol-az-izraeli-kormany-a-szakszervezettel","status":"publish","type":"post","link":"https:\/\/gazdasagportal.hu\/index.php\/a-sztrajkfenyegetes-hatasara-megegyezett-a-beremelesrol-az-izraeli-kormany-a-szakszervezettel\/","title":{"rendered":"A sztr\u00e1jkfenyeget\u00e9s hat\u00e1s\u00e1ra megegyezett a b\u00e9remel\u00e9sr\u0151l az izraeli korm\u00e1ny a szakszervezettel"},"content":{"rendered":"<p><strong>Meg\u00e1llapodott a b\u00e9remel\u00e9sr\u0151l az izraeli p\u00e9nz\u00fcgyminiszt\u00e9rium \u00e9s a legnagyobb izraeli szakszervezeti sz\u00f6vets\u00e9g (Histadrut), \u00edgy az utols\u00f3 pillanatban, megkezd\u00e9se el\u0151tt h\u00e1rom \u00f3r\u00e1val lef\u00fajt\u00e1k az \u00e1ltal\u00e1nos \u00e9s hat\u00e1rozatlan idej\u0171 sztr\u00e1jkot.<\/strong><!--more--><\/p>\n<div class=\"ads-in-post1\"><div id=\"gazdasagportal.hu_fullbanner_wideboard\"><\/div>\r\n<\/div>\n<p>    T\u00f6bb mint tizenk\u00e9t \u00f3r\u00e1n \u00e1t, szerda reggelig t\u00e1rgyaltak a felek, m\u00edg v\u00e9g\u00fcl abban egyeztek meg, hogy a k\u00f6vetkez\u0151 h\u00e1rom \u00e9s f\u00e9l \u00e9vre elny\u00fajtva \u00e1tlagosan 7,5 sz\u00e1zal\u00e9kos b\u00e9remel\u00e9sben r\u00e9szes\u00fcl a k\u00f6zszf\u00e9ra 450 ezer dolgoz\u00f3ja, ami h\u00e9t \u00e9s f\u00e9l milli\u00e1rd s\u00e9kelbe (mintegy \u00f6tsz\u00e1zmilli\u00e1rd forintba) ker\u00fcl majd az \u00e1llamkassz\u00e1nak.<br \/>\n    B\u00e9remel\u00e9si k\u00f6vetel\u00e9s\u00e9nek al\u00e1t\u00e1maszt\u00e1s\u00e1ra az izraeli szakszervezet szerd\u00e1t\u00f3l \u00e1ltal\u00e1nos orsz\u00e1gos sztr\u00e1jkot hirdetett, amelyben r\u00e9szt vettek volna az \u00e1llami hivatalok, a helyhat\u00f3s\u00e1gi int\u00e9zm\u00e9nyek, az \u00f3vod\u00e1k dolgoz\u00f3i, az \u00e1ltal\u00e1nos \u00e9s k\u00f6z\u00e9piskol\u00e1k tan\u00e1rai, az egyetemek egy r\u00e9sze, a l\u00e9gi alkalmazottak \u00e9s a k\u00f6zleked\u00e9si dolgoz\u00f3k is, \u00edgy gyakorlatilag teljesen megb\u00e9nult volna az orsz\u00e1g.<br \/>\n    A dolgoz\u00f3k k\u00e9pvisel\u0151i eredetileg tizenegy sz\u00e1zal\u00e9kos n\u00f6vel\u00e9st k\u00e9rtek, a p\u00e9nz\u00fcgyi t\u00e1rca pedig differenci\u00e1ltan elosztott h\u00e1rom-h\u00e9t sz\u00e1zal\u00e9kr\u00f3l indult a t\u00e1rgyal\u00e1sokon. A korm\u00e1ny a differenci\u00e1l\u00e1ssal a t\u00e1rsadalmi k\u00fcl\u00f6nbs\u00e9gek, a kisebb \u00e9s a nagyobb fizet\u00e9s\u0171ek k\u00f6z\u00f6tti k\u00fcl\u00f6nbs\u00e9gek cs\u00f6kkent\u00e9s\u00e9t c\u00e9lozta meg.<br \/>\n    A meg\u00e1llapod\u00e1s alapj\u00e1n Izrael t\u00f6rt\u00e9net\u00e9ben el\u0151sz\u00f6r nem egys\u00e9gesen, hanem fizet\u00e9s\u00fck ar\u00e1ny\u00e1ban elt\u00e9r\u0151 m\u00f3don kapnak b\u00e9remel\u00e9st a dolgoz\u00f3k. Ez azt jelenti, hogy a helyi \u00e1tlagfizet\u00e9snek dupl\u00e1j\u00e1t keres\u0151, monopolhelyzetben l\u00e9v\u0151 \u00e1gazatok munkav\u00e1llal\u00f3i, p\u00e9ld\u00e1ul a kik\u00f6t\u0151i dolgoz\u00f3k \u00e9s az \u00e1ramszolg\u00e1ltat\u00f3 v\u00e1llalat alkalmazottai kisebb m\u00e9rt\u00e9kben r\u00e9szes\u00fclnek a fizet\u00e9semel\u00e9sb\u0151l mint az eleve csek\u00e9lyebb kereset\u0171 k\u00f6zalkalmazottak, k\u00f6zt\u00fck a pedag\u00f3gusok \u00e9s az \u00e1llami hivatalok dolgoz\u00f3i, akik ez\u00fattal nagyobb ar\u00e1ny\u00fa emel\u00e9snek \u00f6r\u00fclhetnek.<br \/>\n    Az alacsony fizet\u00e9s\u0171 k\u00f6zalkalmazottak a b\u00e9remel\u00e9sen k\u00edv\u00fcl egyszeri rendk\u00edv\u00fcli juttat\u00e1st is kapnak: a k\u00e9tezer s\u00e9keles (mintegy 135 ezer forintos) b\u00e9ren k\u00edv\u00fcli juttat\u00e1st k\u00e9t r\u00e9szletben vehetik fel, egyik fel\u00e9t a j\u00f6v\u0151 h\u00f3napban, a m\u00e1sikat pedig 2017 janu\u00e1rj\u00e1ban.<br \/>\n    A meg\u00e1llapod\u00e1s v\u00e9gleges, \u00edrott form\u00e1ja t\u00edz napon bel\u00fcl k\u00e9sz\u00fcl el.<br \/>\n    Legut\u00f3bb 2010 november\u00e9ben volt \u00e1ltal\u00e1nos b\u00e9remel\u00e9s Izraelben, amikor h\u00e1rom \u00e9s f\u00e9l \u00e9ves id\u0151szakra elny\u00fajtva egys\u00e9gesen 6,25 sz\u00e1zal\u00e9kot emeltek mindenkinek, \u00e9s szint\u00e9n egyszeri, k\u00e9tezer s\u00e9keles juttat\u00e1st kaptak a k\u00f6zalkalmazottak.(MTI)<\/p>\n","protected":false},"excerpt":{"rendered":"<p>Meg\u00e1llapodott a b\u00e9remel\u00e9sr\u0151l az izraeli p\u00e9nz\u00fcgyminiszt\u00e9rium \u00e9s a legnagyobb izraeli szakszervezeti sz\u00f6vets\u00e9g (Histadrut), \u00edgy az utols\u00f3 pillanatban, megkezd\u00e9se el\u0151tt h\u00e1rom \u00f3r\u00e1val lef\u00fajt\u00e1k az \u00e1ltal\u00e1nos \u00e9s hat\u00e1rozatlan idej\u0171 sztr\u00e1jkot.<\/p>\n","protected":false},"author":1,"featured_media":0,"comment_status":"open","ping_status":"closed","sticky":false,"template":"","format":"standard","meta":[],"categories":[16],"tags":[],"_links":{"self":[{"href":"https:\/\/gazdasagportal.hu\/index.php\/wp-json\/wp\/v2\/posts\/72401"}],"collection":[{"href":"https:\/\/gazdasagportal.hu\/index.php\/wp-json\/wp\/v2\/posts"}],"about":[{"href":"https:\/\/gazdasagportal.hu\/index.php\/wp-json\/wp\/v2\/types\/post"}],"author":[{"embeddable":true,"href":"https:\/\/gazdasagportal.hu\/index.php\/wp-json\/wp\/v2\/users\/1"}],"replies":[{"embeddable":true,"href":"https:\/\/gazdasagportal.hu\/index.php\/wp-json\/wp\/v2\/comments?post=72401"}],"version-history":[{"count":1,"href":"https:\/\/gazdasagportal.hu\/index.php\/wp-json\/wp\/v2\/posts\/72401\/revisions"}],"predecessor-version":[{"id":72402,"href":"https:\/\/gazdasagportal.hu\/index.php\/wp-json\/wp\/v2\/posts\/72401\/revisions\/72402"}],"wp:attachment":[{"href":"https:\/\/gazdasagportal.hu\/index.php\/wp-json\/wp\/v2\/media?parent=72401"}],"wp:term":[{"taxonomy":"category","embeddable":true,"href":"https:\/\/gazdasagportal.hu\/index.php\/wp-json\/wp\/v2\/categories?post=72401"},{"taxonomy":"post_tag","embeddable":true,"href":"https:\/\/gazdasagportal.hu\/index.php\/wp-json\/wp\/v2\/tags?post=72401"}],"curies":[{"name":"wp","href":"https:\/\/api.w.org\/{rel}","templated":true}]}}