{"id":72333,"date":"2015-12-22T07:30:18","date_gmt":"2015-12-22T06:30:18","guid":{"rendered":"http:\/\/gazdasagportal.hu\/?p=72333"},"modified":"2015-12-22T07:30:18","modified_gmt":"2015-12-22T06:30:18","slug":"az-iraki-kormanyfo-tobb-amerikai-legicsapast-akar-de-elutasit-minden-kulfoldi-szarazfoldi-csapatot","status":"publish","type":"post","link":"https:\/\/gazdasagportal.hu\/index.php\/az-iraki-kormanyfo-tobb-amerikai-legicsapast-akar-de-elutasit-minden-kulfoldi-szarazfoldi-csapatot\/","title":{"rendered":"Az iraki korm\u00e1nyf\u0151 t\u00f6bb amerikai l\u00e9gicsap\u00e1st akar, de elutas\u00edt minden k\u00fclf\u00f6ldi sz\u00e1razf\u00f6ldi csapatot"},"content":{"rendered":"<p><strong>Haider al-Ab\u00e1di iraki korm\u00e1nyf\u0151 szeretn\u00e9, ha az Egyes\u00fclt \u00c1llamok t\u00f6bb l\u00e9gicsap\u00e1ssal, fegyverrel \u00e9s h\u00edrszerz\u00e9si adattal seg\u00edten\u00e9 Irakot az Iszl\u00e1m \u00c1llam nev\u0171 terrorszervezet elleni harcban, de ellenzi k\u00fclf\u00f6ldi sz\u00e1razf\u00f6ldi er\u0151 &#8211; k\u00f6zt\u00fck amerikai &#8211; bevet\u00e9s\u00e9t, mert ez region\u00e1lis h\u00e1bor\u00faba sodorhatn\u00e1 Irakot. Az iraki korm\u00e1nyf\u0151 az amerikai k\u00f6zszolg\u00e1lati r\u00e1di\u00f3, az NPR munkat\u00e1rs\u00e1nak Bagdadb\u00f3l adott, h\u00e9tf\u0151n elhangzott interj\u00faj\u00e1ban besz\u00e9lt err\u0151l.<\/strong><!--more--><\/p>\n<div class=\"ads-in-post1\"><div id=\"gazdasagportal.hu_fullbanner_wideboard\"><\/div>\r\n<\/div>\n<p>      Az iraki vezet\u0151 arra \u00f6szt\u00f6k\u00e9lte az Egyes\u00fclt \u00c1llamokat \u00e9s koal\u00edci\u00f3s partnereit, hogy ford\u00edtsanak nagyobb figyelmet az iraki-sz\u00edr hat\u00e1rra, mert szerinte az Iszl\u00e1m \u00c1llam dzsihadist\u00e1i onnan k\u00f6nny\u0171szerrel k\u00e9pesek Irak ter\u00fclet\u00e9re l\u00e9pni. Abadi \u00f6r\u00f6mmel \u00fcdv\u00f6z\u00f6lte az amerikaiak \u00e9s sz\u00f6vets\u00e9geseik seg\u00edts\u00e9g\u00e9t, ugyanakkor r\u00e9szletezte, hogy mi az, amit akar t\u0151l\u00fck, \u00e9s mi az, amit nem a terrorszervezet elleni k\u00fczdelemben. Az Iszl\u00e1m \u00c1llamot annak arab nyelv\u0171 r\u00f6vid\u00edt\u00e9s\u00e9vel Daesh-k\u00e9nt emlegette.<br \/>\n    &#8222;K\u00e9pesek vagyunk megsemmis\u00edteni a Daesh-t, van hozz\u00e1 elegend\u0151 sz\u00e1razf\u00f6ldi csapatunk, \u00e1m sz\u00fcks\u00e9g\u00fcnk van megfelel\u0151 h\u00edrszerz\u00e9si adatokra \u00e9s l\u00e9gicsap\u00e1sokra&#8221; &#8211; fogalmazott az iraki korm\u00e1nyf\u0151.<br \/>\n    Az Egyes\u00fclt \u00c1llamokban nem egy politikus \u00fagy gondolja, hogy az iraki hadsereg gy\u00f6ng\u00e9n teljes\u00edt az Iszl\u00e1m \u00c1llam elleni harcban, \u00e9s Bagdadnak tov\u00e1bbi seg\u00edts\u00e9gre lenne sz\u00fcks\u00e9ge, ak\u00e1r nyugati, ak\u00e1r arab orsz\u00e1gokb\u00f3l \u00e9rkez\u0151 sz\u00e1razf\u00f6ldi er\u0151kkel.<br \/>\n    &#8222;Nincs erre sz\u00fcks\u00e9g\u00fcnk&#8221; &#8211; sz\u00f6gezte le al-Ab\u00e1di.<br \/>\n    Az Egyes\u00fclt \u00c1llamok 2014 nyara \u00f3ta mintegy kilencezer l\u00e9gicsap\u00e1st hajtott v\u00e9gre az Iszl\u00e1m \u00c1llam had\u00e1ll\u00e1sai ellen iraki \u00e9s sz\u00edriai ter\u00fcleten. Irakban h\u00e1romezer \u00f6tsz\u00e1z amerikai katona \u00e1llom\u00e1sozik, akik vagy a l\u00e9gicsap\u00e1sok ir\u00e1ny\u00edt\u00e1s\u00e1ban, illetve v\u00e9grehajt\u00e1s\u00e1ban, vagy az iraki hadsereg kik\u00e9pz\u00e9s\u00e9ben vesznek r\u00e9szt.(MTI)<\/p>\n","protected":false},"excerpt":{"rendered":"<p>Haider al-Ab\u00e1di iraki korm\u00e1nyf\u0151 szeretn\u00e9, ha az Egyes\u00fclt \u00c1llamok t\u00f6bb l\u00e9gicsap\u00e1ssal, fegyverrel \u00e9s h\u00edrszerz\u00e9si adattal seg\u00edten\u00e9 Irakot az Iszl\u00e1m \u00c1llam nev\u0171 terrorszervezet elleni harcban, de ellenzi k\u00fclf\u00f6ldi sz\u00e1razf\u00f6ldi er\u0151 &#8211; k\u00f6zt\u00fck amerikai &#8211; bevet\u00e9s\u00e9t, mert ez region\u00e1lis h\u00e1bor\u00faba sodorhatn\u00e1 Irakot. Az iraki korm\u00e1nyf\u0151 az amerikai k\u00f6zszolg\u00e1lati r\u00e1di\u00f3, az NPR munkat\u00e1rs\u00e1nak Bagdadb\u00f3l adott, h\u00e9tf\u0151n elhangzott interj\u00faj\u00e1ban &#8230;<\/p>\n","protected":false},"author":1,"featured_media":0,"comment_status":"open","ping_status":"closed","sticky":false,"template":"","format":"standard","meta":[],"categories":[16],"tags":[],"_links":{"self":[{"href":"https:\/\/gazdasagportal.hu\/index.php\/wp-json\/wp\/v2\/posts\/72333"}],"collection":[{"href":"https:\/\/gazdasagportal.hu\/index.php\/wp-json\/wp\/v2\/posts"}],"about":[{"href":"https:\/\/gazdasagportal.hu\/index.php\/wp-json\/wp\/v2\/types\/post"}],"author":[{"embeddable":true,"href":"https:\/\/gazdasagportal.hu\/index.php\/wp-json\/wp\/v2\/users\/1"}],"replies":[{"embeddable":true,"href":"https:\/\/gazdasagportal.hu\/index.php\/wp-json\/wp\/v2\/comments?post=72333"}],"version-history":[{"count":1,"href":"https:\/\/gazdasagportal.hu\/index.php\/wp-json\/wp\/v2\/posts\/72333\/revisions"}],"predecessor-version":[{"id":72334,"href":"https:\/\/gazdasagportal.hu\/index.php\/wp-json\/wp\/v2\/posts\/72333\/revisions\/72334"}],"wp:attachment":[{"href":"https:\/\/gazdasagportal.hu\/index.php\/wp-json\/wp\/v2\/media?parent=72333"}],"wp:term":[{"taxonomy":"category","embeddable":true,"href":"https:\/\/gazdasagportal.hu\/index.php\/wp-json\/wp\/v2\/categories?post=72333"},{"taxonomy":"post_tag","embeddable":true,"href":"https:\/\/gazdasagportal.hu\/index.php\/wp-json\/wp\/v2\/tags?post=72333"}],"curies":[{"name":"wp","href":"https:\/\/api.w.org\/{rel}","templated":true}]}}