{"id":72280,"date":"2015-12-20T14:37:03","date_gmt":"2015-12-20T13:37:03","guid":{"rendered":"http:\/\/gazdasagportal.hu\/?p=72280"},"modified":"2015-12-20T14:37:13","modified_gmt":"2015-12-20T13:37:13","slug":"iszlam-allam-ha-az-iszlam-allam-vereseget-szenved-sok-mas-dzsihadista-csoport-lepne-a-helyebe","status":"publish","type":"post","link":"https:\/\/gazdasagportal.hu\/index.php\/iszlam-allam-ha-az-iszlam-allam-vereseget-szenved-sok-mas-dzsihadista-csoport-lepne-a-helyebe\/","title":{"rendered":"Kutat\u00e1s &#8211; Ha az Iszl\u00e1m \u00c1llam veres\u00e9get szenved, sok m\u00e1s dzsihadista csoport l\u00e9pne a hely\u00e9be"},"content":{"rendered":"<p><strong>Tony Blair volt brit minisztereln\u00f6k kutat\u00f3int\u00e9zete szerint csak Sz\u00edri\u00e1ban legal\u00e1bb tizen\u00f6t olyan dzsihadista csoport m\u0171k\u00f6dik, amely az Iszl\u00e1m \u00c1llam nev\u0171 terrorszervezet veres\u00e9ge eset\u00e9n k\u00e9sz lenne kit\u00f6lteni a h\u00e1trahagyott \u0171rt.<\/strong><!--more--><\/p>\n<div class=\"ads-in-post1\"><div id=\"gazdasagportal.hu_fullbanner_wideboard\"><\/div>\r\n<\/div>\n<p>    Az egykori munk\u00e1sp\u00e1rti brit korm\u00e1nyf\u0151 \u00e1ltal m\u0171k\u00f6dtetett alap\u00edtv\u00e1ny Centre on Religion and Geopolitics (CRG) nev\u0171 politikai-strat\u00e9giai kutat\u00f3m\u0171hely\u00e9nek h\u00e9tf\u0151n megjelen\u0151, r\u00e9szleteiben a brit sajt\u00f3 \u00e1ltal m\u00e1r vas\u00e1rnap ismertetett tanulm\u00e1nya szerint ezeknek a csoportoknak t\u00f6bb mint 65 ezer fegyveres tagja van, c\u00e9lkit\u0171z\u00e9seik pedig ugyanazok, mint az Iszl\u00e1m \u00c1llam\u00e9i, vagyis hat\u00e1rokon \u00e1tny\u00fal\u00f3 iszl\u00e1m \u00e1llamszervezetet akarnak l\u00e9trehozni, \u00e9s terrorcselekm\u00e9nyeket terveznek a nyugati vil\u00e1gban.<br \/>\n    Az elemz\u00e9s szerint a nyugati koal\u00edci\u00f3 \u00e1ltal az Iszl\u00e1m \u00c1llam sz\u00edriai \u00e1ll\u00e1sai ellen folytatott hadm\u0171veleteket &#8222;strat\u00e9giai l\u00e9pt\u00e9k\u0171 kudarc&#8221; fenyegeti, ha a sz\u00f6vets\u00e9gesek nem vesznek tudom\u00e1st a t\u00f6bbi dzsihadista csoportr\u00f3l, amelyek hasznot h\u00fazhatnak az Iszl\u00e1m \u00c1llam veres\u00e9g\u00e9b\u0151l. Az int\u00e9zet szak\u00e9rt\u0151i szerint a Nyugatra k\u00f6zvetlen vesz\u00e9lyt jelentene, ha ezek a csoportok b\u00fcntetlen\u00fcl tev\u00e9kenykedhetnek tov\u00e1bb.<br \/>\n    A tanulm\u00e1ny szerint az azonos\u00edtott iszlamista csoportok 65 ezer tagja k\u00f6z\u00fcl 48 ezren n\u00e9gy olyan dzsihadista szervez\u0151d\u00e9shez tartoznak, amelyek egyenk\u00e9nt is el\u00e9g nagyok ahhoz, hogy orsz\u00e1gr\u00e9sznyi ter\u00fcleteket tarthassanak ellen\u0151rz\u00e9s\u00fck alatt, \u00e9s megk\u00eds\u00e9relhess\u00e9k egy iszlamista \u00e1llamszervezet ki\u00e9p\u00edt\u00e9s\u00e9t.<br \/>\n    A CRG elemz\u00e9se szerint m\u00e1ris &#8222;rendre probl\u00e9m\u00e1kba \u00fctk\u00f6znek&#8221; azok a nyugati k\u00eds\u00e9rletek, amelyeknek c\u00e9lja az &#8222;elfogadhat\u00f3, m\u00e9rs\u00e9kelt&#8221; \u00e9s az &#8222;elfogadhatatlan, sz\u00e9ls\u0151s\u00e9ges&#8221; sz\u00edriai ellenz\u00e9ki csoportok megk\u00fcl\u00f6nb\u00f6ztet\u00e9se, mivel szinte &#8222;v\u00e9gtelen sz\u00e1m\u00fa \u00e1tfed\u00e9sek&#8221; mutatkoznak. A kutat\u00f3int\u00e9zet egyik esettanulm\u00e1nya szerint p\u00e9ld\u00e1ul egy csat\u00e1ban, amelyet az id\u00e9n v\u00edvtak ellenz\u00e9ki fegyveres csoportok a korm\u00e1nyer\u0151k ellen Sz\u00edria \u00e9szaknyugati t\u00e9rs\u00e9g\u00e9ben, az egyik sz\u00e9ls\u0151s\u00e9ges dzsihadista csoport tagjai hajtott\u00e1k v\u00e9gre &#8222;rohamosztagosokk\u00e9nt&#8221; a rajt\u00fct\u00e9seket, \u00e9s nekik egy m\u00e1sik, m\u00e9rs\u00e9keltnek tartott, a Nyugat \u00e1ltal felfegyverzett felkel\u0151csoport ny\u00fajtott harct\u00e9ri t\u0171zt\u00e1mogat\u00e1st.<br \/>\n    Ed Husain, a tanulm\u00e1nyt k\u00e9sz\u00edt\u0151 int\u00e9zet strat\u00e9giai igazgat\u00f3ja a The Sunday Times c\u00edm\u0171 tekint\u00e9lyes konzervat\u00edv vas\u00e1rnapi brit lapnak kijelentette: mindez azt jelenti, hogy ha a Nyugat nem \u00e9bred r\u00e1, hogy a dzsihadista ideol\u00f3gia glob\u00e1lis jelens\u00e9g, \u00e9s ha nem fojtja el cs\u00edr\u00e1j\u00e1ban a terjed\u00e9s\u00e9t, akkor \u00fajb\u00f3l \u00e9s \u00fajb\u00f3l ugyanazzal a probl\u00e9m\u00e1val fogja szembetal\u00e1lni mag\u00e1t.(MTI)<\/p>\n","protected":false},"excerpt":{"rendered":"<p>Tony Blair volt brit minisztereln\u00f6k kutat\u00f3int\u00e9zete szerint csak Sz\u00edri\u00e1ban legal\u00e1bb tizen\u00f6t olyan dzsihadista csoport m\u0171k\u00f6dik, amely az Iszl\u00e1m \u00c1llam nev\u0171 terrorszervezet veres\u00e9ge eset\u00e9n k\u00e9sz lenne kit\u00f6lteni a h\u00e1trahagyott \u0171rt.<\/p>\n","protected":false},"author":1,"featured_media":0,"comment_status":"open","ping_status":"closed","sticky":false,"template":"","format":"standard","meta":[],"categories":[16],"tags":[],"_links":{"self":[{"href":"https:\/\/gazdasagportal.hu\/index.php\/wp-json\/wp\/v2\/posts\/72280"}],"collection":[{"href":"https:\/\/gazdasagportal.hu\/index.php\/wp-json\/wp\/v2\/posts"}],"about":[{"href":"https:\/\/gazdasagportal.hu\/index.php\/wp-json\/wp\/v2\/types\/post"}],"author":[{"embeddable":true,"href":"https:\/\/gazdasagportal.hu\/index.php\/wp-json\/wp\/v2\/users\/1"}],"replies":[{"embeddable":true,"href":"https:\/\/gazdasagportal.hu\/index.php\/wp-json\/wp\/v2\/comments?post=72280"}],"version-history":[{"count":2,"href":"https:\/\/gazdasagportal.hu\/index.php\/wp-json\/wp\/v2\/posts\/72280\/revisions"}],"predecessor-version":[{"id":72282,"href":"https:\/\/gazdasagportal.hu\/index.php\/wp-json\/wp\/v2\/posts\/72280\/revisions\/72282"}],"wp:attachment":[{"href":"https:\/\/gazdasagportal.hu\/index.php\/wp-json\/wp\/v2\/media?parent=72280"}],"wp:term":[{"taxonomy":"category","embeddable":true,"href":"https:\/\/gazdasagportal.hu\/index.php\/wp-json\/wp\/v2\/categories?post=72280"},{"taxonomy":"post_tag","embeddable":true,"href":"https:\/\/gazdasagportal.hu\/index.php\/wp-json\/wp\/v2\/tags?post=72280"}],"curies":[{"name":"wp","href":"https:\/\/api.w.org\/{rel}","templated":true}]}}