{"id":72209,"date":"2015-12-18T12:15:18","date_gmt":"2015-12-18T11:15:18","guid":{"rendered":"http:\/\/gazdasagportal.hu\/?p=72209"},"modified":"2015-12-18T12:06:03","modified_gmt":"2015-12-18T11:06:03","slug":"ngm-megallithatatlanul-no-a-kiskereskedelmi-forgalom","status":"publish","type":"post","link":"https:\/\/gazdasagportal.hu\/index.php\/ngm-megallithatatlanul-no-a-kiskereskedelmi-forgalom\/","title":{"rendered":"NGM: meg\u00e1ll\u00edthatatlanul n\u0151 a kiskereskedelmi forgalom"},"content":{"rendered":"<p><strong>Meg\u00e1ll\u00edthatatlanul n\u0151 a kiskereskedelmi forgalom Magyarorsz\u00e1gon, okt\u00f3berben m\u00e1r 29. h\u00f3napja folyamatosan tartott a b\u0151v\u00fcl\u00e9s &#8211; mondta a Nemzetgazdas\u00e1gi Miniszt\u00e9rium (NGM) kiemelt v\u00e1llalati kapcsolatok\u00e9rt felel\u0151s helyettes \u00e1llamtitk\u00e1ra p\u00e9nteken az M1 aktu\u00e1lis csatorn\u00e1n, a kiskereskedelmi forgalom adatait komment\u00e1lva.<\/strong><!--more--><\/p>\n<div class=\"ads-in-post1\"><div id=\"gazdasagportal.hu_fullbanner_wideboard\"><\/div>\r\n<\/div>\n<p>    A K\u00f6zponti Statisztikai Hivatal (KSH) p\u00e9nteken k\u00f6zz\u00e9tett m\u00e1sodik becsl\u00e9se szerint okt\u00f3berben 4,1 sz\u00e1zal\u00e9kkal n\u0151tt a kiskereskedelmi forgalom volumene \u00e9ves \u00f6sszevet\u00e9sben a szeptemberi 5,1 sz\u00e1zal\u00e9kos emelked\u00e9s ut\u00e1n, a napt\u00e1rhat\u00e1st\u00f3l megtiszt\u00edtott adat pedig 4,6 sz\u00e1zal\u00e9kos n\u00f6veked\u00e9st mutat.<br \/>\n        Marczink\u00f3 Zolt\u00e1n Istv\u00e1n kiemelte: a b\u0151v\u00fcl\u00e9s \u00f6sszhangban van a korm\u00e1ny konvergenciaprogramj\u00e1nak el\u0151rejelz\u00e9s\u00e9vel, miszerint 3 sz\u00e1zal\u00e9kkal n\u0151 id\u00e9n a h\u00e1ztart\u00e1sok fogyaszt\u00e1sa. Okt\u00f3berben a kiskereskedelmi \u00f6sszforgalom 826 milli\u00e1rd forint volt, \u00e9s a t\u00e1rca sz\u00e1m\u00edt\u00e1sai szerint november-decemberben tov\u00e1bb fog n\u0151ni a forgalom.<br \/>\n        Kiemelte, hogy visszat\u00e9rt a h\u00e1ztart\u00e1sok v\u00e1s\u00e1rl\u00e1si kedve: egyr\u00e9szt alacsony az infl\u00e1ci\u00f3, ami 0,1 sz\u00e1zal\u00e9k k\u00f6r\u00fcl alakul ebben az \u00e9vben, m\u00e1sr\u00e9szt n\u0151nek a h\u00e1ztart\u00e1sok bev\u00e9telei, n\u0151nek a keresetek, ami \u00f6sszef\u00fcgg a foglalkoztat\u00e1s idei b\u0151v\u00fcl\u00e9s\u00e9vel is.<br \/>\n        A statisztika szerint a kiskereskedelmi forgalom az els\u0151 t\u00edz h\u00f3napban 5,8 sz\u00e1zal\u00e9kkal emelkedett, ezen bel\u00fcl a legmagasabb ar\u00e1nyt a nem \u00e9lelmiszer kiskereskedelemben m\u00e9rt\u00e9k &#8211; ismertette a helyettes \u00e1llamtitk\u00e1r.<br \/>\n        Hozz\u00e1tette: az adatokb\u00f3l meg\u00e1llap\u00edthat\u00f3 az is, hogy a csomagk\u00fcld\u0151 \u00e9s internetes kiskereskedelem volumene 28 sz\u00e1zal\u00e9kkal b\u0151v\u00fclt, ennek oka a fogyaszt\u00f3i szok\u00e1sok \u00e1talakul\u00e1sa, a vev\u0151k egyre ink\u00e1bb el\u0151nyben r\u00e9szes\u00edtik az otthoni v\u00e1s\u00e1rl\u00e1st.<br \/>\n        A nem \u00e9lelmiszer forgalom b\u0151v\u00fcl\u00e9se a lakoss\u00e1gi bizalom n\u00f6veked\u00e9s\u00e9t is jelenti, mert az emberek nem napi fogyaszt\u00e1si cikkekre, hanem a tart\u00f3s fogyaszt\u00e1si cikkekre k\u00f6ltenek &#8211; mondta Marczink\u00f3 Zolt\u00e1n Istv\u00e1n.<br \/>\n    A t\u00e1rca MTI-hez eljuttatott k\u00f6zlem\u00e9ny\u00e9ben azt emelte ki, hogy a kiskereskedelem havi n\u00f6veked\u00e9se is arra utal, hogy a fogyaszt\u00f3k alkalmazkodtak a vas\u00e1rnapi pihen\u0151nap bevezet\u00e9s\u00e9hez, ugyanis mind a h\u00e1rom term\u00e9kf\u0151csoport \u00e9rt\u00e9kes\u00edt\u00e9se n\u0151tt szeptemberhez k\u00e9pest. Ezen bel\u00fcl az \u00e9lelmiszer \u00e9s \u00e9lelmiszerjelleg\u0171 vegyes term\u00e9kek forgalma 0,1 sz\u00e1zal\u00e9kkal, a nem \u00e9lelmiszer term\u00e9kek forgalma 1,3 sz\u00e1zal\u00e9kkal, az \u00fczemanyag-\u00e9rt\u00e9kes\u00edt\u00e9s pedig 0,4 sz\u00e1zal\u00e9kkal emelkedett egy h\u00f3nap alatt.<br \/>\n(MTI)<\/p>\n","protected":false},"excerpt":{"rendered":"<p>Meg\u00e1ll\u00edthatatlanul n\u0151 a kiskereskedelmi forgalom Magyarorsz\u00e1gon, okt\u00f3berben m\u00e1r 29. h\u00f3napja folyamatosan tartott a b\u0151v\u00fcl\u00e9s &#8211; mondta a Nemzetgazdas\u00e1gi Miniszt\u00e9rium (NGM) kiemelt v\u00e1llalati kapcsolatok\u00e9rt felel\u0151s helyettes \u00e1llamtitk\u00e1ra p\u00e9nteken az M1 aktu\u00e1lis csatorn\u00e1n, a kiskereskedelmi forgalom adatait komment\u00e1lva.<\/p>\n","protected":false},"author":1,"featured_media":0,"comment_status":"open","ping_status":"closed","sticky":false,"template":"","format":"standard","meta":[],"categories":[19],"tags":[],"_links":{"self":[{"href":"https:\/\/gazdasagportal.hu\/index.php\/wp-json\/wp\/v2\/posts\/72209"}],"collection":[{"href":"https:\/\/gazdasagportal.hu\/index.php\/wp-json\/wp\/v2\/posts"}],"about":[{"href":"https:\/\/gazdasagportal.hu\/index.php\/wp-json\/wp\/v2\/types\/post"}],"author":[{"embeddable":true,"href":"https:\/\/gazdasagportal.hu\/index.php\/wp-json\/wp\/v2\/users\/1"}],"replies":[{"embeddable":true,"href":"https:\/\/gazdasagportal.hu\/index.php\/wp-json\/wp\/v2\/comments?post=72209"}],"version-history":[{"count":1,"href":"https:\/\/gazdasagportal.hu\/index.php\/wp-json\/wp\/v2\/posts\/72209\/revisions"}],"predecessor-version":[{"id":72210,"href":"https:\/\/gazdasagportal.hu\/index.php\/wp-json\/wp\/v2\/posts\/72209\/revisions\/72210"}],"wp:attachment":[{"href":"https:\/\/gazdasagportal.hu\/index.php\/wp-json\/wp\/v2\/media?parent=72209"}],"wp:term":[{"taxonomy":"category","embeddable":true,"href":"https:\/\/gazdasagportal.hu\/index.php\/wp-json\/wp\/v2\/categories?post=72209"},{"taxonomy":"post_tag","embeddable":true,"href":"https:\/\/gazdasagportal.hu\/index.php\/wp-json\/wp\/v2\/tags?post=72209"}],"curies":[{"name":"wp","href":"https:\/\/api.w.org\/{rel}","templated":true}]}}