{"id":72196,"date":"2015-12-18T08:12:02","date_gmt":"2015-12-18T07:12:02","guid":{"rendered":"http:\/\/gazdasagportal.hu\/?p=72196"},"modified":"2015-12-18T07:20:54","modified_gmt":"2015-12-18T06:20:54","slug":"eu-csucs-tusk-jelentos-elorelepest-sikerult-elerni-a-brit-reformjavaslatok-kerdeseben","status":"publish","type":"post","link":"https:\/\/gazdasagportal.hu\/index.php\/eu-csucs-tusk-jelentos-elorelepest-sikerult-elerni-a-brit-reformjavaslatok-kerdeseben\/","title":{"rendered":"EU-cs\u00facs &#8211; Tusk: jelent\u0151s el\u0151rel\u00e9p\u00e9st siker\u00fclt el\u00e9rni a brit reformjavaslatok k\u00e9rd\u00e9s\u00e9ben"},"content":{"rendered":"<p><strong>Jelent\u0151s el\u0151rel\u00e9p\u00e9st siker\u00fclt el\u00e9rni a brit reformjavaslatok k\u00e9rd\u00e9s\u00e9ben cs\u00fct\u00f6rt\u00f6k\u00f6n, az uni\u00f3s tagorsz\u00e1gok \u00e1llam-, illetve korm\u00e1nyf\u0151ib\u0151l \u00e1ll\u00f3 Eur\u00f3pai Tan\u00e1cs cs\u00facstal\u00e1lkoz\u00f3j\u00e1nak els\u0151 napj\u00e1n &#8211; k\u00f6z\u00f6lte Donald Tusk, az Eur\u00f3pai Tan\u00e1cs eln\u00f6ke a tal\u00e1lkoz\u00f3 ut\u00e1n tartott sajt\u00f3t\u00e1j\u00e9koztat\u00f3j\u00e1n.<\/strong><!--more--><\/p>\n<div class=\"ads-in-post1\"><div id=\"gazdasagportal.hu_fullbanner_wideboard\"><\/div>\r\n<\/div>\n<p>    Az eur\u00f3pai tan\u00e1csi eln\u00f6k arr\u00f3l sz\u00e1molt be a Jean-Claude Juncker eur\u00f3pai bizotts\u00e1gi eln\u00f6kkel k\u00f6z\u00f6sen tartott sajt\u00f3t\u00e1j\u00e9koztat\u00f3j\u00e1n, hogy &#8222;l\u00e9nyegi, konstrukt\u00edv \u00e9s pozit\u00edv&#8221; vit\u00e1t folytatottak a k\u00e9rd\u00e9sr\u0151l, miut\u00e1n David Cameron brit korm\u00e1nyf\u0151 r\u00e9szletesen ismertette korm\u00e1nya \u00e1ll\u00e1spontj\u00e1t.<br \/>\n    &#8222;Bizakod\u00f3bb vagyok, mint a tal\u00e1lkoz\u00f3 el\u0151tt voltam&#8221; &#8211; fogalmazott Tusk.<br \/>\n    Hozz\u00e1tette: &#8222;tiszteletben kell tartanunk, amit Cameron mond, de tiszteletben kell tartanunk m\u00e1s tag\u00e1llamok ig\u00e9nyeit is&#8221;.<br \/>\n    A n\u00e9met kancell\u00e1r sajt\u00f3\u00e9rtekezlet\u00e9n hangs\u00falyozta, a megbesz\u00e9l\u00e9sen vil\u00e1goss\u00e1 tett\u00e9k, hogy minden f\u00e9l azt szeretn\u00e9, ha Nagy-Britannia tagja maradna az Eur\u00f3pai Uni\u00f3nak. Angela Merkel bizakod\u00e1s\u00e1nak adott hangot, mert &#8211; mint mondta &#8211; az akarat nyilv\u00e1nval\u00f3an megvan ahhoz, hogy olyan megegyez\u00e9sre jussanak, amely minden f\u00e9l sz\u00e1m\u00e1ra kiel\u00e9g\u00edt\u0151.<br \/>\n    A Nagy-Britannia esetleges kil\u00e9p\u00e9s\u00e9r\u0151l tartott n\u00e9pszavaz\u00e1ssal kapcsolatos k\u00e9rd\u00e9seket az EU-cs\u00facs cs\u00fct\u00f6rt\u00f6ki munkavacsor\u00e1j\u00e1n vitatt\u00e1k meg az uni\u00f3s vezet\u0151k. A c\u00e9l az volt, hogy siker\u00fclj\u00f6n politikai meg\u00e1llapod\u00e1sra jutni azokban az \u00fcgyekben, amelyek reformj\u00e1r\u00f3l a londoni korm\u00e1ny t\u00e1rgyalni akar az uni\u00f3val.<br \/>\n    Nagy-Britanni\u00e1ban 2017 v\u00e9g\u00e9ig n\u00e9pszavaz\u00e1st tartanak az orsz\u00e1g EU-tags\u00e1g\u00e1r\u00f3l, a brit korm\u00e1ny pedig a referendum el\u0151tt \u00fajra akarja t\u00e1rgyalni az Eur\u00f3pai Uni\u00f3hoz f\u0171z\u0151d\u0151 viszonyrendszer\u00e9t Br\u00fcsszellel, valamint a t\u00f6bbi tag\u00e1llammal, \u00e9s a brit v\u00e1laszt\u00f3k e t\u00e1rgyal\u00e1sok eredm\u00e9nyei alapj\u00e1n d\u00f6nthetn\u00e9nek arr\u00f3l, hogy az EU-n bel\u00fcl, vagy azon k\u00edv\u00fcl akarj\u00e1k-e tudni haz\u00e1jukat.<br \/>\n    David Cameron brit minisztereln\u00f6k egyebek k\u00f6zt azt \u00edrta a korm\u00e1nya reformjavaslatait r\u00e9szletez\u0151 novemberi level\u00e9ben, hogy az Eur\u00f3pai Uni\u00f3n bel\u00fcli szabad munkaer\u0151-\u00e1raml\u00e1st a tag\u00e1llamok gazdas\u00e1gi fejletts\u00e9g\u00e9hez kell k\u00f6tni, nevezetesen, hogy az elmaradottabbak ne \u00e9lvezhess\u00e9k ezt, am\u00edg nem z\u00e1rk\u00f3znak fel el\u00e9gg\u00e9 a fejlett tagokhoz. Cameron level\u00e9ben k\u00f6vetelte, hogy Nagy-Britanni\u00e1ra ne vonatkozzon az EU-integr\u00e1ci\u00f3 mind szorosabbra von\u00e1s\u00e1nak szerz\u0151d\u00e9ses k\u00f6telme, \u00e9s kifejtette, hogy a brit korm\u00e1ny a szoci\u00e1lis ell\u00e1t\u00e1s szigor\u00edt\u00e1s\u00e1val is korl\u00e1tozni akarja az uni\u00f3s bev\u00e1ndorl\u00e1st. Ut\u00f3bbi sz\u00e1m\u00edt a legprobl\u00e9m\u00e1sabb javaslatnak, annak \u00e9rtelm\u00e9ben ugyanis a Nagy-Britanni\u00e1ba m\u00e1s EU-tag\u00e1llamokb\u00f3l \u00e9rkez\u0151 munkav\u00e1llal\u00f3k csak n\u00e9gy\u00e9vi folyamatos, bejelentett munkaviszony ut\u00e1n f\u00e9rhetn\u00e9nek hozz\u00e1 a brit szoci\u00e1lis ell\u00e1t\u00f3rendszer szolg\u00e1ltat\u00e1sainak teljes k\u00f6r\u00e9hez.<br \/>\n    Nagy-Britannia kiv\u00e1l\u00e1sa az Eur\u00f3pai Uni\u00f3b\u00f3l megr\u00e1zn\u00e1 a k\u00f6z\u00f6ss\u00e9get, hiszen az EU m\u00e1sodik legnagyobb gazdas\u00e1ga \u00e9s az egyik legnagyobb hader\u0151vel rendelkez\u0151 tag\u00e1llama t\u00e1vozna.(MTI)<\/p>\n","protected":false},"excerpt":{"rendered":"<p>Jelent\u0151s el\u0151rel\u00e9p\u00e9st siker\u00fclt el\u00e9rni a brit reformjavaslatok k\u00e9rd\u00e9s\u00e9ben cs\u00fct\u00f6rt\u00f6k\u00f6n, az uni\u00f3s tagorsz\u00e1gok \u00e1llam-, illetve korm\u00e1nyf\u0151ib\u0151l \u00e1ll\u00f3 Eur\u00f3pai Tan\u00e1cs cs\u00facstal\u00e1lkoz\u00f3j\u00e1nak els\u0151 napj\u00e1n &#8211; k\u00f6z\u00f6lte Donald Tusk, az Eur\u00f3pai Tan\u00e1cs eln\u00f6ke a tal\u00e1lkoz\u00f3 ut\u00e1n tartott sajt\u00f3t\u00e1j\u00e9koztat\u00f3j\u00e1n.<\/p>\n","protected":false},"author":1,"featured_media":0,"comment_status":"open","ping_status":"closed","sticky":false,"template":"","format":"standard","meta":[],"categories":[12],"tags":[],"_links":{"self":[{"href":"https:\/\/gazdasagportal.hu\/index.php\/wp-json\/wp\/v2\/posts\/72196"}],"collection":[{"href":"https:\/\/gazdasagportal.hu\/index.php\/wp-json\/wp\/v2\/posts"}],"about":[{"href":"https:\/\/gazdasagportal.hu\/index.php\/wp-json\/wp\/v2\/types\/post"}],"author":[{"embeddable":true,"href":"https:\/\/gazdasagportal.hu\/index.php\/wp-json\/wp\/v2\/users\/1"}],"replies":[{"embeddable":true,"href":"https:\/\/gazdasagportal.hu\/index.php\/wp-json\/wp\/v2\/comments?post=72196"}],"version-history":[{"count":1,"href":"https:\/\/gazdasagportal.hu\/index.php\/wp-json\/wp\/v2\/posts\/72196\/revisions"}],"predecessor-version":[{"id":72197,"href":"https:\/\/gazdasagportal.hu\/index.php\/wp-json\/wp\/v2\/posts\/72196\/revisions\/72197"}],"wp:attachment":[{"href":"https:\/\/gazdasagportal.hu\/index.php\/wp-json\/wp\/v2\/media?parent=72196"}],"wp:term":[{"taxonomy":"category","embeddable":true,"href":"https:\/\/gazdasagportal.hu\/index.php\/wp-json\/wp\/v2\/categories?post=72196"},{"taxonomy":"post_tag","embeddable":true,"href":"https:\/\/gazdasagportal.hu\/index.php\/wp-json\/wp\/v2\/tags?post=72196"}],"curies":[{"name":"wp","href":"https:\/\/api.w.org\/{rel}","templated":true}]}}