{"id":72161,"date":"2015-12-17T10:21:27","date_gmt":"2015-12-17T09:21:27","guid":{"rendered":"http:\/\/gazdasagportal.hu\/?p=72161"},"modified":"2015-12-17T10:21:27","modified_gmt":"2015-12-17T09:21:27","slug":"tortenelmi-pillanat-kamatot-emelt-amerika","status":"publish","type":"post","link":"https:\/\/gazdasagportal.hu\/index.php\/tortenelmi-pillanat-kamatot-emelt-amerika\/","title":{"rendered":"T\u00f6rt\u00e9nelmi pillanat, kamatot emelt Amerika!"},"content":{"rendered":"<p><strong>T\u00f6rt\u00e9nelmi pillanathoz \u00e9rkezt\u00fcnk, hiszen az amerikai jegybank szerep\u00e9t bet\u00f6lt\u0151 Fed tegnap este 2006. j\u00fanius 29-e \u00f3ta ism\u00e9t kamatot emelt. A kamatmeghat\u00e1roz\u00f3 \u00fcl\u00e9st k\u00f6vet\u0151en vegyes teljes\u00edtm\u00e9nyt mutattak a r\u00e9szv\u00e9nyindexek &#8211; Kov\u00e1cs B\u00e1lint, Equilor.<\/strong><!--more--><\/p>\n<div class=\"ads-in-post1\"><div id=\"gazdasagportal.hu_fullbanner_wideboard\"><\/div>\r\n<\/div>\n<p>T\u00f6rt\u00e9nelmi pillanathoz \u00e9rkezt\u00fcnk, hiszen <strong>az amerikai jegybank szerep\u00e9t bet\u00f6lt\u0151 Fed tegnap este 2006. j\u00fanius 29-e \u00f3ta ism\u00e9t kamatot emelt<\/strong>. A v\u00e1rakoz\u00e1soknak megfelel\u0151en az ir\u00e1nyad\u00f3 kamatszint 25 b\u00e1zisponttal 0,25-0,5%-ra m\u00f3dosult. A kamatmeghat\u00e1roz\u00f3 \u00fcl\u00e9st k\u00f6vet\u0151en vegyes teljes\u00edtm\u00e9nyt mutattak a r\u00e9szv\u00e9nyindexek, de a sajt\u00f3t\u00e1j\u00e9koztat\u00f3 egy\u00e9rtelm\u0171en jav\u00edtotta a befektet\u0151i hangulatot.<\/p>\n<p><strong>A r\u00e9szv\u00e9nypiaci emelked\u00e9s t\u00f6bb t\u00e9nyez\u0151re vezethet\u0151 vissza<\/strong>. Egyfel\u0151l a v\u00e1rtnak megfelel\u0151 kamatemel\u00e9s azt jelzi, hogy az a<strong>merikai gazdas\u00e1g teljes\u00edtm\u00e9nye javul \u00e9s a jegybank arra sz\u00e1m\u00edt, hogy a n\u00f6veked\u00e9si \u00fctem er\u0151s\u00f6dni fog<\/strong> a k\u00f6vetkez\u0151 id\u0151szakban. Ezt a jegybankeln\u00f6k, Janet Yellen is meger\u0151s\u00edtette, valamint jelezte, hogy a hazai \u00e9s a nemzetk\u00f6zi gazdas\u00e1gi kock\u00e1zatokat megfelel\u0151en tudja kezelni a Fed.<\/p><div id=\"gazda-2085807566\" class=\"gazda-tartalomban gazda-entity-placement\"><script async src=\"https:\/\/pagead2.googlesyndication.com\/pagead\/js\/adsbygoogle.js\"><\/script>\r\n<ins class=\"adsbygoogle\"\r\n     style=\"display:block\"\r\n     data-ad-format=\"fluid\"\r\n     data-ad-layout-key=\"-6t+ed+2i-1n-4w\"\r\n     data-ad-client=\"ca-pub-1959107119989764\"\r\n     data-ad-slot=\"4008251320\"><\/ins>\r\n<script>\r\n     (adsbygoogle = window.adsbygoogle || []).push({});\r\n<\/script><\/div>\n<p>M\u00e1sfel\u0151l a <strong>jegybank\u00e1rok kamatszintekre vonatkoz\u00f3<\/strong>, \u00fagynevezett &#8222;dot-plot\u201d t\u00e1bl\u00e1n alapul\u00f3 v\u00e1rakoz\u00e1sai <strong>k\u00f6z\u00e9pt\u00e1von lefel\u00e9 m\u00f3dosultak<\/strong>, a szeptemberi jelent\u00e9shez k\u00e9pest 2017 \u00e9s 2018 \u00e9v v\u00e9g\u00e9re is alacsonyabb alapkamattal sz\u00e1molnak a Fed-bank\u00e1rok. Ahogy az a jegybanki kommunik\u00e1ci\u00f3ban m\u00e1r t\u00f6bbsz\u00f6r is l\u00e1thattuk, 2016 \u00e9v v\u00e9g\u00e9ig negyed\u00e9vente v\u00e1rhat\u00f3 kamatemel\u00e9s, \u00edgy az ir\u00e1nyad\u00f3 r\u00e1ta j\u00f6v\u0151 \u00e9v v\u00e9g\u00e9ig megk\u00f6zel\u00edtheti az 1,5%-ot.<\/p>\n<p>Harmadr\u00e9szt Yellen kifejtette, hogy <strong>a kamatemel\u00e9si ciklus lass\u00fa \u00fctem\u0171 kamatm\u00f3dos\u00edt\u00e1st hozhat<\/strong>, elker\u00fclve a t\u00falzott emel\u00e9sb\u0151l ered\u0151 negat\u00edv hat\u00e1sokat. A jegybankeln\u00f6k felh\u00edvta a figyelmet arra, hogy <strong>a Fed tov\u00e1bbra is gazdas\u00e1gt\u00e1mogat\u00f3 monet\u00e1ris politik\u00e1t<\/strong> fog folytatni, \u00e9s ha sz\u00fcks\u00e9ges, k\u00e9szek arra, hogy (jegybanki laz\u00edt\u00f3 int\u00e9zked\u00e9sekkel) beavatkozzanak.<\/p>\n<p>Yellen szerint jelent\u0151s javul\u00e1st l\u00e1thattunk a gazdas\u00e1g t\u00f6bb szektor\u00e1ban, de az infl\u00e1ci\u00f3 tov\u00e1bbra is a jegybank k\u00f6z\u00e9pt\u00e1v\u00fa c\u00e9lszintje alatt ingadozik. A jegybankeln\u00f6k \u00fajs\u00e1g\u00edr\u00f3i k\u00e9rd\u00e9sre sem fejtette ki, milyen m\u00f3don v\u00e1rhat\u00f3 a fogyaszt\u00f3i \u00e1rszint drasztikus emelked\u00e9se, de azt k\u00f6z\u00f6lte, hogy 2016-ban m\u00e1r 1,6%-os r\u00e1t\u00e1val sz\u00e1molnak az idei 0,4%-kal szemben. Megjegyezend\u0151, hogy a Fed a szeptemberi el\u0151rejelz\u00e9s\u00e9hez k\u00e9pest 10 b\u00e1zisponttal korrig\u00e1lta le az infl\u00e1ci\u00f3s v\u00e1rakoz\u00e1sukat (1,7%-r\u00f3l 1,6%-ra).<\/p>\n<p>A jegybanki alapkamat emelked\u00e9se az \u00e1llampap\u00edr piacon is \u00e9reztette hat\u00e1s\u00e1t, els\u0151sorban a r\u00f6vid lej\u00e1rat\u00fa hozamszintek ugrottak meg, a 2 \u00e9ves lej\u00e1rat\u00fa \u00e1llampap\u00edr hozama 2010 \u00f3ta el\u0151sz\u00f6r ism\u00e9t 1% fel\u00e9 ker\u00fclt. A doll\u00e1r a r\u00e9szv\u00e9nypiacokhoz hasonl\u00f3an er\u0151s\u00f6d\u00f6tt.<\/p>\n<p>A mostani kamatemel\u00e9s hat\u00e1sa megl\u00e1t\u00e1sunk szerint nem veti vissza a szem\u00e9lyes fogyaszt\u00e1st. Ugyan a jegybanki alapkamathoz k\u00f6thet\u0151 k\u00fcl\u00f6nf\u00e9le hitelkamatok is felfel\u00e9 m\u00f3dosultak, de a lakoss\u00e1g GDP-hez m\u00e9rt elad\u00f3sodotts\u00e1ga k\u00f6zel 20%-kal ker\u00fclt lejjebb a v\u00e1ls\u00e1g idej\u00e9n l\u00e1tott szintekn\u00e9l, \u00edgy j\u00f3val kisebb megterhel\u00e9st jelent a h\u00e1ztart\u00e1soknak a hitelkamatok emelked\u00e9se.<br \/>\n<iframe loading=\"lazy\" width=\"509\" height=\"319\" src=\"http:\/\/gazdasagtv.hu\/iframe.php?id=9867\" style=\"border: none; overflow: hidden\" scrolling=\"no\"><\/iframe><br \/>Forr\u00e1s: <a href=\"http:\/\/gazdasagtv.hu\" style=\"color: #df1100; font-weight: bold; text-decoration: none;\" target=\"_blank\" rel=\"noopener\">Gazdas\u00e1gTV.hu<\/a><\/p>\n<p>&nbsp;<\/p>\n","protected":false},"excerpt":{"rendered":"<p>T\u00f6rt\u00e9nelmi pillanathoz \u00e9rkezt\u00fcnk, hiszen az amerikai jegybank szerep\u00e9t bet\u00f6lt\u0151 Fed tegnap este 2006. j\u00fanius 29-e \u00f3ta ism\u00e9t kamatot emelt. A kamatmeghat\u00e1roz\u00f3 \u00fcl\u00e9st k\u00f6vet\u0151en vegyes teljes\u00edtm\u00e9nyt mutattak a r\u00e9szv\u00e9nyindexek &#8211; Kov\u00e1cs B\u00e1lint, Equilor.<\/p>\n","protected":false},"author":1,"featured_media":37435,"comment_status":"open","ping_status":"closed","sticky":false,"template":"","format":"standard","meta":[],"categories":[146,301,8,246],"tags":[],"_links":{"self":[{"href":"https:\/\/gazdasagportal.hu\/index.php\/wp-json\/wp\/v2\/posts\/72161"}],"collection":[{"href":"https:\/\/gazdasagportal.hu\/index.php\/wp-json\/wp\/v2\/posts"}],"about":[{"href":"https:\/\/gazdasagportal.hu\/index.php\/wp-json\/wp\/v2\/types\/post"}],"author":[{"embeddable":true,"href":"https:\/\/gazdasagportal.hu\/index.php\/wp-json\/wp\/v2\/users\/1"}],"replies":[{"embeddable":true,"href":"https:\/\/gazdasagportal.hu\/index.php\/wp-json\/wp\/v2\/comments?post=72161"}],"version-history":[{"count":1,"href":"https:\/\/gazdasagportal.hu\/index.php\/wp-json\/wp\/v2\/posts\/72161\/revisions"}],"predecessor-version":[{"id":72162,"href":"https:\/\/gazdasagportal.hu\/index.php\/wp-json\/wp\/v2\/posts\/72161\/revisions\/72162"}],"wp:featuredmedia":[{"embeddable":true,"href":"https:\/\/gazdasagportal.hu\/index.php\/wp-json\/wp\/v2\/media\/37435"}],"wp:attachment":[{"href":"https:\/\/gazdasagportal.hu\/index.php\/wp-json\/wp\/v2\/media?parent=72161"}],"wp:term":[{"taxonomy":"category","embeddable":true,"href":"https:\/\/gazdasagportal.hu\/index.php\/wp-json\/wp\/v2\/categories?post=72161"},{"taxonomy":"post_tag","embeddable":true,"href":"https:\/\/gazdasagportal.hu\/index.php\/wp-json\/wp\/v2\/tags?post=72161"}],"curies":[{"name":"wp","href":"https:\/\/api.w.org\/{rel}","templated":true}]}}