{"id":72118,"date":"2015-12-16T15:47:39","date_gmt":"2015-12-16T14:47:39","guid":{"rendered":"http:\/\/gazdasagportal.hu\/?p=72118"},"modified":"2015-12-16T15:18:21","modified_gmt":"2015-12-16T14:18:21","slug":"elinditja-gazkereskedelmi-uzletagat-az-alteo","status":"publish","type":"post","link":"https:\/\/gazdasagportal.hu\/index.php\/elinditja-gazkereskedelmi-uzletagat-az-alteo\/","title":{"rendered":"Elind\u00edtja g\u00e1zkereskedelmi \u00fczlet\u00e1g\u00e1t az Alteo"},"content":{"rendered":"<p><strong>Elind\u00edtja g\u00e1zkereskedelmi \u00fczlet\u00e1g\u00e1t az Alteo Group a k\u00f6vetkez\u0151 g\u00e1z\u00e9v kezdet\u00e9vel, 2016. okt\u00f3ber 1-t\u0151l &#8211; k\u00f6z\u00f6lte a v\u00e1llalatcsoport szerd\u00e1n az MTI-vel.<br \/>\n<\/strong><!--more--><\/p>\n<div class=\"ads-in-post1\"><div id=\"gazdasagportal.hu_fullbanner_wideboard\"><\/div>\r\n<\/div>\n    A v\u00e1llalat minden sz\u00fcks\u00e9ges enged\u00e9llyel rendelkezik, az \u00faj \u00fczleti tev\u00e9kenys\u00e9g megkezd\u00e9s\u00e9t az Alteo igazgat\u00f3s\u00e1ga is j\u00f3v\u00e1hagyta.<br \/>\n    T\u00e1j\u00e9koztat\u00e1suk szerint a g\u00e1zkereskedelem elind\u00edt\u00e1s\u00e1val v\u00e1lik teljess\u00e9 a v\u00e1llalatcsoport energiakereskedelmi portf\u00f3li\u00f3ja, m\u00e9g integr\u00e1ltabb, m\u00e9g teljesebb szolg\u00e1ltatat\u00e1st tudnak ny\u00fajtani \u00fcgyfeleiknek.<br \/>\n    Az Altea a villamosenergia-kereskedelmi \u00fczlet\u00e1g fejleszt\u00e9s\u00e9nek mint\u00e1j\u00e1ra konzervat\u00edv, de hat\u00e1rozott strat\u00e9gia ment\u00e9n ind\u00edtja g\u00e1zkereskedelmi tev\u00e9kenys\u00e9g\u00e9t is &#8211; id\u00e9zi a k\u00f6zlem\u00e9ny ifj. Chik\u00e1n Attil\u00e1t, az Alteo Group vez\u00e9rigazgat\u00f3j\u00e1t.<br \/>\n    Az Alteo Csoport magyar tulajdonban l\u00e9v\u0151 komplex energetikai szolg\u00e1ltat\u00f3, \u00fczleti tev\u00e9kenys\u00e9ge kiterjed a meg\u00fajul\u00f3 \u00e9s hagyom\u00e1nyos er\u0151forr\u00e1sokon alapul\u00f3 energiatermel\u00e9sre, valamint az energia kis- \u00e9s nagykereskedelemre. A 2008-ban alap\u00edtott t\u00e1rsas\u00e1g \u00e1rbev\u00e9tele tavaly 5,9 milli\u00e1rd forint volt.<br \/>\n    Az Alteo r\u00e9szv\u00e9nyei 2010. okt\u00f3bere \u00f3ta forognak a Budapesti \u00c9rt\u00e9kt\u0151zsd\u00e9n, a pap\u00edrokkal a B\u00c9T T-kateg\u00f3ri\u00e1j\u00e1ban kereskednek. Az elm\u00falt egy \u00e9vben a r\u00e9szv\u00e9nyek legmagasabb \u00e1ra 4100 forint, a legalacsonyabb 2800 forint volt.(MTI)<\/p>\n","protected":false},"excerpt":{"rendered":"<p>Elind\u00edtja g\u00e1zkereskedelmi \u00fczlet\u00e1g\u00e1t az Alteo Group a k\u00f6vetkez\u0151 g\u00e1z\u00e9v kezdet\u00e9vel, 2016. okt\u00f3ber 1-t\u0151l &#8211; k\u00f6z\u00f6lte a v\u00e1llalatcsoport szerd\u00e1n az MTI-vel.<\/p>\n","protected":false},"author":1,"featured_media":0,"comment_status":"open","ping_status":"closed","sticky":false,"template":"","format":"standard","meta":[],"categories":[19],"tags":[],"_links":{"self":[{"href":"https:\/\/gazdasagportal.hu\/index.php\/wp-json\/wp\/v2\/posts\/72118"}],"collection":[{"href":"https:\/\/gazdasagportal.hu\/index.php\/wp-json\/wp\/v2\/posts"}],"about":[{"href":"https:\/\/gazdasagportal.hu\/index.php\/wp-json\/wp\/v2\/types\/post"}],"author":[{"embeddable":true,"href":"https:\/\/gazdasagportal.hu\/index.php\/wp-json\/wp\/v2\/users\/1"}],"replies":[{"embeddable":true,"href":"https:\/\/gazdasagportal.hu\/index.php\/wp-json\/wp\/v2\/comments?post=72118"}],"version-history":[{"count":1,"href":"https:\/\/gazdasagportal.hu\/index.php\/wp-json\/wp\/v2\/posts\/72118\/revisions"}],"predecessor-version":[{"id":72119,"href":"https:\/\/gazdasagportal.hu\/index.php\/wp-json\/wp\/v2\/posts\/72118\/revisions\/72119"}],"wp:attachment":[{"href":"https:\/\/gazdasagportal.hu\/index.php\/wp-json\/wp\/v2\/media?parent=72118"}],"wp:term":[{"taxonomy":"category","embeddable":true,"href":"https:\/\/gazdasagportal.hu\/index.php\/wp-json\/wp\/v2\/categories?post=72118"},{"taxonomy":"post_tag","embeddable":true,"href":"https:\/\/gazdasagportal.hu\/index.php\/wp-json\/wp\/v2\/tags?post=72118"}],"curies":[{"name":"wp","href":"https:\/\/api.w.org\/{rel}","templated":true}]}}