{"id":72112,"date":"2015-12-16T14:09:59","date_gmt":"2015-12-16T13:09:59","guid":{"rendered":"http:\/\/gazdasagportal.hu\/?p=72112"},"modified":"2015-12-16T16:15:28","modified_gmt":"2015-12-16T15:15:28","slug":"elfogadta-az-ep-magyarorszagi-helyzetrol-szolo-allasfoglalasi-inditvanyt","status":"publish","type":"post","link":"https:\/\/gazdasagportal.hu\/index.php\/elfogadta-az-ep-magyarorszagi-helyzetrol-szolo-allasfoglalasi-inditvanyt\/","title":{"rendered":"Elfogadta az EP magyarorsz\u00e1gi helyzetr\u0151l sz\u00f3l\u00f3 \u00e1ll\u00e1sfoglal\u00e1si ind\u00edtv\u00e1nyt"},"content":{"rendered":"<p><strong>Elfogadta az Eur\u00f3pai Parlament (EP) plen\u00e1ris \u00fcl\u00e9se szerd\u00e1n a szoci\u00e1ldemokrat\u00e1k, a liber\u00e1lisok, a z\u00f6ldek \u00e9s a radik\u00e1lis baloldal \u00e1ll\u00e1sfoglal\u00e1si javaslat\u00e1t a magyarorsz\u00e1gi helyzetr\u0151l, \u00e1m a v\u00e9gs\u0151 sz\u00f6vegb\u0151l kiker\u00fclt az a szakasz, hogy az EP kezdem\u00e9nyezze a tag\u00e1llamok korm\u00e1nyait t\u00f6m\u00f6r\u00edt\u0151 tan\u00e1csnak sz\u00f3l\u00f3, indokl\u00e1ssal ell\u00e1tott javaslat elk\u00e9sz\u00edt\u00e9s\u00e9t az uni\u00f3s szerz\u0151d\u00e9s hetes cikke szerinti elj\u00e1r\u00e1s megind\u00edt\u00e1s\u00e1ra Magyarorsz\u00e1ggal szemben.<br \/>\n<\/strong><!--more--><\/p>\n<div class=\"ads-in-post1\"><div id=\"gazdasagportal.hu_fullbanner_wideboard\"><\/div>\r\n<\/div>\nAz EP 327 igen \u00e9s 293 ellenszavazat mellett fogadta el azt a hat\u00e1rozatot, amely alapj\u00e1n a parlament ism\u00e9telten felh\u00edvja az Eur\u00f3pai Bizotts\u00e1got, hogy l\u00e9ptesse \u00e9letbe a jog\u00e1llamis\u00e1g meger\u0151s\u00edt\u00e9s\u00e9re szolg\u00e1l\u00f3 uni\u00f3s keretrendszer els\u0151 szakasz\u00e1ban foglaltakat. A hat\u00e1rozat felsz\u00f3l\u00edtotta a bizotts\u00e1got arra is, hogy halad\u00e9ktalanul kezdje meg a magyarorsz\u00e1gi demokr\u00e1cia, jog\u00e1llamis\u00e1g \u00e9s alapvet\u0151 jogok m\u00e9lyrehat\u00f3 vizsg\u00e1lat\u00e1t, ide\u00e9rtve t\u00f6bb int\u00e9zked\u00e9s egy\u00fcttes hat\u00e1s\u00e1t, valamint \u00e9rt\u00e9kelje, hogy rendszerszinten vesz\u00e9lybe ker\u00fclhetnek-e Magyarorsz\u00e1gon az eml\u00edtett \u00e9rt\u00e9kek. \u00a0\u00a0\u00a0\u00a0Az \u00e1ll\u00e1sfoglal\u00e1s b\u00edr\u00e1lja a bizotts\u00e1gnak december 2-\u00e1n, az Eur\u00f3pai Parlament plen\u00e1ris \u00fcl\u00e9s\u00e9n elhangzott \u00e9rt\u00e9kel\u00e9s\u00e9t, amely megk\u00f6zel\u00edt\u00e9s az EP szerint &#8222;els\u0151sorban a jogszab\u00e1lyok margin\u00e1lis, technikai vonatkoz\u00e1saival foglalkozik, figyelmen k\u00edv\u00fcl hagyva a tendenci\u00e1kat, \u00e9s az int\u00e9zked\u00e9seknek a jog\u00e1llamis\u00e1gra \u00e9s az alapvet\u0151 jogokra gyakorolt egy\u00fcttes hat\u00e1s\u00e1t&#8221;. \u00a0\u00a0\u00a0\u00a0A k\u00e9pvisel\u0151k szerint &#8222;nagym\u00e9rt\u00e9kben, rendszerszinten romlott a helyzet a jog\u00e1llamis\u00e1g \u00e9s az alapvet\u0151 jogok&#8221; ter\u00e9n Magyarorsz\u00e1gon. Az \u00e1ll\u00e1sfoglall\u00e1s szerint ez t\u00f6bbek k\u00f6z\u00f6tt a v\u00e9lem\u00e9nynyilv\u00e1n\u00edt\u00e1s szabads\u00e1ga, bele\u00e9rtve a tudom\u00e1nyos \u00e9let szabads\u00e1ga, a migr\u00e1nsok, a mened\u00e9kk\u00e9r\u0151k \u00e9s a menek\u00fcltek emberi jogai, a civil szervezetek tev\u00e9kenys\u00e9g\u00e9nek korl\u00e1toz\u00e1sa \u00e9s akad\u00e1lyoz\u00e1sa, a kisebbs\u00e9gekhez tartoz\u00f3 szem\u00e9lyek &#8211; k\u00f6zt\u00fck a rom\u00e1k, a zsid\u00f3k \u00e9s a leszbikus, meleg, biszexu\u00e1lis \u00e9s transznem\u0171 k\u00f6z\u00f6ss\u00e9g &#8211; jogai, az alkotm\u00e1nyos rendszer m\u0171k\u00f6d\u00e9se, az igazs\u00e1gszolg\u00e1ltat\u00e1s \u00e9s egy\u00e9b int\u00e9zm\u00e9nyek f\u00fcggetlens\u00e9ge ter\u00e9n, valamint &#8222;a korrupci\u00f3ra \u00e9s \u00f6sszef\u00e9rhetetlens\u00e9gre utal\u00f3 sz\u00e1mos aggaszt\u00f3 v\u00e1d tekintet\u00e9ben&#8221; nyilv\u00e1nul meg. \u00a0\u00a0\u00a0\u00a0Az Eur\u00f3pai Parlament hat\u00e1rozat\u00e1ban kifog\u00e1sokat fogalmazott meg az ut\u00f3bbi h\u00f3napokban a szerinte gyorsan meghozott int\u00e9zked\u00e9sekkel kapcsolatban, amelyek a dokumentum szerint rendk\u00edv\u00fcli m\u00f3don megnehez\u00edtett\u00e9k a nemzetk\u00f6zi v\u00e9delemhez val\u00f3 hozz\u00e1f\u00e9r\u00e9st, \u00e9s indokolatlanul kriminaliz\u00e1lt\u00e1k a menek\u00fclteket. \u00a0\u00a0\u00a0\u00a0A parlament aggodalm\u00e1nak ad hangot az \u00fagynevezett non-refoulement elv\u00e9nek magyarorsz\u00e1gi tiszteletben tart\u00e1s\u00e1val kapcsolatban. Ez a nemzetk\u00f6zi jog egyik alapelve, amely szerint senkit sem szabad visszak\u00fcldeni oda, ahol \u00e9lete, testi \u00e9ps\u00e9ge vesz\u00e9lyben van, vagy \u00fcld\u00f6ztet\u00e9s \u00e1ldozat\u00e1v\u00e1 v\u00e1lhat. Az EP-t nyugtalan\u00edtja a mened\u00e9kk\u00e9r\u0151k egyre gyakoribb fogva tart\u00e1sa \u00e9s az &#8222;idegengy\u0171l\u00f6l\u0151 retorika&#8221;, amely &#8211; k\u00fcl\u00f6n\u00f6sen a korm\u00e1ny \u00e1ltal ir\u00e1ny\u00edtott kommunik\u00e1ci\u00f3s kamp\u00e1nyok \u00e9s nemzeti konzult\u00e1ci\u00f3k r\u00e9v\u00e9n &#8211; az EP szerint a migr\u00e1nsokat t\u00e1rsadalmi probl\u00e9m\u00e1khoz vagy biztons\u00e1gi kock\u00e1zatokhoz k\u00f6ti, ez\u00e1ltal m\u00e9g problematikusabb\u00e1 t\u00e9ve beilleszked\u00e9s\u00fcket. Az EP azt szorgalmazza, hogy a korm\u00e1ny t\u00e9rjen vissza a rendes elj\u00e1r\u00e1sokhoz, \u00e9s vonja vissza a t\u00f6meges bev\u00e1ndorl\u00e1s miatt kihirdetett v\u00e1ls\u00e1ghelyzetben hozott rendk\u00edv\u00fcli int\u00e9zked\u00e9seket.<br \/>\nAz Eur\u00f3pai Bizotts\u00e1g fell\u00e9p\u00e9s\u00e9nek hi\u00e1ny\u00e1ban hasonl\u00f3 jelens\u00e9gek m\u00e1s tag\u00e1llamokban is megjelenhetnek &#8211; teszi hozz\u00e1 a parlament \u00e1ll\u00e1sfoglal\u00e1sa.<br \/>\nA Fidesz-KDNP eur\u00f3pai parlamenti k\u00e9pvisel\u0151csoportja k\u00f6zlem\u00e9nyben reag\u00e1lt az Eur\u00f3pai Parlament \u00e1ll\u00e1sfoglal\u00e1s\u00e1ra. \u00dagy v\u00e9lik: a hat\u00e1rozat bossz\u00fa \u00e9s ny\u00edlt t\u00e1mad\u00e1s a k\u00f6telez\u0151 menek\u00fcltkv\u00f3t\u00e1k elutas\u00edt\u00e1sa miatt Magyarorsz\u00e1g ellen.<br \/>\nA k\u00e9pvisel\u0151csoport szerint \u00f6sszehangolt kamp\u00e1ny folyik Magyarorsz\u00e1g ellen: az Eur\u00f3pai Bizotts\u00e1g befogadta azt az eur\u00f3pai polg\u00e1ri kezdem\u00e9nyez\u00e9st, amely megind\u00edtan\u00e1 a hetes cikk szerinti elj\u00e1r\u00e1st, \u00e9s t\u00f6bb \u00fcgyben k\u00f6telezetts\u00e9gszeg\u00e9si elj\u00e1r\u00e1st ind\u00edtott. A politikusok szerint e m\u00f6g\u00f6tt val\u00f3j\u00e1ban Magyarorsz\u00e1g bev\u00e1ndorl\u00e1spolitik\u00e1j\u00e1nak elutas\u00edt\u00e1sa \u00e1ll. A k\u00e9pvisel\u0151csoport k\u00f6zlem\u00e9ny\u00e9ben hangs\u00falyozza, hogy Magyarorsz\u00e1g ennek ellen\u00e9re ellenzi a k\u00f6telez\u0151 kv\u00f3t\u00e1t, mert &#8222;a hat\u00e1lyos uni\u00f3s szerz\u0151d\u00e9sek alapj\u00e1n jogtalan; nem cs\u00f6kkenti, hanem fokozza a bev\u00e1ndorl\u00e1st; \u00e9s vesz\u00e9lyes, hiszen n\u00f6veli a terrorvesz\u00e9lyt, a b\u0171n\u00f6z\u00e9st, illetve vesz\u00e9lyezteti a kultur\u00e1lis identit\u00e1sunkat&#8221;.<br \/>\nUjhelyi Istv\u00e1n MSZP-s politikus k\u00f6zlem\u00e9nyben tudatta: tart\u00f3zkodott, nem t\u00e1mogatta az \u00e1ll\u00e1sfoglal\u00e1st.<br \/>\n&#8222;Semmilyen olyan javaslatot nem tudok t\u00e1mogatni, amely Orb\u00e1n Viktor b\u0171nei miatt eg\u00e9sz Magyarorsz\u00e1got b\u00fcnteti&#8221; &#8211; fogalmazott k\u00f6zlem\u00e9ny\u00e9ben a politikus. V\u00e9lem\u00e9nye szerint m\u00e9lyrehat\u00f3 megold\u00e1s t\u00f6bbek k\u00f6z\u00f6tt az lehet, ha az Eur\u00f3pai Bizotts\u00e1g \u00e9rdemi mechanizmussal veszi elej\u00e9t annak, hogy &#8222;uni\u00f3s forr\u00e1sokb\u00f3l \u00e9p\u00edts\u00e9k tov\u00e1bb az orb\u00e1ni \u00e1llamp\u00e1rt rendszer\u00e9t&#8221;. Ujhelyi kijelentette, hogy nem fog megszavazni olyan javaslatot, amely a hetes cikk alkalmaz\u00e1s\u00e1t szorgalmazza, vagy amely megnyithatja az utat az embereket is \u00e9rdemben s\u00fajt\u00f3 szankci\u00f3k el\u0151tt.<br \/>\nA szint\u00e9n szocialista Szanyi Tibor \u00fagy fogalmazott: a szigor\u00fa vizsg\u00e1latot kezdem\u00e9nyez\u0151 ind\u00edtv\u00e1ny megkapta a sz\u00fcks\u00e9ges t\u00f6bbs\u00e9get, \u00edgy az &#8222;eur\u00f3pai k\u00e1poszta&#8221; nincs m\u00e1r t\u00f6bb\u00e9 a &#8222;magyar kecsk\u00e9re&#8221; b\u00edzva.<br \/>\nNiederm\u00fcller P\u00e9ter, a Demokratikis Koal\u00edci\u00f3 (DK) aleln\u00f6ke arra az \u00e1ll\u00e1spontra helyezkedett, hogy az eur\u00f3pai t\u00f6bbs\u00e9g egyre ink\u00e1bb felismeri, hogy az Orb\u00e1n-korm\u00e1ny nem csak Magyarorsz\u00e1gra, hanem eg\u00e9sz Eur\u00f3p\u00e1ra vesz\u00e9lyt jelent. Hozz\u00e1teszi ugyanakkor, hogy az \u00e1ll\u00e1sfoglal\u00e1s nem Magyarorsz\u00e1g, hanem az Orb\u00e1n-korm\u00e1ny ellen ir\u00e1nyul. A k\u00e9pvisel\u0151 hangs\u00falyozza, hogy t\u00e1mogatja a m\u00e9lyrehat\u00f3 nyomonk\u00f6vet\u00e9si elj\u00e1r\u00e1s\u00e1t \u00e9s szorgalmazza az \u00f6sszes vizsg\u00e1latot Magyarorsz\u00e1gon az uni\u00f3s forr\u00e1sok \u00e1tl\u00e1that\u00f3 \u00e9s megfelel\u0151 felhaszn\u00e1l\u00e1s\u00e1t illet\u0151en.<\/p>\n<p><span id=\"ctl05_lbBody\"><\/span>(MTI)<\/p>\n","protected":false},"excerpt":{"rendered":"<p>Elfogadta az Eur\u00f3pai Parlament (EP) plen\u00e1ris \u00fcl\u00e9se szerd\u00e1n a szoci\u00e1ldemokrat\u00e1k, a liber\u00e1lisok, a z\u00f6ldek \u00e9s a radik\u00e1lis baloldal \u00e1ll\u00e1sfoglal\u00e1si javaslat\u00e1t a magyarorsz\u00e1gi helyzetr\u0151l, \u00e1m a v\u00e9gs\u0151 sz\u00f6vegb\u0151l kiker\u00fclt az a szakasz, hogy az EP kezdem\u00e9nyezze a tag\u00e1llamok korm\u00e1nyait t\u00f6m\u00f6r\u00edt\u0151 tan\u00e1csnak sz\u00f3l\u00f3, indokl\u00e1ssal ell\u00e1tott javaslat elk\u00e9sz\u00edt\u00e9s\u00e9t az uni\u00f3s szerz\u0151d\u00e9s hetes cikke szerinti elj\u00e1r\u00e1s megind\u00edt\u00e1s\u00e1ra Magyarorsz\u00e1ggal szemben.<\/p>\n","protected":false},"author":1,"featured_media":0,"comment_status":"open","ping_status":"closed","sticky":false,"template":"","format":"standard","meta":[],"categories":[4,19,254],"tags":[],"_links":{"self":[{"href":"https:\/\/gazdasagportal.hu\/index.php\/wp-json\/wp\/v2\/posts\/72112"}],"collection":[{"href":"https:\/\/gazdasagportal.hu\/index.php\/wp-json\/wp\/v2\/posts"}],"about":[{"href":"https:\/\/gazdasagportal.hu\/index.php\/wp-json\/wp\/v2\/types\/post"}],"author":[{"embeddable":true,"href":"https:\/\/gazdasagportal.hu\/index.php\/wp-json\/wp\/v2\/users\/1"}],"replies":[{"embeddable":true,"href":"https:\/\/gazdasagportal.hu\/index.php\/wp-json\/wp\/v2\/comments?post=72112"}],"version-history":[{"count":3,"href":"https:\/\/gazdasagportal.hu\/index.php\/wp-json\/wp\/v2\/posts\/72112\/revisions"}],"predecessor-version":[{"id":72123,"href":"https:\/\/gazdasagportal.hu\/index.php\/wp-json\/wp\/v2\/posts\/72112\/revisions\/72123"}],"wp:attachment":[{"href":"https:\/\/gazdasagportal.hu\/index.php\/wp-json\/wp\/v2\/media?parent=72112"}],"wp:term":[{"taxonomy":"category","embeddable":true,"href":"https:\/\/gazdasagportal.hu\/index.php\/wp-json\/wp\/v2\/categories?post=72112"},{"taxonomy":"post_tag","embeddable":true,"href":"https:\/\/gazdasagportal.hu\/index.php\/wp-json\/wp\/v2\/tags?post=72112"}],"curies":[{"name":"wp","href":"https:\/\/api.w.org\/{rel}","templated":true}]}}