{"id":72108,"date":"2015-12-16T12:43:56","date_gmt":"2015-12-16T11:43:56","guid":{"rendered":"http:\/\/gazdasagportal.hu\/?p=72108"},"modified":"2015-12-16T12:43:56","modified_gmt":"2015-12-16T11:43:56","slug":"az-orosz-kormanyfo-az-internet-kiszolgaltatottsagarol-beszelt-kinaban","status":"publish","type":"post","link":"https:\/\/gazdasagportal.hu\/index.php\/az-orosz-kormanyfo-az-internet-kiszolgaltatottsagarol-beszelt-kinaban\/","title":{"rendered":"Az orosz korm\u00e1nyf\u0151 az internet kiszolg\u00e1ltatotts\u00e1g\u00e1r\u00f3l besz\u00e9lt K\u00edn\u00e1ban"},"content":{"rendered":"<p><strong>Az internet kiszolg\u00e1ltatotts\u00e1g\u00e1ra h\u00edvta fel a figyelmet, mik\u00f6zben a vil\u00e1gh\u00e1l\u00f3t a b\u0171n\u00f6z\u0151k \u00e9s a terrorist\u00e1k hat\u00e9kony eszk\u00f6zek\u00e9nt emlegette Dmitrij Medvegyev orosz minisztereln\u00f6k a kelet-k\u00ednai Vucsenben szerd\u00e1n kezd\u0151d\u00f6tt m\u00e1sodik Internet Vil\u00e1gkonferenci\u00e1n.<\/strong><!--more--><\/p>\n<div class=\"ads-in-post1\"><div id=\"gazdasagportal.hu_fullbanner_wideboard\"><\/div>\r\n<\/div>\n<p>    Az internet t\u00e1mad\u00e1sok \u00e9s vissza\u00e9l\u00e9sek szabad terepe, amely a b\u0171n\u00f6z\u0151ket \u00e9s a terrorist\u00e1kat e lehet\u0151s\u00e9gek kihaszn\u00e1l\u00e1s\u00e1ra ind\u00edtja &#8211; fogalmazott a korm\u00e1nyf\u0151, s p\u00e9ldak\u00e9nt utalt a november 13-i p\u00e1rizsi terrorcselekm\u00e9nyekre.<br \/>\n    Medvegyev besz\u00e9lt arr\u00f3l is, hogy a l\u00e9tez\u0151 kifinomult elektronikai rendszerekkel t\u00f6rt\u00e9n\u0151 tot\u00e1lis megfigyel\u00e9s fenyeget\u00e9st \u00e9s vesz\u00e9lyt jelent a k\u00fcl\u00f6nb\u00f6z\u0151 \u00e1llamok szuverenit\u00e1s\u00e1ra, egy\u00fattal bizalmatlans\u00e1got fokoz\u00f3 l\u00e1ncreakci\u00f3kat ind\u00edt el, \u00fagynevezett &#8222;inform\u00e1ci\u00f3s fegyverkez\u00e9si versenyt&#8221; \u00f6szt\u00f6n\u00f6zve.<br \/>\n    \u00dagy v\u00e9lte, a nemzetk\u00f6zi k\u00f6z\u00f6ss\u00e9gnek meg kellene alkotnia az inform\u00e1ci\u00f3s t\u00e9r egyetemes viselked\u00e9si k\u00f3dex\u00e9t. Mint mondta, Oroszorsz\u00e1g \u00e1ll\u00e1spontja szerint ezeknek a szab\u00e1lyoknak olyan elvekre kellene \u00e9p\u00fclni\u00fck, mint az er\u0151 haszn\u00e1lat\u00e1nak elutas\u00edt\u00e1sa, az \u00e1llamok szuverenit\u00e1s\u00e1nak tiszteletben tart\u00e1sa, a bel\u00fcgyekbe val\u00f3 be nem avatkoz\u00e1s, valamint az alapvet\u0151 emberi jogok \u00e9s a szabads\u00e1g betart\u00e1sa.<br \/>\n    Medvegyevet megel\u0151z\u0151en, a konferencia nyit\u00f3el\u0151ad\u00e1s\u00e1ban Hszi Csin-ping k\u00ednai \u00e1llameln\u00f6k-p\u00e1rtf\u0151titk\u00e1r egyebek mellett azt hangoztatta, hogy az internetet m\u00e9lt\u00e1nyos \u00e9s kiegyens\u00falyozott nemzetk\u00f6zi korm\u00e1nyz\u00e1snak kell al\u00e1vetni. A m\u00e1sokra is vonatkoz\u00f3 d\u00f6nt\u00e9seket nem egy sz\u0171k csoportnak kellene meghoznia &#8211; jegyezte meg.<br \/>\n    A k\u00ednai eln\u00f6k a vil\u00e1g orsz\u00e1gait arra h\u00edvta fel, hogy tarts\u00e1k tiszteletben egym\u00e1s &#8222;kiberszuverenit\u00e1s\u00e1t&#8221;, \u00e9s visszautas\u00edtotta b\u00e1rmely orsz\u00e1g &#8222;internet-hegem\u00f3ni\u00e1j\u00e1t&#8221;. \u00dagy v\u00e9lte, a kiberb\u0171n\u00f6z\u00e9s \u00e9s az internetes terrorizmus ellen k\u00f6z\u00f6s er\u0151fesz\u00edt\u00e9seket kell hozni, \u00e9s a szab\u00e1lyok \u00e9s a szabads\u00e1g \u00f6sszhangj\u00e1t az internet keretei k\u00f6z\u00f6tt is meg kell teremteni.<br \/>\n    A kibert\u00e9r nem egy t\u00f6rv\u00e9nyek felett \u00e1ll\u00f3 ter\u00fclet &#8211; mondta Hszi Csin-ping.<br \/>\n    A vucseni konferenci\u00e1n az internet vil\u00e1g\u00e1nak t\u00f6bb ezer k\u00e9pvisel\u0151je, politikusok, v\u00e1llalkoz\u00f3k, tudom\u00e1nyos \u00e9s technol\u00f3giai szakemberei vesznek r\u00e9szt, de a civil szf\u00e9ra is k\u00e9pviselteti mag\u00e1t. R\u00e9sztvev\u0151i egyebek mellett olyan t\u00e9m\u00e1kat vitatnak meg, mint az internet infrastrukt\u00far\u00e1j\u00e1nak alakul\u00e1sa, a digit\u00e1lis gazdas\u00e1gi fejleszt\u00e9s, a glob\u00e1lis internetkorm\u00e1nyz\u00e1s \u00e9s kiberbiztons\u00e1gi k\u00e9rd\u00e9sek.(MTI)<\/p>\n","protected":false},"excerpt":{"rendered":"<p>Az internet kiszolg\u00e1ltatotts\u00e1g\u00e1ra h\u00edvta fel a figyelmet, mik\u00f6zben a vil\u00e1gh\u00e1l\u00f3t a b\u0171n\u00f6z\u0151k \u00e9s a terrorist\u00e1k hat\u00e9kony eszk\u00f6zek\u00e9nt emlegette Dmitrij Medvegyev orosz minisztereln\u00f6k a kelet-k\u00ednai Vucsenben szerd\u00e1n kezd\u0151d\u00f6tt m\u00e1sodik Internet Vil\u00e1gkonferenci\u00e1n.<\/p>\n","protected":false},"author":1,"featured_media":0,"comment_status":"open","ping_status":"closed","sticky":false,"template":"","format":"standard","meta":[],"categories":[246],"tags":[],"_links":{"self":[{"href":"https:\/\/gazdasagportal.hu\/index.php\/wp-json\/wp\/v2\/posts\/72108"}],"collection":[{"href":"https:\/\/gazdasagportal.hu\/index.php\/wp-json\/wp\/v2\/posts"}],"about":[{"href":"https:\/\/gazdasagportal.hu\/index.php\/wp-json\/wp\/v2\/types\/post"}],"author":[{"embeddable":true,"href":"https:\/\/gazdasagportal.hu\/index.php\/wp-json\/wp\/v2\/users\/1"}],"replies":[{"embeddable":true,"href":"https:\/\/gazdasagportal.hu\/index.php\/wp-json\/wp\/v2\/comments?post=72108"}],"version-history":[{"count":1,"href":"https:\/\/gazdasagportal.hu\/index.php\/wp-json\/wp\/v2\/posts\/72108\/revisions"}],"predecessor-version":[{"id":72109,"href":"https:\/\/gazdasagportal.hu\/index.php\/wp-json\/wp\/v2\/posts\/72108\/revisions\/72109"}],"wp:attachment":[{"href":"https:\/\/gazdasagportal.hu\/index.php\/wp-json\/wp\/v2\/media?parent=72108"}],"wp:term":[{"taxonomy":"category","embeddable":true,"href":"https:\/\/gazdasagportal.hu\/index.php\/wp-json\/wp\/v2\/categories?post=72108"},{"taxonomy":"post_tag","embeddable":true,"href":"https:\/\/gazdasagportal.hu\/index.php\/wp-json\/wp\/v2\/tags?post=72108"}],"curies":[{"name":"wp","href":"https:\/\/api.w.org\/{rel}","templated":true}]}}