{"id":72062,"date":"2015-12-15T14:42:37","date_gmt":"2015-12-15T13:42:37","guid":{"rendered":"http:\/\/gazdasagportal.hu\/?p=72062"},"modified":"2015-12-15T14:42:37","modified_gmt":"2015-12-15T13:42:37","slug":"bovult-a-csaladtamogatasi-rendszer","status":"publish","type":"post","link":"https:\/\/gazdasagportal.hu\/index.php\/bovult-a-csaladtamogatasi-rendszer\/","title":{"rendered":"B\u0151v\u00fclt a csal\u00e1dt\u00e1mogat\u00e1si rendszer"},"content":{"rendered":"<p><strong>J\u00f6v\u0151re megemelik a sz\u00fcnidei \u00e9tkeztet\u00e9sre ford\u00edtott \u00f6sszegeket \u00e9s kib\u0151v\u00edtik a gyed extr\u00e1t, 2017-t\u0151l pedig m\u00e1r mini-, csal\u00e1di- \u00e9s munkahelyi b\u00f6lcs\u0151d\u00e9t is v\u00e1laszthatnak a sz\u00fcl\u0151k. A vonatkoz\u00f3 jogszab\u00e1lyok m\u00f3dos\u00edt\u00e1s\u00e1r\u00f3l kedden d\u00f6nt\u00f6tt a parlament.<\/strong><!--more--><\/p>\n<div class=\"ads-in-post1\"><div id=\"gazdasagportal.hu_fullbanner_wideboard\"><\/div>\r\n<\/div>\n<p>    A szoci\u00e1lis, gyermekv\u00e9delmi, csal\u00e1dt\u00e1mogat\u00e1si \u00e9s m\u00e1s kapcsol\u00f3d\u00f3 t\u00f6rv\u00e9nyek m\u00f3dos\u00edt\u00e1s\u00e1t 189 igen szavazattal, 1 nem \u00e9s 7 tart\u00f3zkod\u00e1s mellett fogadt\u00e1k el a k\u00e9pvisel\u0151k.<br \/>\n    E szerint a b\u00f6lcs\u0151d\u00e9k mellett 2017. janu\u00e1r 1-j\u00e9t\u0151l mini-, csal\u00e1di- vagy munkahelyi b\u00f6lcs\u0151d\u00e9t is v\u00e1laszthatnak a sz\u00fcl\u0151k. M\u00edg kor\u00e1bban a t\u00edzezer lakos feletti telep\u00fcl\u00e9seken volt k\u00f6telez\u0151 a b\u00f6lcs\u0151dei ell\u00e1t\u00e1s, a jogszab\u00e1ly-m\u00f3dos\u00edt\u00e1s hat\u00e1lyba l\u00e9p\u00e9se ut\u00e1n minden olyan telep\u00fcl\u00e9sen gondoskodni kell err\u0151l, ahol negyvenn\u00e9l t\u00f6bb h\u00e1rom \u00e9v alatti gyermek \u00e9l, vagy van legal\u00e1bb \u00f6t olyan gyerek, akinek a sz\u00fclei ig\u00e9nylik az ell\u00e1t\u00e1st.<br \/>\n    A H\u00e1z az \u00f6nkorm\u00e1nyzatok k\u00f6telez\u0151 feladatak\u00e9nt \u00edrta el\u0151 &#8211; 2016. janu\u00e1r 1-j\u00e9t\u0151l &#8211; a sz\u00fcnidei \u00e9tkeztet\u00e9st, az erre ford\u00edtott forr\u00e1st pedig megemelte, \u00edgy a j\u00f6v\u0151 \u00e9vi k\u00f6lts\u00e9gvet\u00e9sben 4,5 milli\u00e1rd forintot ir\u00e1nyoztak el\u0151 erre.<br \/>\n    Kib\u0151v\u00edtett\u00e9k a gyed extr\u00e1t, \u00edgy janu\u00e1r elsej\u00e9t\u0151l m\u00e1r nem a gyermek egy\u00e9ves, hanem hat h\u00f3napos kor\u00e1t\u00f3l ig\u00e9nybe vehet\u0151 a t\u00e1mogat\u00e1s. Emellett a j\u00f6v\u0151 \u00e9vt\u0151l egyszerre lehet ig\u00e9nyelni a csecsem\u0151gondoz\u00e1si d\u00edjat \u00e9s a gyedet, teh\u00e1t ezent\u00fal nem kell k\u00fcl\u00f6n-k\u00fcl\u00f6n beny\u00fajtani az erre vonatkoz\u00f3 ig\u00e9nyt.<br \/>\n    A jogszab\u00e1lyban megteremtett\u00e9k annak lehet\u0151s\u00e9g\u00e9t, hogy a tehet\u0151sebb csal\u00e1dok lemondjanak a csal\u00e1di p\u00f3tl\u00e9kr\u00f3l.<br \/>\n    K\u00f6telez\u0151 \u00f6nkorm\u00e1nyzati feladatk\u00e9nt csal\u00e1d- \u00e9s gyermekj\u00f3l\u00e9ti k\u00f6zpontok l\u00e9trehoz\u00e1s\u00e1t hat\u00e1rozt\u00e1k meg.<br \/>\n    A m\u00f3dos\u00edt\u00e1s tartalmazza a pedag\u00f3gus \u00e9letp\u00e1lya kiterjeszt\u00e9s\u00e9t a fels\u0151fok\u00fa v\u00e9gzetts\u00e9g\u0171 b\u00f6lcs\u0151dei kisgyermeknevel\u0151kre \u00e9s a ter\u00fcleti gyermekv\u00e9delmi szakszolg\u00e1latokn\u00e1l dolgoz\u00f3 \u00f6r\u00f6kbefogad\u00e1si tan\u00e1csad\u00f3kra. Ez a fejezet 2016. janu\u00e1r elsej\u00e9t\u0151l hat\u00e1lyos.(MTI)<\/p>\n","protected":false},"excerpt":{"rendered":"<p>J\u00f6v\u0151re megemelik a sz\u00fcnidei \u00e9tkeztet\u00e9sre ford\u00edtott \u00f6sszegeket \u00e9s kib\u0151v\u00edtik a gyed extr\u00e1t, 2017-t\u0151l pedig m\u00e1r mini-, csal\u00e1di- \u00e9s munkahelyi b\u00f6lcs\u0151d\u00e9t is v\u00e1laszthatnak a sz\u00fcl\u0151k. A vonatkoz\u00f3 jogszab\u00e1lyok m\u00f3dos\u00edt\u00e1s\u00e1r\u00f3l kedden d\u00f6nt\u00f6tt a parlament.<\/p>\n","protected":false},"author":1,"featured_media":0,"comment_status":"open","ping_status":"closed","sticky":false,"template":"","format":"standard","meta":[],"categories":[19],"tags":[],"_links":{"self":[{"href":"https:\/\/gazdasagportal.hu\/index.php\/wp-json\/wp\/v2\/posts\/72062"}],"collection":[{"href":"https:\/\/gazdasagportal.hu\/index.php\/wp-json\/wp\/v2\/posts"}],"about":[{"href":"https:\/\/gazdasagportal.hu\/index.php\/wp-json\/wp\/v2\/types\/post"}],"author":[{"embeddable":true,"href":"https:\/\/gazdasagportal.hu\/index.php\/wp-json\/wp\/v2\/users\/1"}],"replies":[{"embeddable":true,"href":"https:\/\/gazdasagportal.hu\/index.php\/wp-json\/wp\/v2\/comments?post=72062"}],"version-history":[{"count":1,"href":"https:\/\/gazdasagportal.hu\/index.php\/wp-json\/wp\/v2\/posts\/72062\/revisions"}],"predecessor-version":[{"id":72063,"href":"https:\/\/gazdasagportal.hu\/index.php\/wp-json\/wp\/v2\/posts\/72062\/revisions\/72063"}],"wp:attachment":[{"href":"https:\/\/gazdasagportal.hu\/index.php\/wp-json\/wp\/v2\/media?parent=72062"}],"wp:term":[{"taxonomy":"category","embeddable":true,"href":"https:\/\/gazdasagportal.hu\/index.php\/wp-json\/wp\/v2\/categories?post=72062"},{"taxonomy":"post_tag","embeddable":true,"href":"https:\/\/gazdasagportal.hu\/index.php\/wp-json\/wp\/v2\/tags?post=72062"}],"curies":[{"name":"wp","href":"https:\/\/api.w.org\/{rel}","templated":true}]}}