{"id":72060,"date":"2015-12-15T14:22:27","date_gmt":"2015-12-15T13:22:27","guid":{"rendered":"http:\/\/gazdasagportal.hu\/?p=72060"},"modified":"2015-12-15T14:27:13","modified_gmt":"2015-12-15T13:27:13","slug":"fidelity-mit-varunk-a-globalis-piacoktol-2016-ban","status":"publish","type":"post","link":"https:\/\/gazdasagportal.hu\/index.php\/fidelity-mit-varunk-a-globalis-piacoktol-2016-ban\/","title":{"rendered":"Fidelity: Mit v\u00e1runk a glob\u00e1lis piacokt\u00f3l 2016-ban?"},"content":{"rendered":"<p><strong>A Fidelity International glob\u00e1lis alapjainak portf\u00f3li\u00f3 menedzserei m\u00e1r a 2016-os \u00e9vre koncentr\u00e1lnak, Dan Roberts, Jeremy Podger \u00e9s Hilary Natoff a glob\u00e1lis befektet\u00e9sekhez adnak tan\u00e1csot, \u00e9s elmondj\u00e1k, mit v\u00e1rnak j\u00f6v\u0151re a glob\u00e1lis piacokon.<\/strong><!--more--><\/p>\n<div class=\"ads-in-post1\"><div id=\"gazdasagportal.hu_fullbanner_wideboard\"><\/div>\r\n<\/div>\n<p><a href=\"https:\/\/gazdasagportal.hu\/wp-content\/uploads\/2014\/07\/fidelity.jpg\"><img decoding=\"async\" loading=\"lazy\" src=\"https:\/\/gazdasagportal.hu\/wp-content\/uploads\/2014\/07\/fidelity-300x162.jpg\" alt=\"fidelity\" width=\"300\" height=\"162\" class=\"alignright size-medium wp-image-39971\" srcset=\"https:\/\/gazdasagportal.hu\/wp-content\/uploads\/2014\/07\/fidelity-300x162.jpg 300w, https:\/\/gazdasagportal.hu\/wp-content\/uploads\/2014\/07\/fidelity-600x324.jpg 600w, https:\/\/gazdasagportal.hu\/wp-content\/uploads\/2014\/07\/fidelity.jpg 604w\" sizes=\"(max-width: 300px) 100vw, 300px\" \/><\/a><strong>DAN ROBERTS, portf\u00f3li\u00f3 menedzser, Fidelity Global Dividend alap:<\/strong><br \/>\nA j\u00f6v\u0151t illet\u0151en f\u0151leg a v\u00e1llalati nyeres\u00e9gess\u00e9g \u00f6sszes\u00edtett szintje aggaszt minket, mely v\u00e9lem\u00e9ny\u00fcnk szerint jelenleg fenntarthatatlanul magas. Emiatt nem csod\u00e1lkozn\u00e1nk, ha j\u00f6vedelemn\u00f6veked\u00e9shez kapcsol\u00f3d\u00f3 v\u00e1rakoz\u00e1soknak az elm\u00falt p\u00e1r \u00e9vben tapasztalt lefel\u00e9 t\u00f6rt\u00e9n\u0151 m\u00f3dos\u00edt\u00e1sa 2016-ban is megism\u00e9tl\u0151dne. Ez azt jelenti, hogy a 12 h\u00f3nappal ezel\u0151tti j\u00f6vedelem-el\u0151rejelz\u00e9seken alapul\u00f3 \u00e9rt\u00e9kel\u00e9seket \u00f3vatosan kell kezeln\u00fcnk, mivel kider\u00fclhet r\u00f3luk, hogy t\u00falzottan optimist\u00e1k.<\/p>\n<p>M\u00edg az \u00f6sszes\u00edtett piaci fundament\u00e1lis adatok \u00e9s \u00e9rt\u00e9kel\u00e9sek aggodalmat kelt\u0151ek, vannak olyan rejtett zugok, amelyekb\u0151l m\u00e9g \u00e9rt\u00e9k nyerhet\u0151 ki \u2013 jelenleg ezekre koncentr\u00e1lunk. Kedvenceink tov\u00e1bbra is azok a v\u00e1llalatok, melyeknek tart\u00f3san fenn\u00e1ll\u00f3 versenyel\u0151ny\u00fcknek (pl. m\u00e1rkaneveiknek, \u00e9rt\u00e9kes\u00edt\u0151i h\u00e1l\u00f3zatuknak vagy a jogi k\u00f6rnyezetnek) k\u00f6sz\u00f6nhet\u0151en az \u00e1tlagosn\u00e1l jobb es\u00e9ly\u00fck van a nyeres\u00e9gszintj\u00fck megtart\u00e1s\u00e1ra vagy n\u00f6vel\u00e9s\u00e9re, \u00e9s hajlamosak is osztal\u00e9kk\u00e9nt kiosztani ezt a profitot. Az ilyen c\u00e9gek tudj\u00e1k a legjobb es\u00e9llyel \u00e1tv\u00e9szelni a gazdas\u00e1gi neh\u00e9zs\u00e9geket, ez\u00e9rt tov\u00e1bbra is \u00fagy gondoljuk, hogy az eg\u00e9szs\u00e9ges m\u00e9rt\u00e9k\u0171, hossz\u00fa t\u00e1v\u00fa hozam igazi z\u00e1loga a megb\u00edzhat\u00f3 j\u00f6vedelemtermel\u0151 k\u00e9pess\u00e9ggel rendelkez\u0151 r\u00e9szv\u00e9nyekre alapozott strat\u00e9gia.<br \/>\n\u00c1gazati szinten \u00fagy l\u00e1tjuk, hogy a nyeres\u00e9gess\u00e9get \u00f6vez\u0151 aggodalmak p\u00e9ld\u00e1ul a nyersanyagok \u00e9s az ipari termel\u00e9s ter\u00fclet\u00e9n a legs\u00falyosabbak, ahol a jelek szerint sz\u00e1mos r\u00e9szv\u00e9ny a potenci\u00e1lj\u00e1n\u00e1l nagyobb m\u00e9rt\u00e9k\u0171 j\u00f6vedelmet termel. Egyes esetekben az osztal\u00e9kfizet\u00e9st vesz\u00e9lyeztet\u0151 kock\u00e1zatok is jelent\u0151sek. De a jelenlegi k\u00f6r\u00fclm\u00e9nyek k\u00f6z\u00f6tt az eg\u00e9szs\u00e9g\u00fcgy \u00e9s a fogyaszt\u00e1si \u00e1gazatok tov\u00e1bbra is vonz\u00f3nak sz\u00e1m\u00edtanak \u2013 az ilyen c\u00e9gek sok k\u00e9szp\u00e9nzt gener\u00e1lnak, m\u00e9rleg\u00fck stabil, hozamuk eg\u00e9szs\u00e9ges (vagyis konkr\u00e9t fedezet \u00e1ll m\u00f6g\u00f6tte). Mivel rendelkez\u00e9s\u00fcnkre \u00e1ll a r\u00e9szv\u00e9nyek glob\u00e1lis spektruma, a v\u00e1logat\u00e1s sor\u00e1n \u00fagy ragaszkodhatunk a legvonz\u00f3bb lehet\u0151s\u00e9gekhez, hogy az \u00e9rt\u00e9kel\u00e9si elveinket is szem el\u0151tt tarthatjuk.<\/p><div id=\"gazda-1929505391\" class=\"gazda-tartalomban gazda-entity-placement\"><script async src=\"https:\/\/pagead2.googlesyndication.com\/pagead\/js\/adsbygoogle.js\"><\/script>\r\n<ins class=\"adsbygoogle\"\r\n     style=\"display:block\"\r\n     data-ad-format=\"fluid\"\r\n     data-ad-layout-key=\"-6t+ed+2i-1n-4w\"\r\n     data-ad-client=\"ca-pub-1959107119989764\"\r\n     data-ad-slot=\"4008251320\"><\/ins>\r\n<script>\r\n     (adsbygoogle = window.adsbygoogle || []).push({});\r\n<\/script><\/div>\n<p><strong>JEREMY PODGER, portf\u00f3li\u00f3 menedzser \u2013, FF World Alap<\/strong><br \/>\nAz elm\u00falt \u00e9vekben el\u0151ny\u00f6snek bizonyult, ha a piacnak azokon a ter\u00fcletein szerezt\u00fcnk kitetts\u00e9get, melyeken pozit\u00edv el\u0151jel\u0171 volt a j\u00f6vedelem n\u00f6veked\u00e9se \u2013 region\u00e1lis szempontb\u00f3l az USA \u00e9s Jap\u00e1n, az \u00e1gazatokat tekintve pedig a luxuscikkek, a technol\u00f3giai \u00e9s az eg\u00e9szs\u00e9g\u00fcgyi v\u00e1llalkoz\u00e1sok tartoztak ide. Az el\u0151tt\u00fcnk \u00e1ll\u00f3 12 h\u00f3nap sor\u00e1n m\u00e9g fontosabb lesz, hogy tiszt\u00e1ban legy\u00fcnk a tart\u00f3s j\u00f6vedelemn\u00f6veked\u00e9si potenci\u00e1l forr\u00e1saival. B\u00e1r azok a ter\u00fcletek, amelyeken a j\u00f6vedelemre nyom\u00e1s nehezedik, er\u0151sen alulteljes\u00edtettek, egyel\u0151re m\u00e9gsem t\u0171nnek el\u00e9g olcs\u00f3nak ahhoz, hogy \u00e9rdemes legyen miattuk strat\u00e9giai l\u00e9pt\u00e9kben \u00e1talak\u00edtani a portf\u00f3li\u00f3nkat.<br \/>\nRegion\u00e1lis szinten az USA munkaer\u0151piac\u00e1nak k\u00f6zelm\u00faltbeli meger\u0151s\u00f6d\u00e9se \u00fajabb \u00e9rvvel t\u00e1masztotta al\u00e1 a Fed kamatemel\u00e9s\u00e9t. S\u0151t, ahogy a piacok kezdt\u00e9k mind val\u00f3sz\u00edn\u0171bbnek l\u00e1tni a kamatemel\u00e9st, a reakci\u00f3 ink\u00e1bb pozit\u00edv volt, mint negat\u00edv. Ami a j\u00f6v\u0151t illeti, szerintem az USA kamatainak enyhe emelked\u00e9se nem lesz rossz hat\u00e1ssal a piacokra. A t\u00f6bbi r\u00e9gi\u00f3 k\u00f6z\u00fcl a felt\u00f6rekv\u0151 piacok a hossz\u00fa t\u00e1v\u00fa n\u00f6veked\u00e9si potenci\u00e1ljukhoz k\u00e9pest olcs\u00f3bbak, mint voltak, de n\u00e9h\u00e1nyuknak az \u00e1rupiaci \u00e1rak beszakad\u00e1sa \u00e1ltal el\u0151id\u00e9zett kih\u00edv\u00e1sokkal kell szemben\u00e9zni\u00fck. A gazdas\u00e1gi \u00e9s politikai kock\u00e1zatok n\u0151ttek. A k\u00ednai gazdas\u00e1g n\u00f6veked\u00e9s\u00e9nek lassul\u00e1sa j\u00f3l ismert t\u00e9ny, \u00e9s f\u0151leg az infrastruktur\u00e1lis kiad\u00e1sokhoz kapcsol\u00f3d\u00f3 \u00e1gazatokat \u00e9rinti. Ugyanakkor az alacsony \u00e9rt\u00e9kelts\u00e9gek miatt ez nem jelenti azt, hogy K\u00edna \u00e9s Hong Kong meg\u00edt\u00e9l\u00e9se egy\u00e9rtelm\u0171en negat\u00edv.<br \/>\nA t\u00e1gabb \u00f6sszef\u00fcgg\u00e9seket szeml\u00e9lve, a j\u00f6vedelmek alapj\u00e1n a piac dr\u00e1g\u00e1bb, mint egy \u00e9vvel ezel\u0151tt volt, de a r\u00e9szv\u00e9nyek sz\u00e1m\u00e1ra ism\u00e9t t\u00e1mogat\u00e1st jelent a t\u00f6bbi eszk\u00f6zoszt\u00e1lyhoz k\u00e9pest kedvez\u0151bb \u00e9rt\u00e9kelts\u00e9g\u00fck. Ennek alapj\u00e1n okkal felt\u00e9telezhet\u0151, hogy a v\u00e1llalati j\u00f6vedelmek 2016-ban glob\u00e1lis szinten csak szer\u00e9ny m\u00e9rt\u00e9kben n\u0151nek majd. A r\u00e9szv\u00e9nyv\u00e1logat\u00e1s sor\u00e1n azokra a v\u00e1llalatokra kell \u00f6sszpontos\u00edtani, amelyek k\u00f6z\u00e9pt\u00e1von egy\u00e9rtelm\u0171en a t\u00f6bbiek\u00e9n\u00e9l jobb nyeres\u00e9gn\u00f6veked\u00e9st tudnak felmutatni.<\/p>\n<p><strong>HILARY NATOFF, portf\u00f3li\u00f3 menedzser \u2013 FF Global Health Care , FF Global Demographics Alap<\/strong><br \/>\nA k\u00f6zelm\u00falt megn\u00f6vekedett volatilit\u00e1sa ellen\u00e9re der\u0171l\u00e1t\u00f3 vagyok az eg\u00e9szs\u00e9g\u00fcgyi szektor hossz\u00fa t\u00e1v\u00fa kil\u00e1t\u00e1saival kapcsolatban. V\u00e9lem\u00e9nyem szerint olyan K+F \u00e1tt\u00f6r\u00e9sek el\u0151tt \u00e1llunk, melyek a k\u00f6vetkez\u0151 5-10 \u00e9v sor\u00e1n teljesen \u00e1talak\u00edtj\u00e1k majd az orvostudom\u00e1nyt. \u00dagy l\u00e1tom, az eg\u00e9szs\u00e9g\u00fcgyi pap\u00edrok \u00e9rt\u00e9kelts\u00e9gei a hossz\u00fa t\u00e1v\u00fa historikus adatokat tekintve nem egyoldal\u00faan magasak a t\u00f6bbi \u00e1gazathoz k\u00e9pest, \u00e9s a k\u00f6vetkez\u0151kben eml\u00edtett struktur\u00e1lis t\u00e9nyez\u0151k tov\u00e1bbra is lehet\u0151v\u00e9 teszik majd a hossz\u00fa t\u00e1v\u00fa fejl\u0151d\u00e9st.<br \/>\nA vil\u00e1g n\u00e9pess\u00e9g\u00e9nek \u00f6reged\u00e9se, a megv\u00e1ltozott \u00e9letm\u00f3d \u00e9s az ehhez kapcsol\u00f3d\u00f3an mind gyakoribb\u00e1 v\u00e1l\u00f3 kr\u00f3nikus betegs\u00e9gek tov\u00e1bbra is garant\u00e1lj\u00e1k az eg\u00e9szs\u00e9g\u00fcgy ir\u00e1nti kereslet n\u00f6veked\u00e9s\u00e9t. A K+F termel\u00e9kenys\u00e9g\u00e9nek fokoz\u00f3d\u00e1sa \u00e9s a genom jobb meg\u00e9rt\u00e9se jav\u00edtotta az \u00e1gazat \u00e1ltal kifejtett tev\u00e9kenys\u00e9g \u00e1ltal\u00e1nos c\u00e9lir\u00e1nyoss\u00e1g\u00e1t, \u00e9s felgyors\u00edtotta az \u00faj gy\u00f3gyszerek piacra ker\u00fcl\u00e9s\u00e9t is.<br \/>\nMegn\u0151tt a fejl\u0151d\u0151 piacok gy\u00f3gyszerig\u00e9nye is, aminek hat\u00e1s\u00e1ra er\u0151teljesen javult a glob\u00e1lis eg\u00e9szs\u00e9g\u00fcgyi c\u00e9gek j\u00f6vedelmez\u0151s\u00e9ge.<br \/>\nA sajt\u00f3 r\u00e9szletesen besz\u00e1molt az USA emelked\u0151 gy\u00f3gyszer\u00e1rair\u00f3l, ez\u00e9rt fontosnak tartom, hogy kontextusba helyezz\u00fck a t\u00e9m\u00e1t. Nem vit\u00e1s, hogy az Egyes\u00fclt \u00c1llamokban dr\u00e1g\u00e1bbak a gy\u00f3gyszerek, mint a vil\u00e1g t\u00f6bbi r\u00e9sz\u00e9n, de ez \u00e9vek \u00f3ta \u00edgy van, \u00e9s r\u00e9sze az USA mag\u00e1n-eg\u00e9szs\u00e9g\u00fcgyi rendszere dinamik\u00e1j\u00e1nak. Az is k\u00e9ts\u00e9gtelen, hogy e t\u00e9ren r\u00f6vid t\u00e1von nem is v\u00e1rhat\u00f3 sok v\u00e1ltoz\u00e1s, amint azt az \u201eObamacare\u201d program korl\u00e1tozott hat\u00e1sa is bizony\u00edtja. A legval\u00f3sz\u00edn\u0171bb fejlem\u00e9ny tal\u00e1n az lesz, hogy a j\u00f6v\u0151ben nem lesznek a kor\u00e1bbiakhoz hasonl\u00f3, nagym\u00e9rt\u00e9k\u0171 \u00e1remelked\u00e9sek, de az egyes elemz\u0151k \u00e1ltal el\u0151re jelzett \u00e1rcs\u00f6kken\u00e9sre nem sz\u00e1m\u00edtok. Az \u00e9n szememben a gy\u00f3gyszer\u00e1r-emelked\u00e9s miatt a Valeantn\u00e1l tapasztalt k\u00f6zelm\u00faltbeli probl\u00e9m\u00e1k arra vil\u00e1g\u00edtanak r\u00e1, hogy m\u00e9g jobban oda kell figyeln\u00fcnk az egyes c\u00e9geket \u00e9rint\u0151 egyedi kock\u00e1zatokra, melyek k\u00f6z\u00e9pt\u00e1von komoly hat\u00e1ssal lehetnek a nyeres\u00e9gre. Szem\u00e9lyes kedvenceim a ritka betegs\u00e9gek kezel\u00e9s\u00e9re szolg\u00e1l\u00f3, \u00fan. \u00e1rva gy\u00f3gyszerek, melyek eddig lefedetlen gy\u00f3gy\u00e1szati ig\u00e9nyt el\u00e9g\u00edtenek ki \u2013 ezekre ugyanis kisebb \u00e1rnyom\u00e1s hat. Azt is \u00e9rdemes megeml\u00edteni, hogy \u00e9n viszonylag \u00f3vatosan kezelem a biotech-\u00e1gazatba, f\u0151leg a kisebb, m\u00e9g nem bizony\u00edtott v\u00e1llalatokba t\u00f6rt\u00e9n\u0151 befektet\u00e9sek k\u00e9rd\u00e9s\u00e9t.<br \/>\n2016 az eg\u00e9szs\u00e9g\u00fcgyi \u00e1gazat fejl\u0151d\u00e9s\u00e9nek \u00fajabb fontos \u00e1llom\u00e1sa lesz. Az alacsony kamatok kedvez\u0151en hatnak majd a tov\u00e1bbi v\u00e1llalatfelv\u00e1s\u00e1rl\u00e1si tev\u00e9kenys\u00e9gre, \u00e9s a nagy gy\u00f3gyszeripari c\u00e9gek tov\u00e1bbra is el\u0151szeretettel fogj\u00e1k felv\u00e1s\u00e1rolni az \u00faj gy\u00f3gyszerek kifejleszt\u00e9s\u00e9n dolgoz\u00f3, innovat\u00edv v\u00e1llalkoz\u00e1sokat. A hum\u00e1n genom szekvenci\u00e1j\u00e1nak meghat\u00e1roz\u00e1sa \u00e9s a c\u00e9lzottabb K+F tev\u00e9kenys\u00e9g hat\u00e1s\u00e1ra n\u0151ni fog az enged\u00e9lyezett \u00faj gy\u00f3gyszerek sz\u00e1ma is. Szorosabb\u00e1 v\u00e1lik a technol\u00f3giai \u00e9s az eg\u00e9szs\u00e9g\u00fcgy ter\u00fclet\u00e9n m\u0171k\u00f6d\u0151 v\u00e1llalatok k\u00f6z\u00f6tti kapcsolat is, mivel e k\u00e9t \u00e1gazat kor\u00e1bban soha nem l\u00e1tott intenzit\u00e1s\u00fa egy\u00fcttm\u0171k\u00f6d\u00e9sbe kezdett. V\u00e9g\u00fcl megeml\u00edten\u00e9m, hogy az eg\u00e9szs\u00e9g\u00fcgyi \u00e1gazat szil\u00e1rd t\u00f6rt\u00e9nelmi alapokon nyugszik, ez\u00e9rt ellen tud \u00e1llni az olyan jelleg\u0171 piaci volatilit\u00e1snak, melynek okai nem mag\u00e1ban az \u00e1gazatban keresend\u0151k.<\/p>\n<p><strong>A Fidelity International-r\u0151l\t<\/strong><\/p>\n<p>A vil\u00e1gszerte 231,5 milli\u00e1rd eur\u00f3 \u00e9rt\u00e9kben kezelt eszk\u00f6z\u00f6kkel (Assets under Management) \u00e9s 72,5 milli\u00e1rd eur\u00f3 \u00e9rt\u00e9k\u0171 adminisztr\u00e1lt eszk\u00f6z\u00f6kkel (Assets under Administration) rendelkez\u0151 Fidelity minden r\u00e9gi\u00f3t, ipari \u00e1gazatot \u00e9s befektet\u00e9si oszt\u00e1lyt lefed\u0151, akt\u00edvan kezelt befektet\u00e9si megold\u00e1sokat k\u00edn\u00e1l. C\u00e9lcsoportjai k\u00f6z\u00f6tt a mag\u00e1nbefektet\u0151k mellett megtal\u00e1lhat\u00f3k p\u00e9nz\u00fcgyi tan\u00e1csad\u00f3k, vagyonkezel\u0151k, p\u00e9nzint\u00e9zetek, v\u00e1llalkoz\u00e1sok \u00e9s int\u00e9zm\u00e9nyi befektet\u0151k is. A FIL Limited m\u00e1rk\u00e1jak\u00e9nt m\u0171k\u00f6d\u0151 Fidelity International t\u00f6bb mint hatezer munkat\u00e1rsat foglakoztat a vil\u00e1g 25 orsz\u00e1g\u00e1ban. A v\u00e1llalat 1969-es alap\u00edt\u00e1sa \u00f3ta mag\u00e1ntulajdonban van, amelynek meghat\u00e1roz\u00f3 el\u0151nye, hogy nem kell a r\u00e9szv\u00e9nyesek r\u00f6vid t\u00e1v\u00fa \u00e9rdekeihez igazodnia, hanem a befektet\u0151k hossz\u00fa t\u00e1v\u00fa \u00e9rdekeire tud \u00f6sszpontos\u00edtani. A Fidelity International az osztr\u00e1k, cseh, szlov\u00e1k \u00e9s magyar \u00fcgyfelek \u00f6sszesen 2,13 milli\u00e1rd eur\u00f3s alap-vagyon\u00e1t kezeli. A Fidelity International m\u00e1rkan\u00e9v alatt, az osztr\u00e1k, a cseh, a szlov\u00e1k \u00e9s a magyar kooper\u00e1ci\u00f3s partnereken kereszt\u00fcl 138 nyilv\u00e1nos alapot \u00e9rt\u00e9kes\u00edtenek.<\/p>\n","protected":false},"excerpt":{"rendered":"<p>A Fidelity International glob\u00e1lis alapjainak portf\u00f3li\u00f3 menedzserei m\u00e1r a 2016-os \u00e9vre koncentr\u00e1lnak, Dan Roberts, Jeremy Podger \u00e9s Hilary Natoff a glob\u00e1lis befektet\u00e9sekhez adnak tan\u00e1csot, \u00e9s elmondj\u00e1k, mit v\u00e1rnak j\u00f6v\u0151re a glob\u00e1lis piacokon.<\/p>\n","protected":false},"author":1,"featured_media":39971,"comment_status":"open","ping_status":"closed","sticky":false,"template":"","format":"standard","meta":[],"categories":[146,301,8],"tags":[],"_links":{"self":[{"href":"https:\/\/gazdasagportal.hu\/index.php\/wp-json\/wp\/v2\/posts\/72060"}],"collection":[{"href":"https:\/\/gazdasagportal.hu\/index.php\/wp-json\/wp\/v2\/posts"}],"about":[{"href":"https:\/\/gazdasagportal.hu\/index.php\/wp-json\/wp\/v2\/types\/post"}],"author":[{"embeddable":true,"href":"https:\/\/gazdasagportal.hu\/index.php\/wp-json\/wp\/v2\/users\/1"}],"replies":[{"embeddable":true,"href":"https:\/\/gazdasagportal.hu\/index.php\/wp-json\/wp\/v2\/comments?post=72060"}],"version-history":[{"count":1,"href":"https:\/\/gazdasagportal.hu\/index.php\/wp-json\/wp\/v2\/posts\/72060\/revisions"}],"predecessor-version":[{"id":72061,"href":"https:\/\/gazdasagportal.hu\/index.php\/wp-json\/wp\/v2\/posts\/72060\/revisions\/72061"}],"wp:featuredmedia":[{"embeddable":true,"href":"https:\/\/gazdasagportal.hu\/index.php\/wp-json\/wp\/v2\/media\/39971"}],"wp:attachment":[{"href":"https:\/\/gazdasagportal.hu\/index.php\/wp-json\/wp\/v2\/media?parent=72060"}],"wp:term":[{"taxonomy":"category","embeddable":true,"href":"https:\/\/gazdasagportal.hu\/index.php\/wp-json\/wp\/v2\/categories?post=72060"},{"taxonomy":"post_tag","embeddable":true,"href":"https:\/\/gazdasagportal.hu\/index.php\/wp-json\/wp\/v2\/tags?post=72060"}],"curies":[{"name":"wp","href":"https:\/\/api.w.org\/{rel}","templated":true}]}}