{"id":71977,"date":"2015-12-14T07:10:27","date_gmt":"2015-12-14T06:10:27","guid":{"rendered":"http:\/\/gazdasagportal.hu\/?p=71977"},"modified":"2015-12-14T07:10:27","modified_gmt":"2015-12-14T06:10:27","slug":"a-quaestor-torveny-es-a-lakasepites-afacsokkentese-is-napirendre-kerulhet","status":"publish","type":"post","link":"https:\/\/gazdasagportal.hu\/index.php\/a-quaestor-torveny-es-a-lakasepites-afacsokkentese-is-napirendre-kerulhet\/","title":{"rendered":"A Quaestor-t\u00f6rv\u00e9ny \u00e9s a lak\u00e1s\u00e9p\u00edt\u00e9s \u00e1facs\u00f6kkent\u00e9se is napirendre ker\u00fclhet"},"content":{"rendered":"<p><strong>A k\u00e9pvisel\u0151k az \u00faj Quaestor-t\u00f6rv\u00e9nyr\u0151l sz\u00f3l\u00f3 javaslat mellett a korm\u00e1nyf\u0151 t\u00e1j\u00e9koztat\u00e1sa alapj\u00e1n ak\u00e1r a lak\u00e1s\u00e9p\u00edt\u00e9s \u00e1facs\u00f6kkent\u00e9s\u00e9t is napirendre vehetik ma az Orsz\u00e1ggy\u0171l\u00e9sben.<\/strong><!--more--><\/p>\n<div class=\"ads-in-post1\"><div id=\"gazdasagportal.hu_fullbanner_wideboard\"><\/div>\r\n<\/div>\n<p>        Az \u00fcl\u00e9snap a h\u00e1zeln\u00f6k el\u0151zetes napirendi javaslata alapj\u00e1n 13 \u00f3rakor, napirend el\u0151tti felsz\u00f3lal\u00e1sokkal kezd\u0151dik. Ezut\u00e1n a k\u00e9pvisel\u0151knek arr\u00f3l kell d\u00f6nteni\u00fck, hogy a h\u00e1zszab\u00e1lyt\u00f3l elt\u00e9rve ma megt\u00e1rgyalj\u00e1k, kedden pedig m\u00e1r szavazzanak is az \u00faj Quaestor-t\u00f6rv\u00e9nyr\u0151l sz\u00f3l\u00f3 javaslatr\u00f3l, amely tartalmazza a kor\u00e1bban alkotm\u00e1nyellenesnek nyilv\u00e1n\u00edtott pontok m\u00f3dos\u00edt\u00e1s\u00e1t, \u00edgy az igazs\u00e1g\u00fcgyi miniszter szerint lehet\u0151v\u00e9 teszi a k\u00e1rosultak gyorsabb \u00e9s kisz\u00e1m\u00edthat\u00f3bb k\u00e1renyh\u00edt\u00e9s\u00e9t. A H\u00e1z abban az esetben fogadhatja el kedden az ind\u00edtv\u00e1nyt, amennyiben a k\u00e9pvisel\u0151k n\u00e9gy\u00f6t\u00f6de hozz\u00e1j\u00e1rul a h\u00e1zszab\u00e1lyt\u00f3l t\u00f6rt\u00e9n\u0151 elt\u00e9r\u00e9shez.         Orb\u00e1n Viktor minisztereln\u00f6k a Fidesz vas\u00e1rnapi kongresszus\u00e1n jelentette be, hogy m\u00e1r ma parlament el\u00e9 ker\u00fcl azon javaslatuk, amely a k\u00f6vetkez\u0151 n\u00e9gy \u00e9vben 27-r\u0151l 5 sz\u00e1zal\u00e9kra cs\u00f6kkenten\u00e9 a lak\u00e1s\u00e9p\u00edt\u00e9s \u00e1f\u00e1j\u00e1t. A fentiek szerinti h\u00e1zszab\u00e1lyt\u00f3l t\u00f6rt\u00e9n\u0151 elt\u00e9r\u00e9s eset\u00e9n ezt az ind\u00edtv\u00e1nyt is elfogadhatj\u00e1k ak\u00e1r m\u00e1r kedden.         Az els\u0151 \u00fcl\u00e9snap tov\u00e1bbi r\u00e9sz\u00e9ben a m\u00e1snap elfogadni tervezett javaslatokat vitathatj\u00e1k utolj\u00e1ra a k\u00e9pvisel\u0151k.<br \/>\n    Kedden, az \u0151szi \u00fcl\u00e9sszak utols\u00f3 \u00fcl\u00e9snapj\u00e1n \u00edgy \u00f6sszesen imm\u00e1ron ak\u00e1r 26 el\u0151terjeszt\u00e9st is elfogadhatnak a k\u00e9pvisel\u0151k, az eml\u00edtett k\u00e9t javaslat mellett p\u00e9ld\u00e1ul a bankad\u00f3 cs\u00f6kkent\u00e9s\u00e9t is.(MTI)<\/p>\n","protected":false},"excerpt":{"rendered":"<p>A k\u00e9pvisel\u0151k az \u00faj Quaestor-t\u00f6rv\u00e9nyr\u0151l sz\u00f3l\u00f3 javaslat mellett a korm\u00e1nyf\u0151 t\u00e1j\u00e9koztat\u00e1sa alapj\u00e1n ak\u00e1r a lak\u00e1s\u00e9p\u00edt\u00e9s \u00e1facs\u00f6kkent\u00e9s\u00e9t is napirendre vehetik ma az Orsz\u00e1ggy\u0171l\u00e9sben.<\/p>\n","protected":false},"author":1,"featured_media":0,"comment_status":"open","ping_status":"closed","sticky":false,"template":"","format":"standard","meta":[],"categories":[19],"tags":[],"_links":{"self":[{"href":"https:\/\/gazdasagportal.hu\/index.php\/wp-json\/wp\/v2\/posts\/71977"}],"collection":[{"href":"https:\/\/gazdasagportal.hu\/index.php\/wp-json\/wp\/v2\/posts"}],"about":[{"href":"https:\/\/gazdasagportal.hu\/index.php\/wp-json\/wp\/v2\/types\/post"}],"author":[{"embeddable":true,"href":"https:\/\/gazdasagportal.hu\/index.php\/wp-json\/wp\/v2\/users\/1"}],"replies":[{"embeddable":true,"href":"https:\/\/gazdasagportal.hu\/index.php\/wp-json\/wp\/v2\/comments?post=71977"}],"version-history":[{"count":1,"href":"https:\/\/gazdasagportal.hu\/index.php\/wp-json\/wp\/v2\/posts\/71977\/revisions"}],"predecessor-version":[{"id":71978,"href":"https:\/\/gazdasagportal.hu\/index.php\/wp-json\/wp\/v2\/posts\/71977\/revisions\/71978"}],"wp:attachment":[{"href":"https:\/\/gazdasagportal.hu\/index.php\/wp-json\/wp\/v2\/media?parent=71977"}],"wp:term":[{"taxonomy":"category","embeddable":true,"href":"https:\/\/gazdasagportal.hu\/index.php\/wp-json\/wp\/v2\/categories?post=71977"},{"taxonomy":"post_tag","embeddable":true,"href":"https:\/\/gazdasagportal.hu\/index.php\/wp-json\/wp\/v2\/tags?post=71977"}],"curies":[{"name":"wp","href":"https:\/\/api.w.org\/{rel}","templated":true}]}}