{"id":71975,"date":"2015-12-14T04:04:35","date_gmt":"2015-12-14T03:04:35","guid":{"rendered":"http:\/\/gazdasagportal.hu\/?p=71975"},"modified":"2015-12-13T21:25:12","modified_gmt":"2015-12-13T20:25:12","slug":"megtamadtak-a-facebook-nemetorszagi-kozpontjat","status":"publish","type":"post","link":"https:\/\/gazdasagportal.hu\/index.php\/megtamadtak-a-facebook-nemetorszagi-kozpontjat\/","title":{"rendered":"Megt\u00e1madt\u00e1k a Facebook n\u00e9metorsz\u00e1gi k\u00f6zpontj\u00e1t"},"content":{"rendered":"<p><strong>Ismeretlenek Hamburgban megt\u00e1madt\u00e1k a Facebook k\u00f6z\u00f6ss\u00e9gi port\u00e1lt \u00fczemeltet\u0151 t\u00e1rsas\u00e1g n\u00e9metorsz\u00e1gi sz\u00e9kh\u00e1z\u00e1t &#8211; k\u00f6z\u00f6lte vas\u00e1rnap a helyi rend\u0151rs\u00e9g.<\/strong><!--more--><\/p>\n<div class=\"ads-in-post1\"><div id=\"gazdasagportal.hu_fullbanner_wideboard\"><\/div>\r\n<\/div>\n<p>    <div id=\"attachment_669\" style=\"width: 310px\" class=\"wp-caption alignleft\"><a href=\"https:\/\/gazdasagportal.hu\/wp-content\/uploads\/2013\/01\/facebook.jpg\"><img aria-describedby=\"caption-attachment-669\" decoding=\"async\" loading=\"lazy\" src=\"https:\/\/gazdasagportal.hu\/wp-content\/uploads\/2013\/01\/facebook-300x187.jpg\" alt=\"Facobook\" width=\"300\" height=\"187\" class=\"size-medium wp-image-669\" srcset=\"https:\/\/gazdasagportal.hu\/wp-content\/uploads\/2013\/01\/facebook-300x187.jpg 300w, https:\/\/gazdasagportal.hu\/wp-content\/uploads\/2013\/01\/facebook.jpg 480w\" sizes=\"(max-width: 300px) 100vw, 300px\" \/><\/a><p id=\"caption-attachment-669\" class=\"wp-caption-text\">Facobook<\/p><\/div>Az irodah\u00e1zat egy 15-20 f\u0151s csoport t\u00e1madta meg vas\u00e1rnapra virrad\u00f3 \u00e9jjel, a maszkot visel\u0151 emberek k\u00f6vekkel, f\u00fcstbomb\u00e1kkal \u00e9s fest\u00e9kkel t\u00f6lt\u00f6tt palackokkal dob\u00e1lt\u00e1k meg az \u00e9p\u00fcletet, megrong\u00e1ltak ajt\u00f3kat \u00e9s ablakokat, a bej\u00e1ratn\u00e1l pedig fest\u00e9ksz\u00f3r\u00f3val fel\u00edrt\u00e1k a falra, hogy &#8222;Facebook dislike&#8221; (Nem tetszik a Facebook), utalva a port\u00e1lon haszn\u00e1latos &#8222;like&#8221; (&#8222;tetszik&#8221;) gombra.<br \/>\n    A t\u00e1mad\u00f3k elmenek\u00fcltek, az eset h\u00e1ttere egyel\u0151re nem ismert.<br \/>\n    A hamburgi \u00fcgy\u00e9szs\u00e9g novemberben elj\u00e1r\u00e1st ind\u00edtott a t\u00e1rsas\u00e1g \u00fcgyvezet\u0151ivel szemben, miut\u00e1n egy \u00fcgyv\u00e9d a port\u00e1lon megjelen\u0151 gy\u0171l\u00f6lk\u00f6d\u0151 tartalmak miatt feljelent\u00e9st tett a Facebook ellen.<br \/>\n    A port\u00e1lt N\u00e9metorsz\u00e1gban sz\u00e9les k\u00f6rben kritiz\u00e1lj\u00e1k, a b\u00edr\u00e1l\u00f3k &#8211; k\u00f6zt\u00fck Heiko Maas sz\u00f6vets\u00e9gi igazs\u00e1g\u00fcgyi miniszter &#8211; szerint a Facebook nem l\u00e9p fel kell\u0151k\u00e9ppen az idegenellenes, rasszista, antiszemita bejegyz\u00e9sek, komment\u00e1rok ellen.(MTI)<\/p>\n","protected":false},"excerpt":{"rendered":"<p>Ismeretlenek Hamburgban megt\u00e1madt\u00e1k a Facebook k\u00f6z\u00f6ss\u00e9gi port\u00e1lt \u00fczemeltet\u0151 t\u00e1rsas\u00e1g n\u00e9metorsz\u00e1gi sz\u00e9kh\u00e1z\u00e1t &#8211; k\u00f6z\u00f6lte vas\u00e1rnap a helyi rend\u0151rs\u00e9g.<\/p>\n","protected":false},"author":1,"featured_media":669,"comment_status":"open","ping_status":"closed","sticky":false,"template":"","format":"standard","meta":[],"categories":[146,136,8],"tags":[],"_links":{"self":[{"href":"https:\/\/gazdasagportal.hu\/index.php\/wp-json\/wp\/v2\/posts\/71975"}],"collection":[{"href":"https:\/\/gazdasagportal.hu\/index.php\/wp-json\/wp\/v2\/posts"}],"about":[{"href":"https:\/\/gazdasagportal.hu\/index.php\/wp-json\/wp\/v2\/types\/post"}],"author":[{"embeddable":true,"href":"https:\/\/gazdasagportal.hu\/index.php\/wp-json\/wp\/v2\/users\/1"}],"replies":[{"embeddable":true,"href":"https:\/\/gazdasagportal.hu\/index.php\/wp-json\/wp\/v2\/comments?post=71975"}],"version-history":[{"count":1,"href":"https:\/\/gazdasagportal.hu\/index.php\/wp-json\/wp\/v2\/posts\/71975\/revisions"}],"predecessor-version":[{"id":71976,"href":"https:\/\/gazdasagportal.hu\/index.php\/wp-json\/wp\/v2\/posts\/71975\/revisions\/71976"}],"wp:featuredmedia":[{"embeddable":true,"href":"https:\/\/gazdasagportal.hu\/index.php\/wp-json\/wp\/v2\/media\/669"}],"wp:attachment":[{"href":"https:\/\/gazdasagportal.hu\/index.php\/wp-json\/wp\/v2\/media?parent=71975"}],"wp:term":[{"taxonomy":"category","embeddable":true,"href":"https:\/\/gazdasagportal.hu\/index.php\/wp-json\/wp\/v2\/categories?post=71975"},{"taxonomy":"post_tag","embeddable":true,"href":"https:\/\/gazdasagportal.hu\/index.php\/wp-json\/wp\/v2\/tags?post=71975"}],"curies":[{"name":"wp","href":"https:\/\/api.w.org\/{rel}","templated":true}]}}